{"id":6037,"date":"2015-07-17T14:13:53","date_gmt":"2015-07-17T17:13:53","guid":{"rendered":"http:\/\/catolicanet.net\/wp-cnet\/primeiro-hotel-atendido-so-por-jovens-com-sindrome-de-down\/"},"modified":"2017-04-10T14:25:27","modified_gmt":"2017-04-10T17:25:27","slug":"primeiro-hotel-atendido-so-por-jovens-com-sindrome-de-down","status":"publish","type":"post","link":"https:\/\/catolicanet.net\/wp-cnet\/primeiro-hotel-atendido-so-por-jovens-com-sindrome-de-down\/","title":{"rendered":"Primeiro hotel atendido s\u00f3 por jovens com S\u00edndrome de Down"},"content":{"rendered":"<p style=\"text-align: justify;\"><img decoding=\"async\" src=\"http:\/\/catolicanet.com.br\/images\/stories\/geral\/sindrome.jpg\" border=\"0\" align=\"left\" \/>Eles administram o Albergo Etico, hotel 3 estrelas da It\u00e1lia com 60 leitos e restaurante para 50 pessoas<br \/>A m\u00e1 forma\u00e7\u00e3o do feto, que tem servido como tentativa de justifica\u00e7\u00e3o do aborto, \u00e9 um conceito el\u00e1stico que chega a incluir at\u00e9 os beb\u00eas com S\u00edndrome de Down.<\/p>\n<p>Colocando pela en\u00e9sima vez em cheque a miopia e a mesquinhez dessa vis\u00e3o eug\u00eanica, foi aberto na prov\u00edncia italiana de Asti o Albergo Etico, um hotel atendido e administrado somente por jovens afetados pela s\u00edndrome.<\/p>\n<p>Trata-se de um hotel 3 estrelas, inaugurado em 18 de junho \u2013 mas dentro de um ano, os diretores esperam transform\u00e1-lo em um 4 estrelas. Situado no cora\u00e7\u00e3o da cidade, perto do arborizado Parque da Resist\u00eancia, o hotel tem 26 quartos e 60 camas, um restaurante com capacidade para 50 pessoas, um jardim e uma \u00e1rea de trabalho para os h\u00f3spedes.<\/p>\n<p>Segundo o jornal italiano La Repubblica, al\u00e9m da possibilidade de acumular experi\u00eancia, os jovens funcion\u00e1rios do hotel aprendem a viver sozinhos, a gerir o pr\u00f3prio sal\u00e1rio e a trabalhar em grupo. &#8220;A inten\u00e7\u00e3o \u00e9 formar novos profissionais no setor tur\u00edstico da It\u00e1lia, ajudando-os a conquistar a autonomia pessoal indispens\u00e1vel para vencer no mundo do trabalho&#8221;, destaca a publica\u00e7\u00e3o.<\/p>\n<p>O projeto do Albergo Etico nasceu em torno a Nicola, um jovem com S\u00edndrome de Down que, algum tempo atr\u00e1s, trabalhou no restaurante Tacabanda, tamb\u00e9m na cidade de Asti e ligado ao hotel. A experi\u00eancia de Nicola mudou a vida dele e a de muitos dos seus companheiros da Casa Montessori, um lar para jovens com a s\u00edndrome. Eles criaram a Associa\u00e7\u00e3o Alberto Etico e, a partir dela, estabeleceram o projeto do hotel que foi concretizado neste ano.<\/p>\n<p>Naturalmente, o fato de n\u00e3o ter sido abortado foi de consider\u00e1vel relev\u00e2ncia para que Nicola pudesse mostrar seus talentos&#8230;<\/p>\n<p style=\"text-align: justify;\">Fonte: Aleteia<\/p>\n","protected":false},"excerpt":{"rendered":"<p>Eles administram o Albergo Etico, hotel 3 estrelas da It\u00e1lia com 60 leitos e restaurante para 50 pessoasA m\u00e1 forma\u00e7\u00e3o do feto, que tem servido como tentativa de justifica\u00e7\u00e3o do aborto, \u00e9 um conceito el\u00e1stico que chega a incluir at\u00e9 os beb\u00eas com S\u00edndrome de Down. Colocando pela en\u00e9sima vez em cheque a miopia e [&hellip;]<\/p>\n","protected":false},"author":1,"featured_media":0,"comment_status":"closed","ping_status":"closed","sticky":false,"template":"","format":"standard","meta":{"footnotes":""},"categories":[4],"tags":[],"class_list":["post-6037","post","type-post","status-publish","format-standard","hentry","category-cotidiano"],"_links":{"self":[{"href":"https:\/\/catolicanet.net\/wp-cnet\/wp-json\/wp\/v2\/posts\/6037","targetHints":{"allow":["GET"]}}],"collection":[{"href":"https:\/\/catolicanet.net\/wp-cnet\/wp-json\/wp\/v2\/posts"}],"about":[{"href":"https:\/\/catolicanet.net\/wp-cnet\/wp-json\/wp\/v2\/types\/post"}],"author":[{"embeddable":true,"href":"https:\/\/catolicanet.net\/wp-cnet\/wp-json\/wp\/v2\/users\/1"}],"replies":[{"embeddable":true,"href":"https:\/\/catolicanet.net\/wp-cnet\/wp-json\/wp\/v2\/comments?post=6037"}],"version-history":[{"count":1,"href":"https:\/\/catolicanet.net\/wp-cnet\/wp-json\/wp\/v2\/posts\/6037\/revisions"}],"predecessor-version":[{"id":10901,"href":"https:\/\/catolicanet.net\/wp-cnet\/wp-json\/wp\/v2\/posts\/6037\/revisions\/10901"}],"wp:attachment":[{"href":"https:\/\/catolicanet.net\/wp-cnet\/wp-json\/wp\/v2\/media?parent=6037"}],"wp:term":[{"taxonomy":"category","embeddable":true,"href":"https:\/\/catolicanet.net\/wp-cnet\/wp-json\/wp\/v2\/categories?post=6037"},{"taxonomy":"post_tag","embeddable":true,"href":"https:\/\/catolicanet.net\/wp-cnet\/wp-json\/wp\/v2\/tags?post=6037"}],"curies":[{"name":"wp","href":"https:\/\/api.w.org\/{rel}","templated":true}]}}