{"id":60353,"date":"2020-06-30T09:33:32","date_gmt":"2020-06-30T12:33:32","guid":{"rendered":"https:\/\/catolicanet.net\/wp-cnet\/?p=60353"},"modified":"2020-06-30T12:34:38","modified_gmt":"2020-06-30T15:34:38","slug":"papa-esta-informado-sobre-abusos-na-polonia-culpados-devem-ser-punidos","status":"publish","type":"post","link":"https:\/\/catolicanet.net\/wp-cnet\/papa-esta-informado-sobre-abusos-na-polonia-culpados-devem-ser-punidos\/","title":{"rendered":"Papa est\u00e1 informado sobre abusos na Pol\u00f4nia: culpados devem ser punidos"},"content":{"rendered":"<p style=\"text-align: justify;\">Cruz nas proximidades da igreja em Kalinowka, Pol\u00f4nia<\/p>\n<div class=\"article__subTitle\" style=\"text-align: justify;\">O diretor da Sala de Imprensa da Santa S\u00e9 respondeu aos jornalistas ap\u00f3s o apelo de um grupo de fi\u00e9is poloneses publicado no jornal &#8220;La Repubblica&#8221;. &#8220;A Igreja deve fazer todo o poss\u00edvel para que os casos de abusos venham \u00e0 tona&#8221;<\/div>\n<div class=\"title__separator\" style=\"text-align: justify;\"><\/div>\n<div class=\"article__text\">\n<p style=\"text-align: justify;\"><b>Vatican News<\/b><\/p>\n<div style=\"text-align: justify;\">\n<div class=\"article__embed article__embed--unwrap article__embed--dark\">\n<div class=\"article__innerTitle\">Ou\u00e7a e compartilhe!<\/div>\n<div>\n<!--[if lt IE 9]><script>document.createElement('audio');<\/script><![endif]-->\n<audio class=\"wp-audio-shortcode\" id=\"audio-60353-1\" preload=\"none\" style=\"width: 100%;\" controls=\"controls\"><source type=\"audio\/mpeg\" src=\"https:\/\/media.vaticannews.va\/media\/audio\/s1\/2020\/06\/30\/12\/135643160_F135643160.mp3?_=1\" \/><a href=\"https:\/\/media.vaticannews.va\/media\/audio\/s1\/2020\/06\/30\/12\/135643160_F135643160.mp3\">https:\/\/media.vaticannews.va\/media\/audio\/s1\/2020\/06\/30\/12\/135643160_F135643160.mp3<\/a><\/audio>\n<\/div>\n<\/div>\n<\/div>\n<p style=\"text-align: justify;\">&#8220;O Santo Padre est\u00e1 informado sobre o apelo e reza por aqueles que o fizeram. Toda a Igreja deve fazer o poss\u00edvel para que seja aplicada a legisla\u00e7\u00e3o can\u00f4nica, para que os casos de abusos venham \u00e0 tona e os culpados por esses crimes graves sejam punidos&#8221;.<\/p>\n<p style=\"text-align: justify;\">Com essas palavras, o diretor da Sala de Imprensa da Santa S\u00e9, Matteo Bruni, respondeu aos jornalistas que o interpelaram, pedindo para comentar o apelo publicado por 635 fi\u00e9is poloneses no jornal italiano &#8220;La Repubblica&#8221; na manh\u00e3 de segunda-feira, 29 de junho.<\/p>\n<p style=\"text-align: justify;\">&#8220;Santo Padre Francisco! Reconstr\u00f3i a nossa igreja! &#8221; \u00e9 o t\u00edtulo do apelo. &#8220;N\u00f3s te suplicamos! Olhe com aten\u00e7\u00e3o para a Igreja na Pol\u00f4nia, onde ocorreram casos de pedofilia, e a lealdade \u00e0 institui\u00e7\u00e3o \u00e9 cega e surda, mais importante que o bem das v\u00edtimas&#8221;, escreveram os signat\u00e1rios ao Papa.<\/p>\n<p style=\"text-align: justify;\">O grupo de poloneses reclama &#8220;da falta de uma rea\u00e7\u00e3o decisiva da hierarquia eclesi\u00e1stica&#8221; e enfatiza que certos comportamentos afetam a unidade da Igreja&#8221;, porque nos divide entre os que se preocupam com a imagem da institui\u00e7\u00e3o e os que se preocupam com o bem das v\u00edtimas&#8221;.<\/p>\n<\/div>\n","protected":false},"excerpt":{"rendered":"<p>Cruz nas proximidades da igreja em Kalinowka, Pol\u00f4nia O diretor da Sala de Imprensa da Santa S\u00e9 respondeu aos jornalistas ap\u00f3s o apelo de um grupo de fi\u00e9is poloneses publicado no jornal &#8220;La Repubblica&#8221;. &#8220;A Igreja deve fazer todo o poss\u00edvel para que os casos de abusos venham \u00e0 tona&#8221; Vatican News Ou\u00e7a e compartilhe! [&hellip;]<\/p>\n","protected":false},"author":1,"featured_media":60354,"comment_status":"open","ping_status":"closed","sticky":false,"template":"","format":"standard","meta":{"footnotes":""},"categories":[3],"tags":[],"class_list":["post-60353","post","type-post","status-publish","format-standard","has-post-thumbnail","hentry","category-vaticano"],"_links":{"self":[{"href":"https:\/\/catolicanet.net\/wp-cnet\/wp-json\/wp\/v2\/posts\/60353","targetHints":{"allow":["GET"]}}],"collection":[{"href":"https:\/\/catolicanet.net\/wp-cnet\/wp-json\/wp\/v2\/posts"}],"about":[{"href":"https:\/\/catolicanet.net\/wp-cnet\/wp-json\/wp\/v2\/types\/post"}],"author":[{"embeddable":true,"href":"https:\/\/catolicanet.net\/wp-cnet\/wp-json\/wp\/v2\/users\/1"}],"replies":[{"embeddable":true,"href":"https:\/\/catolicanet.net\/wp-cnet\/wp-json\/wp\/v2\/comments?post=60353"}],"version-history":[{"count":1,"href":"https:\/\/catolicanet.net\/wp-cnet\/wp-json\/wp\/v2\/posts\/60353\/revisions"}],"predecessor-version":[{"id":60355,"href":"https:\/\/catolicanet.net\/wp-cnet\/wp-json\/wp\/v2\/posts\/60353\/revisions\/60355"}],"wp:featuredmedia":[{"embeddable":true,"href":"https:\/\/catolicanet.net\/wp-cnet\/wp-json\/wp\/v2\/media\/60354"}],"wp:attachment":[{"href":"https:\/\/catolicanet.net\/wp-cnet\/wp-json\/wp\/v2\/media?parent=60353"}],"wp:term":[{"taxonomy":"category","embeddable":true,"href":"https:\/\/catolicanet.net\/wp-cnet\/wp-json\/wp\/v2\/categories?post=60353"},{"taxonomy":"post_tag","embeddable":true,"href":"https:\/\/catolicanet.net\/wp-cnet\/wp-json\/wp\/v2\/tags?post=60353"}],"curies":[{"name":"wp","href":"https:\/\/api.w.org\/{rel}","templated":true}]}}