{"id":60350,"date":"2020-06-30T09:31:13","date_gmt":"2020-06-30T12:31:13","guid":{"rendered":"https:\/\/catolicanet.net\/wp-cnet\/?p=60350"},"modified":"2020-06-30T12:33:05","modified_gmt":"2020-06-30T15:33:05","slug":"papa-nomeia-comissario-extraordinario-para-fabrica-de-sao-pedro","status":"publish","type":"post","link":"https:\/\/catolicanet.net\/wp-cnet\/papa-nomeia-comissario-extraordinario-para-fabrica-de-sao-pedro\/","title":{"rendered":"Papa nomeia Comiss\u00e1rio extraordin\u00e1rio para F\u00e1brica de S\u00e3o Pedro"},"content":{"rendered":"<p style=\"text-align: justify;\">Bas\u00edlica de S\u00e3o Pedro na Solenidade dos SS Pedro e Paulo\u00a0 (Vatican Media)<\/p>\n<div class=\"article__subTitle\" style=\"text-align: justify;\">O Papa nomeia o N\u00fancio Mario Giordana como Comiss\u00e1rio Extraordin\u00e1rio que ter\u00e1 o encargo de esclarecer a administra\u00e7\u00e3o da F\u00e1brica e atualizar seus Estatutos. Na manh\u00e3 desta ter\u00e7a-feira foram apreendidos computadores e materiais nos escrit\u00f3rios t\u00e9cnicos e administrativos.<\/div>\n<div class=\"title__separator\" style=\"text-align: justify;\"><\/div>\n<div class=\"article__text\">\n<p style=\"text-align: justify;\"><b>Vatican News<\/b><\/p>\n<div style=\"text-align: justify;\">\n<div class=\"article__embed article__embed--unwrap article__embed--dark\">\n<div class=\"article__innerTitle\">Ou\u00e7a e compartilhe!<\/div>\n<div>\n<!--[if lt IE 9]><script>document.createElement('audio');<\/script><![endif]-->\n<audio class=\"wp-audio-shortcode\" id=\"audio-60350-1\" preload=\"none\" style=\"width: 100%;\" controls=\"controls\"><source type=\"audio\/mpeg\" src=\"https:\/\/media.vaticannews.va\/media\/audio\/s1\/2020\/06\/30\/12\/135643166_F135643166.mp3?_=1\" \/><a href=\"https:\/\/media.vaticannews.va\/media\/audio\/s1\/2020\/06\/30\/12\/135643166_F135643166.mp3\">https:\/\/media.vaticannews.va\/media\/audio\/s1\/2020\/06\/30\/12\/135643166_F135643166.mp3<\/a><\/audio>\n<\/div>\n<\/div>\n<\/div>\n<p style=\"text-align: justify;\">Prestar um esclarecimento sobre a administra\u00e7\u00e3o da F\u00e1brica de S\u00e3o Pedro e torn\u00e1-la transparente \u00e9 o pedido do Papa Francisco ao N\u00fancio Mario Giordana, nomeado Comiss\u00e1rio Extraordin\u00e1rio da entidade vaticana.<\/p>\n<p style=\"text-align: justify;\">Ap\u00f3s a recente promulga\u00e7\u00e3o do\u00a0<i>Motu Proprio\u00a0<\/i>&#8220;Sobre transpar\u00eancia, o controle e a concorr\u00eancia nos procedimentos de adjudica\u00e7\u00e3o dos contratos p\u00fablicos da Santa S\u00e9 e do Estado da Cidade do Vaticano&#8221;, o Santo Padre, em 29 de junho, nomeou Comiss\u00e1rio Extraordin\u00e1rio para a F\u00e1brica de S\u00e3o Pedro o N\u00fancio Apost\u00f3lico Dom Mario Giordana, encarregando-o de atualizar os Estatutos, tornar transparente a administra\u00e7\u00e3o e reorganizar os escrit\u00f3rios administrativos e t\u00e9cnicos da F\u00e1brica. Nesta delicada tarefa, o Comiss\u00e1rio ser\u00e1 assistido por uma comiss\u00e3o.<\/p>\n<div style=\"text-align: justify;\">\n<aside class=\"article__readmore\">\n<div class=\"teaser--labelEvidence teaser teaser--type-article\">\n<article>\n<div class=\"teaser__labelWrapper\"><\/div>\n<div class=\"teaser__contentWrapper\">\n<div>Tal escolha tamb\u00e9m segue uma assinala\u00e7\u00e3o proveniente dos escrit\u00f3rios do Auditor Geral, que levou, na manh\u00e3 desta ter\u00e7a-feira, 30, \u00e0 apreens\u00e3o de documentos e dispositivos eletr\u00f4nicos nos escrit\u00f3rios t\u00e9cnicos e administrativos da F\u00e1brica de S\u00e3o Pedro. Esta \u00faltima opera\u00e7\u00e3o foi autorizada com o decreto do Promotor de Justi\u00e7a do Tribunal, Gian Piero Milano, e do Adjunto, Alessandro Diddi, ap\u00f3s informa\u00e7\u00e3o pr\u00e9via \u00e0 Secretaria de Estado.<\/div>\n<\/div>\n<\/article>\n<\/div>\n<\/aside>\n<\/div>\n<p style=\"text-align: justify;\">A F\u00e1brica de S\u00e3o Pedro \u2013 em latim\u00a0<i>Reverenda Fabrica Sancti Petri \u2013\u00a0<\/i>\u00e9 a entidade criada<i>\u00a0<\/i>para a\u00a0gest\u00e3o do conjunto de obras necess\u00e1rias para a realiza\u00e7\u00e3o construtiva e art\u00edstica da Bas\u00edlica de S\u00e3o Pedro, no Vaticano. A f\u00e1brica \u00e9 encarregada da complexa gest\u00e3o da maior igreja do mundo e das estruturas sob sua responsabilidade no territ\u00f3rio adjacente.<\/p>\n<\/div>\n","protected":false},"excerpt":{"rendered":"<p>Bas\u00edlica de S\u00e3o Pedro na Solenidade dos SS Pedro e Paulo\u00a0 (Vatican Media) O Papa nomeia o N\u00fancio Mario Giordana como Comiss\u00e1rio Extraordin\u00e1rio que ter\u00e1 o encargo de esclarecer a administra\u00e7\u00e3o da F\u00e1brica e atualizar seus Estatutos. Na manh\u00e3 desta ter\u00e7a-feira foram apreendidos computadores e materiais nos escrit\u00f3rios t\u00e9cnicos e administrativos. Vatican News Ou\u00e7a e [&hellip;]<\/p>\n","protected":false},"author":1,"featured_media":60351,"comment_status":"open","ping_status":"closed","sticky":false,"template":"","format":"standard","meta":{"footnotes":""},"categories":[3],"tags":[],"class_list":["post-60350","post","type-post","status-publish","format-standard","has-post-thumbnail","hentry","category-vaticano"],"_links":{"self":[{"href":"https:\/\/catolicanet.net\/wp-cnet\/wp-json\/wp\/v2\/posts\/60350","targetHints":{"allow":["GET"]}}],"collection":[{"href":"https:\/\/catolicanet.net\/wp-cnet\/wp-json\/wp\/v2\/posts"}],"about":[{"href":"https:\/\/catolicanet.net\/wp-cnet\/wp-json\/wp\/v2\/types\/post"}],"author":[{"embeddable":true,"href":"https:\/\/catolicanet.net\/wp-cnet\/wp-json\/wp\/v2\/users\/1"}],"replies":[{"embeddable":true,"href":"https:\/\/catolicanet.net\/wp-cnet\/wp-json\/wp\/v2\/comments?post=60350"}],"version-history":[{"count":1,"href":"https:\/\/catolicanet.net\/wp-cnet\/wp-json\/wp\/v2\/posts\/60350\/revisions"}],"predecessor-version":[{"id":60352,"href":"https:\/\/catolicanet.net\/wp-cnet\/wp-json\/wp\/v2\/posts\/60350\/revisions\/60352"}],"wp:featuredmedia":[{"embeddable":true,"href":"https:\/\/catolicanet.net\/wp-cnet\/wp-json\/wp\/v2\/media\/60351"}],"wp:attachment":[{"href":"https:\/\/catolicanet.net\/wp-cnet\/wp-json\/wp\/v2\/media?parent=60350"}],"wp:term":[{"taxonomy":"category","embeddable":true,"href":"https:\/\/catolicanet.net\/wp-cnet\/wp-json\/wp\/v2\/categories?post=60350"},{"taxonomy":"post_tag","embeddable":true,"href":"https:\/\/catolicanet.net\/wp-cnet\/wp-json\/wp\/v2\/tags?post=60350"}],"curies":[{"name":"wp","href":"https:\/\/api.w.org\/{rel}","templated":true}]}}