{"id":6035,"date":"2015-07-17T13:49:11","date_gmt":"2015-07-17T16:49:11","guid":{"rendered":"http:\/\/catolicanet.net\/wp-cnet\/papa-autoriza-congregacao-para-as-causas-dos-santos-a-reconhecer-virtudes-heroicas-de-servos-de-deus\/"},"modified":"2017-04-10T14:23:36","modified_gmt":"2017-04-10T17:23:36","slug":"papa-autoriza-congregacao-para-as-causas-dos-santos-a-reconhecer-virtudes-heroicas-de-servos-de-deus","status":"publish","type":"post","link":"https:\/\/catolicanet.net\/wp-cnet\/papa-autoriza-congregacao-para-as-causas-dos-santos-a-reconhecer-virtudes-heroicas-de-servos-de-deus\/","title":{"rendered":"Papa autoriza Congrega\u00e7\u00e3o para as Causas dos Santos a reconhecer virtudes her\u00f3icas de Servos de Deus"},"content":{"rendered":"<p style=\"text-align: justify;\">\n<p>A Igreja ter\u00e1 oito novos Vener\u00e1veis. Entre eles Andr\u00e9 Szeptyckyj, Arcebispo Maior de Lviv dos Ucranianos e Agostinho Ramirez Barba, sacerdote mexicano<\/p>\n<p>Cidade do Vaticano, 17 de Julho de 2015 (ZENIT.org) Staff Reporter | 70 visitas<\/p>\n<p>Nesta quinta-feira, 16 de julho, o Santo Padre Francisco autorizou a Congrega\u00e7\u00e3o para as Causas dos Santos a promulgar os decretos sobre as virtudes heroicas de oito novos Vener\u00e1veis Servos de Deus. S\u00e3o eles:<\/p>\n<p>&#8211; Servo de Deus Andr\u00e9 Szeptyckyj (\u00e0 \u00e9poca Romano Alessandro Maria), da Ordem de S\u00e3o Bas\u00edlio, Arcebispo Maior de Lviv dos Ucranianos, Metropolita de Halyc. Nasceu em 29 de julho de 1865 em Prylbyci (Ucr\u00e2nia) e faleceu em Lviv (Ucr\u00e2nia) dia 1 de Novembro de 1944;<\/p>\n<p>&#8211; Servo de Deus Dom Giuseppe Carraro, Bispo de Verona.\u00a0 Nasceu em Mira dia 26 de junho de 1899 e faleceu em Verona 30 de dezembro de 1980.<\/p>\n<p>&#8211; Servo de Deus Agostinho Ramirez Barba, sacerdote diocesano, fundador da Congrega\u00e7\u00e3o das Irm\u00e3s Servas do Senhor da Miseric\u00f3rdia. Nasceu dia 27 de agosto de 1881 em San Miguel el Alto (M\u00e9xico) e faleceu em Tepatitl\u00e1n (M\u00e9xico) dia 04 de julho de 1967;<\/p>\n<p>&#8211; Servo de Deus Simpliciano da Natividade (\u00e0 \u00e9poca Aniello Francesco Saverio Maresca), sacerdote professo da Ordem dos Frades Menores, fundador da Congrega\u00e7\u00e3o das Irm\u00e3s Franciscanas dos Sagrados Cora\u00e7\u00f5es. Nasceu em Meta di Sorrento (It\u00e1lia) dia 11 de Maio 1827 e faleceu em Roma (It\u00e1lia) dia 25 de maio de 1898;<\/p>\n<p>&#8211; Serva de Deus Maria del Rifugio Aguilar y Torres, vi\u00fava Cancino, fundadora da Congrega\u00e7\u00e3o das Irm\u00e3s da Miseric\u00f3rdia de Ss.mo Sacramento. Nasceu em San Miguel de Allende (M\u00e9xico) dia 21 de setembro de 1866 e faleceu na Cidade do M\u00e9xico (M\u00e9xico) dia 24 de abril de 1937;<\/p>\n<p>&#8211; Serva de Deus Maria Teresa Dupouy Bordes, religiosa professa da Sociedade do Sagrado Cora\u00e7\u00e3o de Jesus, fundadora da Congrega\u00e7\u00e3o das Mission\u00e1rias dos Sagrados Cora\u00e7\u00f5es de Jesus e Maria. Nasceu em Saint Pierre d&#8217;Irube (Fran\u00e7a) dia 06 de maio de 1873 e faleceu em San Sebasti\u00e1n (Espanha) dia 26 de maio de 1953;<\/p>\n<p>&#8211; Serva de Deus Elisa Miceli, fundadora do Instituto de Irm\u00e3s Catequistas Rurais do Sagrado Cora\u00e7\u00e3o. Nasceu em Longobardi (It\u00e1lia) dia 12 de abril de 1904 e faleceu em Frascati (It\u00e1lia) em 19 de Abril de 1976;<\/p>\n<p>&#8211; Serva de Deus Isabella M\u00e9ndez Herrero (religiosa: Isabella de Maria Imaculada), freira professa da Congrega\u00e7\u00e3o das Servas de S\u00e3o Jos\u00e9. Nasceu em Castellanos de Moriscos (Espanha) dia 30 de agosto de 1924 e faleceu em Salamanca (Espanha) 28 de dezembro de 1953.<\/p>\n<p style=\"text-align: justify;\">Fonte: Zenit<\/p>\n<p style=\"text-align: justify;\">\u00a0<\/p>\n","protected":false},"excerpt":{"rendered":"<p>A Igreja ter\u00e1 oito novos Vener\u00e1veis. Entre eles Andr\u00e9 Szeptyckyj, Arcebispo Maior de Lviv dos Ucranianos e Agostinho Ramirez Barba, sacerdote mexicano Cidade do Vaticano, 17 de Julho de 2015 (ZENIT.org) Staff Reporter | 70 visitas Nesta quinta-feira, 16 de julho, o Santo Padre Francisco autorizou a Congrega\u00e7\u00e3o para as Causas dos Santos a promulgar [&hellip;]<\/p>\n","protected":false},"author":1,"featured_media":0,"comment_status":"closed","ping_status":"closed","sticky":false,"template":"","format":"standard","meta":{"footnotes":""},"categories":[3],"tags":[],"class_list":["post-6035","post","type-post","status-publish","format-standard","hentry","category-vaticano"],"_links":{"self":[{"href":"https:\/\/catolicanet.net\/wp-cnet\/wp-json\/wp\/v2\/posts\/6035","targetHints":{"allow":["GET"]}}],"collection":[{"href":"https:\/\/catolicanet.net\/wp-cnet\/wp-json\/wp\/v2\/posts"}],"about":[{"href":"https:\/\/catolicanet.net\/wp-cnet\/wp-json\/wp\/v2\/types\/post"}],"author":[{"embeddable":true,"href":"https:\/\/catolicanet.net\/wp-cnet\/wp-json\/wp\/v2\/users\/1"}],"replies":[{"embeddable":true,"href":"https:\/\/catolicanet.net\/wp-cnet\/wp-json\/wp\/v2\/comments?post=6035"}],"version-history":[{"count":1,"href":"https:\/\/catolicanet.net\/wp-cnet\/wp-json\/wp\/v2\/posts\/6035\/revisions"}],"predecessor-version":[{"id":10899,"href":"https:\/\/catolicanet.net\/wp-cnet\/wp-json\/wp\/v2\/posts\/6035\/revisions\/10899"}],"wp:attachment":[{"href":"https:\/\/catolicanet.net\/wp-cnet\/wp-json\/wp\/v2\/media?parent=6035"}],"wp:term":[{"taxonomy":"category","embeddable":true,"href":"https:\/\/catolicanet.net\/wp-cnet\/wp-json\/wp\/v2\/categories?post=6035"},{"taxonomy":"post_tag","embeddable":true,"href":"https:\/\/catolicanet.net\/wp-cnet\/wp-json\/wp\/v2\/tags?post=6035"}],"curies":[{"name":"wp","href":"https:\/\/api.w.org\/{rel}","templated":true}]}}