{"id":60321,"date":"2020-06-26T16:24:13","date_gmt":"2020-06-26T19:24:13","guid":{"rendered":"https:\/\/catolicanet.net\/wp-cnet\/?p=60321"},"modified":"2020-06-26T16:24:13","modified_gmt":"2020-06-26T19:24:13","slug":"unidos-venceremos-o-covid-19","status":"publish","type":"post","link":"https:\/\/catolicanet.net\/wp-cnet\/unidos-venceremos-o-covid-19\/","title":{"rendered":"Unidos venceremos o Covid-19"},"content":{"rendered":"<p style=\"text-align: justify;\"><strong>\u201cO coronav\u00edrus afeta todos os aspectos da vida humana, e precisamos usar todas as ferramentas \u00e0 nossa disposi\u00e7\u00e3o para compartilhar informa\u00e7\u00f5es que salvam vidas com todas as pessoas do mundo inteiro. Propagar ensinamentos verdadeiros sobre o distanciamento f\u00edsico, usar a m\u00e1scara, higiene e o conhecimento dos sintomas\u201d. \u201cTenhamos respeito e caridade para com todos!\u201d. Com a uni\u00e3o de todos e obedecendo as diretrizes prescritas, vamos vencer esta pandemia com certeza!<\/strong><\/p>\n<p style=\"text-align: justify;\">Um estudo publicado no dia 10 de junho de 2020 na <em>&#8220;Proceedings of the Royal Society A&#8221; intitulado \u201cA modelling framework to assess the likely effectiveness of facemasks in combination with \u2018lock-down\u2019 in managing the COVID-19 pandemic&#8221;, <\/em>aborda dois modelos matem\u00e1ticos que foram utilizados para avaliar o impacto do uso de m\u00e1scaras faciais na pandemia de COVID-19 e mais do que isso, numa segunda onda da doen\u00e7a.<\/p>\n<p style=\"text-align: justify;\">Stutt e seus colaboradores utilizaram dois m\u00e9todos complementares de modelagem para testar a efic\u00e1cia do uso de m\u00e1scaras faciais pela popula\u00e7\u00e3o na redu\u00e7\u00e3o do R0 do v\u00edrus SARS-Cov-2.<\/p>\n<p style=\"text-align: justify;\">O primeiro m\u00e9todo avaliou duas vari\u00e1veis essenciais nesse processo: propor\u00e7\u00e3o da popula\u00e7\u00e3o que usa m\u00e1scaras faciais e a efic\u00e1cia da m\u00e1scara na redu\u00e7\u00e3o da transmiss\u00e3o (aqui levando em conta os mais variados tipos de m\u00e1scara e seus materiais de confec\u00e7\u00e3o).<\/p>\n<p style=\"text-align: justify;\">O segundo m\u00e9todo utilizou uma adapta\u00e7\u00e3o do modelo SIR, buscando investigar a prote\u00e7\u00e3o conferida pela uso de m\u00e1scaras faciais para os indiv\u00edduos suscet\u00edveis em diferentes per\u00edodos de distanciamento social.<\/p>\n<p style=\"text-align: justify;\">Este estudo propicia uma evid\u00eancia favor\u00e1vel ao uso das m\u00e1scaras por toda a popula\u00e7\u00e3o, validando o potencial das m\u00e1scaras faciais para reduzir a transmiss\u00e3o e a prote\u00e7\u00e3o conferida por elas, principalmente para os indiv\u00edduos dos grupos de risco, pois a m\u00e1scara reduz a inala\u00e7\u00e3o do in\u00f3culo viral.<\/p>\n<p><strong>POR FAVOR, N\u00c3O SE ESQUE\u00c7A:<\/strong>\u00a0<strong>USE M\u00c1SCARA!<\/strong><\/p>\n<p><strong>PROTEJA-SE E PROTEJA OS OUTROS!<\/strong><\/p>\n<p>Dr. In\u00e1cio Jos\u00e9 do Vale, Psicanalista Cl\u00ednico, PhD.<\/p>\n<p>Qualificado em Psicologia Cl\u00ednica e Educacional<\/p>\n<p>Trabalha Clinicando na Comunidade de A\u00e7\u00e3o Pastoral \u2013 CAP<\/p>\n<p>Membro da Sociedade Brasileira de Psican\u00e1lise Contempor\u00e2nea\/RJ.<\/p>\n<p>&nbsp;<\/p>\n<p>Fontes:<\/p>\n<p>https:\/\/www.paho.org\/bra\/index.php?option=com_content&#038;view=article&#038;id=6130:covid-19-materiais-de-comunicacao&#038;Itemid=0<\/p>\n<p>https:\/\/academiamedica.com.br\/blog\/segunda-onda-de-covid-19-a-adesao-ao-uso-das-mascaras-pode-ser-fator-determinante<\/p>\n","protected":false},"excerpt":{"rendered":"<p>\u201cO coronav\u00edrus afeta todos os aspectos da vida humana, e precisamos usar todas as ferramentas \u00e0 nossa disposi\u00e7\u00e3o para compartilhar informa\u00e7\u00f5es que salvam vidas com todas as pessoas do mundo inteiro. Propagar ensinamentos verdadeiros sobre o distanciamento f\u00edsico, usar a m\u00e1scara, higiene e o conhecimento dos sintomas\u201d. \u201cTenhamos respeito e caridade para com todos!\u201d. Com [&hellip;]<\/p>\n","protected":false},"author":16,"featured_media":55822,"comment_status":"open","ping_status":"closed","sticky":false,"template":"","format":"standard","meta":{"footnotes":""},"categories":[9],"tags":[],"class_list":["post-60321","post","type-post","status-publish","format-standard","has-post-thumbnail","hentry","category-artigos"],"_links":{"self":[{"href":"https:\/\/catolicanet.net\/wp-cnet\/wp-json\/wp\/v2\/posts\/60321","targetHints":{"allow":["GET"]}}],"collection":[{"href":"https:\/\/catolicanet.net\/wp-cnet\/wp-json\/wp\/v2\/posts"}],"about":[{"href":"https:\/\/catolicanet.net\/wp-cnet\/wp-json\/wp\/v2\/types\/post"}],"author":[{"embeddable":true,"href":"https:\/\/catolicanet.net\/wp-cnet\/wp-json\/wp\/v2\/users\/16"}],"replies":[{"embeddable":true,"href":"https:\/\/catolicanet.net\/wp-cnet\/wp-json\/wp\/v2\/comments?post=60321"}],"version-history":[{"count":1,"href":"https:\/\/catolicanet.net\/wp-cnet\/wp-json\/wp\/v2\/posts\/60321\/revisions"}],"predecessor-version":[{"id":60322,"href":"https:\/\/catolicanet.net\/wp-cnet\/wp-json\/wp\/v2\/posts\/60321\/revisions\/60322"}],"wp:featuredmedia":[{"embeddable":true,"href":"https:\/\/catolicanet.net\/wp-cnet\/wp-json\/wp\/v2\/media\/55822"}],"wp:attachment":[{"href":"https:\/\/catolicanet.net\/wp-cnet\/wp-json\/wp\/v2\/media?parent=60321"}],"wp:term":[{"taxonomy":"category","embeddable":true,"href":"https:\/\/catolicanet.net\/wp-cnet\/wp-json\/wp\/v2\/categories?post=60321"},{"taxonomy":"post_tag","embeddable":true,"href":"https:\/\/catolicanet.net\/wp-cnet\/wp-json\/wp\/v2\/tags?post=60321"}],"curies":[{"name":"wp","href":"https:\/\/api.w.org\/{rel}","templated":true}]}}