{"id":6032,"date":"2015-07-17T13:33:13","date_gmt":"2015-07-17T16:33:13","guid":{"rendered":"http:\/\/catolicanet.net\/wp-cnet\/papa-aos-salesianos-afeto-e-educacao-para-os-jovens\/"},"modified":"2017-04-10T14:21:50","modified_gmt":"2017-04-10T17:21:50","slug":"papa-aos-salesianos-afeto-e-educacao-para-os-jovens","status":"publish","type":"post","link":"https:\/\/catolicanet.net\/wp-cnet\/papa-aos-salesianos-afeto-e-educacao-para-os-jovens\/","title":{"rendered":"Papa aos salesianos: afeto e educa\u00e7\u00e3o para os jovens"},"content":{"rendered":"<p style=\"text-align: justify;\"><img decoding=\"async\" src=\"http:\/\/catolicanet.com.br\/images\/stories\/geral\/17 07.jpg\" border=\"0\" align=\"left\" \/>Foi por ocasi\u00e3o do Bicenten\u00e1rio do Nascimento de D. Bosco que o Papa Francisco enviou ao Reitor-Mor dos salesianos, o Padre \u00c1ngel Fern\u00e1ndez Artime, uma carta em que d\u00e1 gra\u00e7as a Deus pelo dom do Santo dos Jovens evocando \u201cos aspetos essenciais da heran\u00e7a espiritual e pastoral de D. Bosco\u201d e exortando a viv\u00ea-los com coragem.<\/p>\n<p>\u201cComo D. Bosco, com os jovens e para os jovens\u201d \u00e9 o t\u00edtulo da carta, em que o Papa Francisco recorda a alegria que sentiu ao encontrar a Fam\u00edlia Salesiana reunida em Turim em junho passado, na Bas\u00edlica de Santa Maria Auxiliadora, onde repousam os restos mortais do Fundador.<\/p>\n<p>No texto, o Papa ressalta que o mundo mudou muito nestes dois s\u00e9culos, mas n\u00e3o a alma dos jovens: \u201cAinda hoje, eles est\u00e3o abertos \u00e0 vida e ao encontro com Deus e com os outros, mas existem muitos deles que correm o risco do desencorajamento, da anemia espiritual, da marginaliza\u00e7\u00e3o\u201d \u2013 escreve o Santo Padre.<\/p>\n<p>O Papa afirma ainda que D. Bosco ensina-nos a oferecer aos jovens uma experi\u00eancia educativa integral, com uma caracter\u00edstica especial: o afeto. O Papa diz tamb\u00e9m que n\u00e3o pode haver uma pastoral juvenil eficaz sem uma v\u00e1lida pastoral familiar.<\/p>\n<p>Na carta, o Santo Padre indica \u00e0 fam\u00edlia salesiana duas tarefas: primeiro educar, segundo a antropologia crist\u00e3, a linguagem dos novos meios de comunica\u00e7\u00e3o e das redes sociais, que plasmam profundamente os c\u00f3digos culturais dos jovens, e, portanto, a vis\u00e3o da realidade humano-religiosa. Em segundo lugar, promover formas de voluntariado social, ensinando a dignidade da pessoa e o valor do trabalho, n\u00e3o se resignando \u00e0s ideologias do mercado e da produ\u00e7\u00e3o.<\/p>\n<p style=\"text-align: justify;\">Fonte: R\u00e1dio Vaticano<\/p>\n","protected":false},"excerpt":{"rendered":"<p>Foi por ocasi\u00e3o do Bicenten\u00e1rio do Nascimento de D. Bosco que o Papa Francisco enviou ao Reitor-Mor dos salesianos, o Padre \u00c1ngel Fern\u00e1ndez Artime, uma carta em que d\u00e1 gra\u00e7as a Deus pelo dom do Santo dos Jovens evocando \u201cos aspetos essenciais da heran\u00e7a espiritual e pastoral de D. Bosco\u201d e exortando a viv\u00ea-los com [&hellip;]<\/p>\n","protected":false},"author":1,"featured_media":0,"comment_status":"closed","ping_status":"closed","sticky":false,"template":"","format":"standard","meta":{"footnotes":""},"categories":[4],"tags":[],"class_list":["post-6032","post","type-post","status-publish","format-standard","hentry","category-cotidiano"],"_links":{"self":[{"href":"https:\/\/catolicanet.net\/wp-cnet\/wp-json\/wp\/v2\/posts\/6032","targetHints":{"allow":["GET"]}}],"collection":[{"href":"https:\/\/catolicanet.net\/wp-cnet\/wp-json\/wp\/v2\/posts"}],"about":[{"href":"https:\/\/catolicanet.net\/wp-cnet\/wp-json\/wp\/v2\/types\/post"}],"author":[{"embeddable":true,"href":"https:\/\/catolicanet.net\/wp-cnet\/wp-json\/wp\/v2\/users\/1"}],"replies":[{"embeddable":true,"href":"https:\/\/catolicanet.net\/wp-cnet\/wp-json\/wp\/v2\/comments?post=6032"}],"version-history":[{"count":1,"href":"https:\/\/catolicanet.net\/wp-cnet\/wp-json\/wp\/v2\/posts\/6032\/revisions"}],"predecessor-version":[{"id":10896,"href":"https:\/\/catolicanet.net\/wp-cnet\/wp-json\/wp\/v2\/posts\/6032\/revisions\/10896"}],"wp:attachment":[{"href":"https:\/\/catolicanet.net\/wp-cnet\/wp-json\/wp\/v2\/media?parent=6032"}],"wp:term":[{"taxonomy":"category","embeddable":true,"href":"https:\/\/catolicanet.net\/wp-cnet\/wp-json\/wp\/v2\/categories?post=6032"},{"taxonomy":"post_tag","embeddable":true,"href":"https:\/\/catolicanet.net\/wp-cnet\/wp-json\/wp\/v2\/tags?post=6032"}],"curies":[{"name":"wp","href":"https:\/\/api.w.org\/{rel}","templated":true}]}}