{"id":60291,"date":"2020-06-26T10:52:58","date_gmt":"2020-06-26T13:52:58","guid":{"rendered":"https:\/\/catolicanet.net\/wp-cnet\/?p=60291"},"modified":"2020-06-26T15:54:06","modified_gmt":"2020-06-26T18:54:06","slug":"papa-francisco-preside-a-missa-na-solenidade-dos-santos-pedro-e-paulo","status":"publish","type":"post","link":"https:\/\/catolicanet.net\/wp-cnet\/papa-francisco-preside-a-missa-na-solenidade-dos-santos-pedro-e-paulo\/","title":{"rendered":"Papa Francisco preside \u00e0 missa na Solenidade dos Santos Pedro e Paulo"},"content":{"rendered":"<figure class=\"article__image\" style=\"text-align: justify;\"><span class=\"didascalia_img\">Papa Francisco na celebra\u00e7\u00e3o da Solenidade no ano passado\u00a0 (Vatican Media)<\/span><\/figure>\n<div class=\"article__meta\">\n<div class=\"article__subTitle\" style=\"text-align: justify;\">Depois da missa na Bas\u00edlica Vaticana, o Pont\u00edfice rezar\u00e1 o Angelus da janela de seu escrit\u00f3rio com os fi\u00e9is na Pra\u00e7a S\u00e3o Pedro. O Vatican News e a R\u00e1dio Vaticano transmitir\u00e3o este evento ao vivo, com coment\u00e1rios em portugu\u00eas, a partir das 09h30 locais (04h30 no hor\u00e1rio de Bras\u00edlia)<\/div>\n<div class=\"title__separator\" style=\"text-align: justify;\"><\/div>\n<div class=\"article__text\">\n<p style=\"text-align: justify;\"><b>Vatican News<\/b><\/p>\n<p style=\"text-align: justify;\">O Papa Francisco preside na segunda-feira, 29 de junho, \u00e0 celebra\u00e7\u00e3o eucar\u00edstica por ocasi\u00e3o da Solenidade dos Santos Ap\u00f3stolos Pedro e Paulo (no Brasil a festa ser\u00e1 no domingo, 28).<\/p>\n<p style=\"text-align: justify;\">Depois da missa na Bas\u00edlica Vaticana, o Pont\u00edfice rezar\u00e1 o Angelus da janela de seu escrit\u00f3rio com os fi\u00e9is na Pra\u00e7a S\u00e3o Pedro.<\/p>\n<p style=\"text-align: justify;\">O Vatican News e a R\u00e1dio Vaticano transmitir\u00e3o este evento ao vivo, com coment\u00e1rios em portugu\u00eas, a partir das 09h30 locais (04h30 no hor\u00e1rio de Bras\u00edlia), que poder\u00e1 ser seguido atrav\u00e9s do nosso portal e do nosso canal no YouTube e no Facebook.<\/p>\n<h2 style=\"text-align: justify;\">Ra\u00edzes da f\u00e9<\/h2>\n<p style=\"text-align: justify;\">\u201cHoje, a Igreja peregrina, em Roma e no mundo inteiro, retorna \u00e0s ra\u00edzes da sua f\u00e9 e celebra os Ap\u00f3stolos Pedro e Paulo. Seus restos mortais, que descansam nas duas Bas\u00edlicas a eles dedicadas em Roma, s\u00e3o muito queridos aos romanos e aos numerosos peregrinos que aqui os veneram!\u201d<\/p>\n<p style=\"text-align: justify;\">Essas palavras do Santo Padre foram pronunciadas no Angelus de um ano atr\u00e1s.<\/p>\n<p style=\"text-align: justify;\">Tradicionalmente,\u00a0a entrega do p\u00e1lio e a presen\u00e7a de uma delega\u00e7\u00e3o do Patriarcado Ecum\u00eanico de Constantinopla marcam a celebra\u00e7\u00e3o, que este ano ser\u00e3o modificadas devido \u00e0 pandemia do coronav\u00edrus.<\/p>\n<\/div>\n<\/div>\n","protected":false},"excerpt":{"rendered":"<p>Papa Francisco na celebra\u00e7\u00e3o da Solenidade no ano passado\u00a0 (Vatican Media) Depois da missa na Bas\u00edlica Vaticana, o Pont\u00edfice rezar\u00e1 o Angelus da janela de seu escrit\u00f3rio com os fi\u00e9is na Pra\u00e7a S\u00e3o Pedro. O Vatican News e a R\u00e1dio Vaticano transmitir\u00e3o este evento ao vivo, com coment\u00e1rios em portugu\u00eas, a partir das 09h30 locais [&hellip;]<\/p>\n","protected":false},"author":1,"featured_media":60292,"comment_status":"open","ping_status":"closed","sticky":false,"template":"","format":"standard","meta":{"footnotes":""},"categories":[3],"tags":[],"class_list":["post-60291","post","type-post","status-publish","format-standard","has-post-thumbnail","hentry","category-vaticano"],"_links":{"self":[{"href":"https:\/\/catolicanet.net\/wp-cnet\/wp-json\/wp\/v2\/posts\/60291","targetHints":{"allow":["GET"]}}],"collection":[{"href":"https:\/\/catolicanet.net\/wp-cnet\/wp-json\/wp\/v2\/posts"}],"about":[{"href":"https:\/\/catolicanet.net\/wp-cnet\/wp-json\/wp\/v2\/types\/post"}],"author":[{"embeddable":true,"href":"https:\/\/catolicanet.net\/wp-cnet\/wp-json\/wp\/v2\/users\/1"}],"replies":[{"embeddable":true,"href":"https:\/\/catolicanet.net\/wp-cnet\/wp-json\/wp\/v2\/comments?post=60291"}],"version-history":[{"count":1,"href":"https:\/\/catolicanet.net\/wp-cnet\/wp-json\/wp\/v2\/posts\/60291\/revisions"}],"predecessor-version":[{"id":60293,"href":"https:\/\/catolicanet.net\/wp-cnet\/wp-json\/wp\/v2\/posts\/60291\/revisions\/60293"}],"wp:featuredmedia":[{"embeddable":true,"href":"https:\/\/catolicanet.net\/wp-cnet\/wp-json\/wp\/v2\/media\/60292"}],"wp:attachment":[{"href":"https:\/\/catolicanet.net\/wp-cnet\/wp-json\/wp\/v2\/media?parent=60291"}],"wp:term":[{"taxonomy":"category","embeddable":true,"href":"https:\/\/catolicanet.net\/wp-cnet\/wp-json\/wp\/v2\/categories?post=60291"},{"taxonomy":"post_tag","embeddable":true,"href":"https:\/\/catolicanet.net\/wp-cnet\/wp-json\/wp\/v2\/tags?post=60291"}],"curies":[{"name":"wp","href":"https:\/\/api.w.org\/{rel}","templated":true}]}}