{"id":60263,"date":"2020-06-25T10:15:29","date_gmt":"2020-06-25T13:15:29","guid":{"rendered":"https:\/\/catolicanet.net\/wp-cnet\/?p=60263"},"modified":"2020-06-25T12:16:57","modified_gmt":"2020-06-25T15:16:57","slug":"elba-ramalho-faz-participacao-em-live-da-esperanca-e-da-solidariedade-dia-26-as-19h","status":"publish","type":"post","link":"https:\/\/catolicanet.net\/wp-cnet\/elba-ramalho-faz-participacao-em-live-da-esperanca-e-da-solidariedade-dia-26-as-19h\/","title":{"rendered":"Elba Ramalho faz participa\u00e7\u00e3o em live da Esperan\u00e7a e da Solidariedade dia 26, \u00e0s 19h"},"content":{"rendered":"<p style=\"text-align: justify;\">A pr\u00f3xima Live da Esperan\u00e7a e da Solidariedade acontece sexta-feira, 26 de junho, das 19h \u00e0s 20h30, com o tema \u201cDi\u00e1logo e Paz\u201d. Participam o padre Reginaldo Manzotti e os Cantores de Deus.\u00a0\u00a0A cantora Elba Ramalho faz uma participa\u00e7\u00e3o especial. O padre Manzotti gravou um v\u00eddeo refor\u00e7ando o convite para os crist\u00e3os participaremm da live que vai refletir sobre o di\u00e1logo e a paz.<\/p>\n<p style=\"text-align: justify;\">A Live da Esperan\u00e7a e da Solidariedade \u00e9 promovida pela Associa\u00e7\u00e3o Nacional de Educa\u00e7\u00e3o Cat\u00f3lica do Brasil (ANEC), junto a Confer\u00eancia Nacional dos Bispos do Brasil (CNBB), Confer\u00eancia dos Religiosos do Brasil (CRB), SIGNIS Brasil, C\u00e1ritas Brasileira, Movimento de Educa\u00e7\u00e3o de Base (MEB) e Editoras Cat\u00f3licas. \u00c9 sempre realizada \u00e0s sextas-feiras, desde o dia 5 de junho.<\/p>\n<p style=\"text-align: justify;\">O objetivo \u00e9 levar a um agrad\u00e1vel momento crist\u00e3o de m\u00fasica e reflex\u00e3o, durante o per\u00edodo de isolamento social, motivando a generosidade das pessoas, inclusive com alimentos para fam\u00edlias em situa\u00e7\u00e3o de vulnerabilidade social que est\u00e3o sendo afetadas pela Covid-19. Os eventos contam com a apresenta\u00e7\u00e3o de Marcus Tullius, coordenador Nacional da Pascom do Brasil e apresentador.<\/p>\n<p style=\"text-align: justify;\">As Editoras Cat\u00f3licas que est\u00e3o colaborando com o evento s\u00e3o: Editora Ave-Maria, Can\u00e7\u00e3o Nova Editora, Editora Santu\u00e1rio, Editora Edeb\u00ea, Edi\u00e7\u00f5es CNBB, Edi\u00e7oes Loyola, FTD Educa\u00e7\u00e3o, Paulinas Editora, Paulus Editora, Editora Vozes, Editora Ideias e Letras, Editora Bom Jesus e SM Educa\u00e7\u00e3o.<\/p>\n<p style=\"text-align: justify;\">A primeira live aconteceu dia 5 de junho, \u00e0s 19h, com a participa\u00e7\u00e3o do padre Zezinho, padre Jo\u00e3o Carlos e padre Ezequiel Dal Pozzo.\u00a0A segunda foi dia 12 de junho, com o tema Globalizar a Esperan\u00e7a, com a presen\u00e7a dos cantores \u00c1lvaro e Daniel, al\u00e9m de Eliana Ribeiro. Com o tema Aldeia que Educa, a terceira aconteceu dia 19 e teve como convidada a Adriana Arydes e participa\u00e7\u00e3o do padre F\u00e1bio de Melo.<\/p>\n<p style=\"text-align: justify;\">As transmiss\u00f5es s\u00e3o sempre pelos canais no YouTube da ANEC (@anecbrasil) e da CNBB (@cnbboficial). Vc pode acompanhar no link abaixo:<\/p>\n<p><iframe loading=\"lazy\" src=\"https:\/\/www.youtube.com\/embed\/06wvjnUNvuw?feature=oembed\" width=\"900\" height=\"506\" frameborder=\"0\" allowfullscreen=\"allowfullscreen\" data-mce-fragment=\"1\"><\/iframe><\/p>\n","protected":false},"excerpt":{"rendered":"<p>A pr\u00f3xima Live da Esperan\u00e7a e da Solidariedade acontece sexta-feira, 26 de junho, das 19h \u00e0s 20h30, com o tema \u201cDi\u00e1logo e Paz\u201d. Participam o padre Reginaldo Manzotti e os Cantores de Deus.\u00a0\u00a0A cantora Elba Ramalho faz uma participa\u00e7\u00e3o especial. O padre Manzotti gravou um v\u00eddeo refor\u00e7ando o convite para os crist\u00e3os participaremm da live [&hellip;]<\/p>\n","protected":false},"author":1,"featured_media":60264,"comment_status":"open","ping_status":"closed","sticky":false,"template":"","format":"standard","meta":{"footnotes":""},"categories":[7],"tags":[],"class_list":["post-60263","post","type-post","status-publish","format-standard","has-post-thumbnail","hentry","category-cnbb"],"_links":{"self":[{"href":"https:\/\/catolicanet.net\/wp-cnet\/wp-json\/wp\/v2\/posts\/60263","targetHints":{"allow":["GET"]}}],"collection":[{"href":"https:\/\/catolicanet.net\/wp-cnet\/wp-json\/wp\/v2\/posts"}],"about":[{"href":"https:\/\/catolicanet.net\/wp-cnet\/wp-json\/wp\/v2\/types\/post"}],"author":[{"embeddable":true,"href":"https:\/\/catolicanet.net\/wp-cnet\/wp-json\/wp\/v2\/users\/1"}],"replies":[{"embeddable":true,"href":"https:\/\/catolicanet.net\/wp-cnet\/wp-json\/wp\/v2\/comments?post=60263"}],"version-history":[{"count":1,"href":"https:\/\/catolicanet.net\/wp-cnet\/wp-json\/wp\/v2\/posts\/60263\/revisions"}],"predecessor-version":[{"id":60265,"href":"https:\/\/catolicanet.net\/wp-cnet\/wp-json\/wp\/v2\/posts\/60263\/revisions\/60265"}],"wp:featuredmedia":[{"embeddable":true,"href":"https:\/\/catolicanet.net\/wp-cnet\/wp-json\/wp\/v2\/media\/60264"}],"wp:attachment":[{"href":"https:\/\/catolicanet.net\/wp-cnet\/wp-json\/wp\/v2\/media?parent=60263"}],"wp:term":[{"taxonomy":"category","embeddable":true,"href":"https:\/\/catolicanet.net\/wp-cnet\/wp-json\/wp\/v2\/categories?post=60263"},{"taxonomy":"post_tag","embeddable":true,"href":"https:\/\/catolicanet.net\/wp-cnet\/wp-json\/wp\/v2\/tags?post=60263"}],"curies":[{"name":"wp","href":"https:\/\/api.w.org\/{rel}","templated":true}]}}