{"id":60260,"date":"2020-06-25T10:13:39","date_gmt":"2020-06-25T13:13:39","guid":{"rendered":"https:\/\/catolicanet.net\/wp-cnet\/?p=60260"},"modified":"2020-06-25T12:14:38","modified_gmt":"2020-06-25T15:14:38","slug":"cnbb-apresenta-em-uma-live-o-novo-diretorio-para-a-catequese","status":"publish","type":"post","link":"https:\/\/catolicanet.net\/wp-cnet\/cnbb-apresenta-em-uma-live-o-novo-diretorio-para-a-catequese\/","title":{"rendered":"CNBB apresenta em uma live o \u2018Novo Diret\u00f3rio para a Catequese\u2019"},"content":{"rendered":"<p style=\"text-align: justify;\">Nesta quinta-feira, 25 de junho, \u00e0s 15h, a Comiss\u00e3o Episcopal Pastoral para a Anima\u00e7\u00e3o B\u00edblico-Catequ\u00e9tica da Confer\u00eancia Nacional dos Bispos do Brasil (CNBB) apresenta em uma live o \u201cNovo Diret\u00f3rio para a Catequese\u201d nas redes sociais (@cnbbnacional), que ser\u00e1 lan\u00e7ado pelo Vaticano.<\/p>\n<p style=\"text-align: justify;\">Para conversar sobre esse documento, os assessores da comiss\u00e3o, padre J\u00e2nison de S\u00e1 e a irm\u00e3 Izabel Patuzzo, participaram de uma roda de conversa com o arcebispo de Belo Horizonte e presidente da Confer\u00eancia Nacional dos Bispos do Brasil (CNBB), dom Walmor Oliveira de Azevedo, o bispo auxiliar do Rio de Janeiro e secret\u00e1rio-geral da CNBB, dom Joel Portella Amado, e o arcebispo de Curitiba (PR) e presidente da Comiss\u00e3o Episcopal Pastoral para Anima\u00e7\u00e3o B\u00edblico-catequ\u00e9tica, Dom Jos\u00e9 Ant\u00f4nio Peruzzo.<\/p>\n<p style=\"text-align: justify;\">O documento \u00e9 redigido pelo Conselho Pontif\u00edcio para a Promo\u00e7\u00e3o da Nova Evangeliza\u00e7\u00e3o (CPPNE). De acordo com o Vaticano, a publica\u00e7\u00e3o de um Diret\u00f3rio para a Catequese representa um acontecimento feliz para a vida da Igreja.<\/p>\n<p style=\"text-align: justify;\">\u201cCom efeito, pode constituir um desafio positivo para todos os que se dedicam ao grande empenho da catequese, uma vez que permite experimentar a din\u00e2mica do movimento catequ\u00e9tico que sempre teve uma presen\u00e7a significativa na vida da comunidade crist\u00e3. O Diret\u00f3rio para Catequese \u00e9 um documento da Santa S\u00e9 dispon\u00edvel a toda a Igreja\u201d, destaca o texto.<\/p>\n<p style=\"text-align: justify;\">Segundo o Vatican News, o presidente do Pontif\u00edcio Conselho para a promo\u00e7\u00e3o da Nova Evangeliza\u00e7\u00e3o, dom Rino Fisichella, disse na coletiva de apresenta\u00e7\u00e3o do documento que \u201c\u00c9 urgente realizar uma \u2018convers\u00e3o pastoral\u2019 a fim de liberar a catequese de certos la\u00e7os que a impedem de ser eficaz\u201d.<\/p>\n<p style=\"text-align: justify;\">Dom Rino Fisichella disse ainda na coletiva que \u201cNa era digital, vinte anos podem ser comparados, sem exageros, a pelo menos meio s\u00e9culo\u201d. E completou dizendo que o documento nasceu da necessidade de levar em considera\u00e7\u00e3o \u201ccom grande realismo o novo que est\u00e1 surgindo, com a tentativa de propor uma leitura que envolvesse a catequese\u201d.<\/p>\n<p style=\"text-align: justify;\">Segundo Fisichella, \u201c\u00e9 urgente realizar uma \u2018convers\u00e3o pastoral\u2019 a fim de liberar a catequese de certos la\u00e7os que a impedem de ser eficaz\u201d. \u00c9 por esta raz\u00e3o que o Diret\u00f3rio apresenta \u201cn\u00e3o apenas os problemas inerentes \u00e0 cultura digital, mas tamb\u00e9m sugere caminhos para serem tomados para que a catequese se torne uma proposta que encontre o interlocutor capaz de compreend\u00ea-la e ver sua adequa\u00e7\u00e3o com seu pr\u00f3prio mundo\u201d, disse.<\/p>\n","protected":false},"excerpt":{"rendered":"<p>Nesta quinta-feira, 25 de junho, \u00e0s 15h, a Comiss\u00e3o Episcopal Pastoral para a Anima\u00e7\u00e3o B\u00edblico-Catequ\u00e9tica da Confer\u00eancia Nacional dos Bispos do Brasil (CNBB) apresenta em uma live o \u201cNovo Diret\u00f3rio para a Catequese\u201d nas redes sociais (@cnbbnacional), que ser\u00e1 lan\u00e7ado pelo Vaticano. Para conversar sobre esse documento, os assessores da comiss\u00e3o, padre J\u00e2nison de S\u00e1 [&hellip;]<\/p>\n","protected":false},"author":1,"featured_media":60261,"comment_status":"open","ping_status":"closed","sticky":false,"template":"","format":"standard","meta":{"footnotes":""},"categories":[7],"tags":[],"class_list":["post-60260","post","type-post","status-publish","format-standard","has-post-thumbnail","hentry","category-cnbb"],"_links":{"self":[{"href":"https:\/\/catolicanet.net\/wp-cnet\/wp-json\/wp\/v2\/posts\/60260","targetHints":{"allow":["GET"]}}],"collection":[{"href":"https:\/\/catolicanet.net\/wp-cnet\/wp-json\/wp\/v2\/posts"}],"about":[{"href":"https:\/\/catolicanet.net\/wp-cnet\/wp-json\/wp\/v2\/types\/post"}],"author":[{"embeddable":true,"href":"https:\/\/catolicanet.net\/wp-cnet\/wp-json\/wp\/v2\/users\/1"}],"replies":[{"embeddable":true,"href":"https:\/\/catolicanet.net\/wp-cnet\/wp-json\/wp\/v2\/comments?post=60260"}],"version-history":[{"count":1,"href":"https:\/\/catolicanet.net\/wp-cnet\/wp-json\/wp\/v2\/posts\/60260\/revisions"}],"predecessor-version":[{"id":60262,"href":"https:\/\/catolicanet.net\/wp-cnet\/wp-json\/wp\/v2\/posts\/60260\/revisions\/60262"}],"wp:featuredmedia":[{"embeddable":true,"href":"https:\/\/catolicanet.net\/wp-cnet\/wp-json\/wp\/v2\/media\/60261"}],"wp:attachment":[{"href":"https:\/\/catolicanet.net\/wp-cnet\/wp-json\/wp\/v2\/media?parent=60260"}],"wp:term":[{"taxonomy":"category","embeddable":true,"href":"https:\/\/catolicanet.net\/wp-cnet\/wp-json\/wp\/v2\/categories?post=60260"},{"taxonomy":"post_tag","embeddable":true,"href":"https:\/\/catolicanet.net\/wp-cnet\/wp-json\/wp\/v2\/tags?post=60260"}],"curies":[{"name":"wp","href":"https:\/\/api.w.org\/{rel}","templated":true}]}}