{"id":60251,"date":"2020-06-25T10:08:33","date_gmt":"2020-06-25T13:08:33","guid":{"rendered":"https:\/\/catolicanet.net\/wp-cnet\/?p=60251"},"modified":"2020-06-25T12:09:58","modified_gmt":"2020-06-25T15:09:58","slug":"presente-do-papa-a-leilao-beneficente-ajuda-criancas-com-cancer-a-viajar-a-lourdes","status":"publish","type":"post","link":"https:\/\/catolicanet.net\/wp-cnet\/presente-do-papa-a-leilao-beneficente-ajuda-criancas-com-cancer-a-viajar-a-lourdes\/","title":{"rendered":"Presente do Papa a leil\u00e3o beneficente ajuda crian\u00e7as com c\u00e2ncer a viajar a Lourdes"},"content":{"rendered":"<figure class=\"article__image\"><span class=\"didascalia_img\">Um dos tantos gestos de carinho do Papa aos pequenos doentes\u00a0 (Vatican Media)<\/span><\/figure>\n<div class=\"article__meta\">\n<div class=\"article__subTitle\" style=\"text-align: justify;\">Um leil\u00e3o beneficente vai recolher as ofertas necess\u00e1rias para pagar aos pequenos pacientes uma viagem de peregrina\u00e7\u00e3o a Lourdes. A iniciativa em prol das crian\u00e7as da unidade de oncologia do Hospital Policl\u00ednico Gemelli, de Roma, est\u00e1 sendo organizada pela se\u00e7\u00e3o de Roma e Lazio da Unitalsi, que tamb\u00e9m vai leiloar uma bicicleta doada pelo Papa Francisco. A presidente Preziosa Terrinoni lembra que &#8220;o Santo Padre sempre esteve perto das crian\u00e7as; e pensou nelas doando a bicicleta el\u00e9trica de \u00faltima gera\u00e7\u00e3o&#8221;.<\/div>\n<div class=\"title__separator\" style=\"text-align: justify;\"><\/div>\n<div class=\"article__text\">\n<p style=\"text-align: justify;\"><b>Andrea De Angelis \u2013 Vatican News<\/b><\/p>\n<div style=\"text-align: justify;\">\n<div class=\"article__embed article__embed--unwrap article__embed--dark\">\n<div class=\"article__innerTitle\">Ou\u00e7a a reportagem e compartilhe<\/div>\n<\/div>\n<\/div>\n<div style=\"text-align: justify;\">\n<aside class=\"article__readmore\">\n<div class=\"teaser--labelEvidence teaser teaser--type-article\">\n<article>\n<div class=\"teaser__labelWrapper\"><\/div>\n<div class=\"teaser__contentWrapper\">\n<div>\n<!--[if lt IE 9]><script>document.createElement('audio');<\/script><![endif]-->\n<audio class=\"wp-audio-shortcode\" id=\"audio-60251-1\" preload=\"none\" style=\"width: 100%;\" controls=\"controls\"><source type=\"audio\/mpeg\" src=\"https:\/\/media.vaticannews.va\/media\/audio\/s1\/2020\/06\/25\/12\/135638463_F135638463.mp3?_=1\" \/><a href=\"https:\/\/media.vaticannews.va\/media\/audio\/s1\/2020\/06\/25\/12\/135638463_F135638463.mp3\">https:\/\/media.vaticannews.va\/media\/audio\/s1\/2020\/06\/25\/12\/135638463_F135638463.mp3<\/a><\/audio>\n<\/div>\n<\/div>\n<\/article>\n<\/div>\n<\/aside>\n<\/div>\n<p style=\"text-align: justify;\">Nestes meses de pandemia, tem se registrado um grande esfor\u00e7o dos volunt\u00e1rios da Unitalsi para permanecer junto \u00e0s pessoas. Com um gesto, um telefonema, atrav\u00e9s de uma mensagem de conforto e esperan\u00e7a.<\/p>\n<h2 style=\"text-align: justify;\">Unitalsi ao lado dos doentes<\/h2>\n<p style=\"text-align: justify;\">\u00c9 a proximidade, aquela que o Papa Francisco tantas vezes ressaltou a sua import\u00e2ncia. Hoje, a Unitalsi reacende os motores tamb\u00e9m para as peregrina\u00e7\u00f5es, como aquela de Lourdes, em agosto, cujo programa promete mais uma vez o m\u00e1ximo compromisso para satisfazer os pedidos de tantos doentes. A solidariedade se torna concreta, portanto, al\u00e9m das conting\u00eancias do momento, na firme convic\u00e7\u00e3o de que h\u00e1 muitas maneiras de financiar os projetos. Entre eles, inclusive o leil\u00e3o beneficente para os pequenos pacientes do Gemelli de Roma.<\/p>\n<h2 style=\"text-align: justify;\">Um gesto de amor e caridade<\/h2>\n<p style=\"text-align: justify;\">A presidente da Se\u00e7\u00e3o de Roma e Lazio da Unitalsi, Preziosa Terrinoni, lembra que &#8220;o Santo Padre sempre esteve perto das crian\u00e7as e, al\u00e9m de se entreter com elas cada vez que visitou a estrutura, alguns anos atr\u00e1s tamb\u00e9m quis receb\u00ea-las em visita particular no Vaticano&#8221;. Nem mesmo o Papa jamais esqueceu daquele dia memor\u00e1vel passado junto \u00e0s crian\u00e7as da unidade de oncologia do Gemelli. De fato, nos \u00faltimos dias, \u201cele pensou nelas doando uma bicicleta el\u00e9trica de \u00faltima gera\u00e7\u00e3o&#8221;.<\/p>\n<h2 style=\"text-align: justify;\">As crian\u00e7as em peregrina\u00e7\u00e3o a Lourdes<\/h2>\n<p style=\"text-align: justify;\">O secret\u00e1rio particular do Papa, Mons. Yoannis Lahzi Gaid, fez a intermedia\u00e7\u00e3o e entregou o presente aos respons\u00e1veis da Se\u00e7\u00e3o de Roma e Lazio da Unitalsi para transform\u00e1-lo em um instrumento de solidariedade. De fato, a bicicleta el\u00e9trica ser\u00e1 leiloada no portal da Unitalsi, onde foi criada uma p\u00e1gina especial que explica as caracter\u00edsticas t\u00e9cnicas da bicicleta e as modalidades para participar do leil\u00e3o beneficente.<\/p>\n<p style=\"text-align: justify;\">A renda ser\u00e1 doada \u00e0s crian\u00e7as internadas no Policl\u00ednico Gemelli, de Roma, para dar aos pequenos a experi\u00eancia da peregrina\u00e7\u00e3o, caracterizada pela amizade, f\u00e9 e partilha.<\/p>\n<p style=\"text-align: justify;\">Pe. Gianni Toni, assistente da se\u00e7\u00e3o de Roma e Lazio da Unitalsi, em entrevista ao Vatican News, afirma que, com esse presente, \u201co Papa Francisco tamb\u00e9m deu um apoio psicol\u00f3gico aos volunt\u00e1rios, nos disse para recome\u00e7ar e fez isso nos dando um est\u00edmulo para voltar a caminhar, apoiando-nos. Para n\u00f3s \u00e9 como se dissesse &#8216;caminho com voc\u00eas&#8217; e isso \u00e9 muito importante&#8221;.<\/p>\n<p style=\"text-align: justify;\">O sacerdote ressalta que, nestes meses, nunca pararam as atividades, j\u00e1 que os volunt\u00e1rios t\u00eam estado incessantemente pr\u00f3ximos aos doentes de diferentes maneiras. Pe. Gianni finaliza, ao lembrar as palavras do Papa:<\/p>\n<div>\n<div class=\"article__embed article__embed--border embed_style\">\n<blockquote><p>\u201cN\u00e3o h\u00e1 maior poder do que o servi\u00e7o. Servir o irm\u00e3o significa estar a seu lado, tornar humana a rotina do dia a dia.\u201d<\/p><\/blockquote>\n<\/div>\n<\/div>\n<\/div>\n<\/div>\n","protected":false},"excerpt":{"rendered":"<p>Um dos tantos gestos de carinho do Papa aos pequenos doentes\u00a0 (Vatican Media) Um leil\u00e3o beneficente vai recolher as ofertas necess\u00e1rias para pagar aos pequenos pacientes uma viagem de peregrina\u00e7\u00e3o a Lourdes. A iniciativa em prol das crian\u00e7as da unidade de oncologia do Hospital Policl\u00ednico Gemelli, de Roma, est\u00e1 sendo organizada pela se\u00e7\u00e3o de Roma [&hellip;]<\/p>\n","protected":false},"author":1,"featured_media":60252,"comment_status":"open","ping_status":"closed","sticky":false,"template":"","format":"standard","meta":{"footnotes":""},"categories":[3],"tags":[],"class_list":["post-60251","post","type-post","status-publish","format-standard","has-post-thumbnail","hentry","category-vaticano"],"_links":{"self":[{"href":"https:\/\/catolicanet.net\/wp-cnet\/wp-json\/wp\/v2\/posts\/60251","targetHints":{"allow":["GET"]}}],"collection":[{"href":"https:\/\/catolicanet.net\/wp-cnet\/wp-json\/wp\/v2\/posts"}],"about":[{"href":"https:\/\/catolicanet.net\/wp-cnet\/wp-json\/wp\/v2\/types\/post"}],"author":[{"embeddable":true,"href":"https:\/\/catolicanet.net\/wp-cnet\/wp-json\/wp\/v2\/users\/1"}],"replies":[{"embeddable":true,"href":"https:\/\/catolicanet.net\/wp-cnet\/wp-json\/wp\/v2\/comments?post=60251"}],"version-history":[{"count":1,"href":"https:\/\/catolicanet.net\/wp-cnet\/wp-json\/wp\/v2\/posts\/60251\/revisions"}],"predecessor-version":[{"id":60253,"href":"https:\/\/catolicanet.net\/wp-cnet\/wp-json\/wp\/v2\/posts\/60251\/revisions\/60253"}],"wp:featuredmedia":[{"embeddable":true,"href":"https:\/\/catolicanet.net\/wp-cnet\/wp-json\/wp\/v2\/media\/60252"}],"wp:attachment":[{"href":"https:\/\/catolicanet.net\/wp-cnet\/wp-json\/wp\/v2\/media?parent=60251"}],"wp:term":[{"taxonomy":"category","embeddable":true,"href":"https:\/\/catolicanet.net\/wp-cnet\/wp-json\/wp\/v2\/categories?post=60251"},{"taxonomy":"post_tag","embeddable":true,"href":"https:\/\/catolicanet.net\/wp-cnet\/wp-json\/wp\/v2\/tags?post=60251"}],"curies":[{"name":"wp","href":"https:\/\/api.w.org\/{rel}","templated":true}]}}