{"id":60245,"date":"2020-06-25T10:03:35","date_gmt":"2020-06-25T13:03:35","guid":{"rendered":"https:\/\/catolicanet.net\/wp-cnet\/?p=60245"},"modified":"2020-06-25T12:04:25","modified_gmt":"2020-06-25T15:04:25","slug":"fraternidade-humana-solidariedade-dos-emirados-arabes-a-iquitos","status":"publish","type":"post","link":"https:\/\/catolicanet.net\/wp-cnet\/fraternidade-humana-solidariedade-dos-emirados-arabes-a-iquitos\/","title":{"rendered":"Fraternidade Humana: solidariedade dos Emirados \u00c1rabes a Iquitos"},"content":{"rendered":"<figure class=\"article__image\" style=\"text-align: justify;\"><span class=\"didascalia_img\">Papa Francisco e o Xeque Mohammed Bin Zayed bin Sultan Al-Nahyan pr\u00edncipe herdeiro de Abu Dhabi\u00a0<\/span><\/figure>\n<div class=\"article__meta\" style=\"text-align: justify;\"><\/div>\n<div>\n<div class=\"article__subTitle\" style=\"text-align: justify;\">A colabora\u00e7\u00e3o entre os dicast\u00e9rios da Educa\u00e7\u00e3o da Santa S\u00e9 e os Emirados \u00c1rabes Unidos deu origem a uma nova rota de solidariedade. O pr\u00edncipe herdeiro de Abu Dhabi enviou a Iquitos, no Peru, 50 toneladas de ajudas humanit\u00e1rias<\/div>\n<div class=\"title__separator\" style=\"text-align: justify;\"><\/div>\n<div class=\"article__text\">\n<p style=\"text-align: justify;\"><b>VATICAN NEWS<\/b><\/p>\n<p style=\"text-align: justify;\">No c\u00e9u, mais vazio por causa das limita\u00e7\u00f5es impostas pela Covid-19, abriu-se uma nova rota de solidariedade. Liga Abu Dhabi, capital dos Emirados \u00c1rabes Unidos, e Lima, no Peru: na quinta-feira, 25 de junho, um avi\u00e3o com 50 toneladas de ajudas humanit\u00e1rias a bordo parte para a capital sul-americana. Depois por terra, a carga continuar\u00e1 at\u00e9 seu destino final:\u00a0<b>Iquitos<\/b>, cidade de 400 mil habitantes localizada \u00e0s margens do rio Amazonas, no cora\u00e7\u00e3o da floresta amaz\u00f4nica. O voo transporta materiais necess\u00e1rios para conter a propaga\u00e7\u00e3o da pandemia, que tem seu novo epicentro global na Am\u00e9rica do Sul. M\u00e1scaras, luvas, touca hospitalar, aventais, oxig\u00eanio m\u00e9dico e alimentos n\u00e3o perec\u00edveis que ser\u00e3o distribu\u00eddos pelas Igrejas locais: uma parte ser\u00e1 destinada aos hospitais, ambulat\u00f3rios e escolas e a parte restante ser\u00e1 distribu\u00edda \u00e0s fam\u00edlias da regi\u00e3o.<\/p>\n<p style=\"text-align: justify;\">A iniciativa partiu da Funda\u00e7\u00e3o Pontif\u00edcia<i>\u00a0Gravissimum Educationis<\/i>, da Congrega\u00e7\u00e3o para a Educa\u00e7\u00e3o Cat\u00f3lica da Santa S\u00e9 e contou com a participa\u00e7\u00e3o do\u00a0<b>Xeque Mohamed bin Zayed<\/b>, Pr\u00edncipe de Abu Dhabi. O Pr\u00edncipe respondeu ao convite do Papa Francisco de ajudar as pessoas mais pobres do mundo e o fez atrav\u00e9s da doa\u00e7\u00e3o destes materiais de sa\u00fade. Esta colabora\u00e7\u00e3o \u00e9 fruto dos acordos do \u201cDocumento sobre a Fraternidade Humana em prol da paz mundial e da conviv\u00eancia comum\u201d, assinado em Abu Dhabi, por ocasi\u00e3o da visita do Papa Francisco em fevereiro de 2019.<\/p>\n<p style=\"text-align: justify;\">\u201cPopula\u00e7\u00f5es inteiras n\u00e3o s\u00f3 enfrentam uma pandemia, mas tamb\u00e9m a pobreza que o confinamento obriga&#8221;, comentou\u00a0<b>Dom Guy-R\u00e9al Thivierge<\/b>, Secret\u00e1rio Geral da Funda\u00e7\u00e3o. &#8220;Nesta situa\u00e7\u00e3o, a prioridade de todos \u00e9 sobreviver. \u00c9 por isso que devemos primeiro atender as necessidades b\u00e1sicas (alimenta\u00e7\u00e3o e sa\u00fade), depois as necessidades educacionais. \u00c9 uma abordagem que abre o caminho para a educa\u00e7\u00e3o integral.<\/p>\n<\/div>\n<\/div>\n","protected":false},"excerpt":{"rendered":"<p>Papa Francisco e o Xeque Mohammed Bin Zayed bin Sultan Al-Nahyan pr\u00edncipe herdeiro de Abu Dhabi\u00a0 A colabora\u00e7\u00e3o entre os dicast\u00e9rios da Educa\u00e7\u00e3o da Santa S\u00e9 e os Emirados \u00c1rabes Unidos deu origem a uma nova rota de solidariedade. O pr\u00edncipe herdeiro de Abu Dhabi enviou a Iquitos, no Peru, 50 toneladas de ajudas humanit\u00e1rias [&hellip;]<\/p>\n","protected":false},"author":1,"featured_media":60246,"comment_status":"open","ping_status":"closed","sticky":false,"template":"","format":"standard","meta":{"footnotes":""},"categories":[3],"tags":[],"class_list":["post-60245","post","type-post","status-publish","format-standard","has-post-thumbnail","hentry","category-vaticano"],"_links":{"self":[{"href":"https:\/\/catolicanet.net\/wp-cnet\/wp-json\/wp\/v2\/posts\/60245","targetHints":{"allow":["GET"]}}],"collection":[{"href":"https:\/\/catolicanet.net\/wp-cnet\/wp-json\/wp\/v2\/posts"}],"about":[{"href":"https:\/\/catolicanet.net\/wp-cnet\/wp-json\/wp\/v2\/types\/post"}],"author":[{"embeddable":true,"href":"https:\/\/catolicanet.net\/wp-cnet\/wp-json\/wp\/v2\/users\/1"}],"replies":[{"embeddable":true,"href":"https:\/\/catolicanet.net\/wp-cnet\/wp-json\/wp\/v2\/comments?post=60245"}],"version-history":[{"count":1,"href":"https:\/\/catolicanet.net\/wp-cnet\/wp-json\/wp\/v2\/posts\/60245\/revisions"}],"predecessor-version":[{"id":60247,"href":"https:\/\/catolicanet.net\/wp-cnet\/wp-json\/wp\/v2\/posts\/60245\/revisions\/60247"}],"wp:featuredmedia":[{"embeddable":true,"href":"https:\/\/catolicanet.net\/wp-cnet\/wp-json\/wp\/v2\/media\/60246"}],"wp:attachment":[{"href":"https:\/\/catolicanet.net\/wp-cnet\/wp-json\/wp\/v2\/media?parent=60245"}],"wp:term":[{"taxonomy":"category","embeddable":true,"href":"https:\/\/catolicanet.net\/wp-cnet\/wp-json\/wp\/v2\/categories?post=60245"},{"taxonomy":"post_tag","embeddable":true,"href":"https:\/\/catolicanet.net\/wp-cnet\/wp-json\/wp\/v2\/tags?post=60245"}],"curies":[{"name":"wp","href":"https:\/\/api.w.org\/{rel}","templated":true}]}}