{"id":6022,"date":"2015-07-16T14:49:03","date_gmt":"2015-07-16T17:49:03","guid":{"rendered":"http:\/\/catolicanet.net\/wp-cnet\/alunos-do-colegio-marista-gloria-arrecadam-oito-toneladas-de-alimentos\/"},"modified":"2017-04-10T14:12:18","modified_gmt":"2017-04-10T17:12:18","slug":"alunos-do-colegio-marista-gloria-arrecadam-oito-toneladas-de-alimentos","status":"publish","type":"post","link":"https:\/\/catolicanet.net\/wp-cnet\/alunos-do-colegio-marista-gloria-arrecadam-oito-toneladas-de-alimentos\/","title":{"rendered":"Alunos do Col\u00e9gio Marista Gl\u00f3ria arrecadam oito toneladas de alimentos"},"content":{"rendered":"<p style=\"text-align: justify;\">\n<p> <img decoding=\"async\" src=\"http:\/\/catolicanet.com.br\/images\/stories\/geral\/crianas arrecadam.png\" border=\"0\" align=\"left\" \/> As doa\u00e7\u00f5es ser\u00e3o direcionadas a institui\u00e7\u00f5es vizinhas da escola<br \/>Durante o Festival Champagnat, alunos do Col\u00e9gio Marista Nossa Senhora da Gl\u00f3ria arrecadaram oito toneladas de alimentos que ser\u00e3o doados para institui\u00e7\u00f5es do entorno do Col\u00e9gio, como a Creche In\u00edcio de luz, Creche Flos Carmeli e Instituto Beneficente Nosso Lar.<\/p>\n<p>O evento, que celebra a data do fundador do Instituto Marista, S\u00e3o Marcelino Champagnat, aconteceu de 29 de junho a 1 de julho, com atividades recreativas, esportivas e solid\u00e1rias. Al\u00e9m da arrecada\u00e7\u00e3o de alimentos, foram realizados jogos, quiz musical, gincana da r\u00e1dio, tarefas comunit\u00e1rias e mostra gastron\u00f4mica. <\/p>\n<p>A coordenadora do N\u00facleo Cultural, Keila Castro, explica que a arrecada\u00e7\u00e3o de alimentos \u00e9 uma das<img decoding=\"async\" src=\"http:\/\/catolicanet.com.br\/images\/stories\/geral\/crianas arrecadam 2.png\" border=\"0\" align=\"right\" \/> tarefas do festival e cada turma arrecada itens de cesta b\u00e1sica, como a\u00e7\u00facar, fub\u00e1, arroz, achocolatado, farinha de trigo, feij\u00e3o, macarr\u00e3o e \u00f3leo de cozinha. <\/p>\n<p>\u201cOs alunos surpreenderam com criatividade e solidariedade. Mais uma vez, a arrecada\u00e7\u00e3o de mantimentos bateu recorde e ir\u00e1 beneficiar as ONGs parceiras do Col\u00e9gio\u201d, diz a coordenadora.<\/p>\n<p>Este ano o tema do Festival Champagnat foi dividido por seguimentos: para a Educa\u00e7\u00e3o Infantil e o Ensino Fundamental 1, &#8220;Descobrindo o Brasil Marista: tradi\u00e7\u00f5es e culturas&#8221;; para o Ensino Fundamental 2 e Ensino M\u00e9dio, &#8220;Descobrindo a Am\u00e9rica Marista: tradi\u00e7\u00f5es e culturas&#8221;. <\/p>\n<p>\u201c\u00c9 admir\u00e1vel a movimenta\u00e7\u00e3o de nossos alunos e de nossas fam\u00edlias em um exerc\u00edcio de solidariedade, disciplina, companheirismo e envolvimento que extrapola os muros do col\u00e9gio, e \u00e9 fator importante na forma\u00e7\u00e3o do car\u00e1ter de nossos alunos\u201d, declara Miriam Bevilacqua, diretora geral do Col\u00e9gio Marista Nossa Senhora da Gl\u00f3ria, da Rede de Col\u00e9gios do Grupo Marista. <\/p>\n<p>Col\u00e9gio Marista Nossa Senhora da Gl\u00f3ria <br \/>Inspirado em valores s\u00f3lidos e acompanhando as mudan\u00e7as da sociedade, o Col\u00e9gio Marista Nossa Senhora da Gl\u00f3ria, uma unidade do Grupo Marista, baseia-se na excel\u00eancia de 113 anos em Educa\u00e7\u00e3o para formar agentes de transforma\u00e7\u00e3o. Localizado na cidade de S\u00e3o Paulo (SP), contribui com o desenvolvimento de gera\u00e7\u00f5es de profissionais, l\u00edderes sociais, expoentes na pol\u00edtica, nas ci\u00eancias e nas artes. Seus 900 alunos disp\u00f5em de ampla infraestrutura e uma aprendizagem que se inicia na Educa\u00e7\u00e3o Infantil e se aprofunda ao longo do Ensino Fundamental e M\u00e9dio. O compromisso com os resultados envolve prepara\u00e7\u00e3o para todas as provas da vida. Outras informa\u00e7\u00f5es, acesse:\u00a0 www.colegiosmaristas.com.br<\/p>\n<p>Sobre o Grupo Marista <br \/>No Brasil desde 1897, o Instituto Marista divide-se em unidades administrativas no Pa\u00eds. Uma delas \u00e9 o Grupo Marista \u2013 presente no Paran\u00e1, Santa Catarina, S\u00e3o Paulo, Mato Grosso do Sul, na cidade de Goi\u00e2nia e no Distrito Federal, al\u00e9m de filiais da FTD em nove estados \u2013 com atua\u00e7\u00e3o nas \u00e1reas de Educa\u00e7\u00e3o, Solidariedade, Sa\u00fade e Comunica\u00e7\u00e3o, por meio de uma agremia\u00e7\u00e3o de organiza\u00e7\u00f5es sem fins econ\u00f4micos. Na Educa\u00e7\u00e3o, seus col\u00e9gios, centros t\u00e9cnicos e universidades formam mais de 60 mil pessoas anualmente e ampliam o conhecimento com a publica\u00e7\u00e3o de 34 milh\u00f5es de livros em editoras pr\u00f3prias. A Rede Marista de Solidariedade atende diretamente 16 mil crian\u00e7as e jovens de maneira cont\u00ednua, al\u00e9m de atuar em todas as frentes do Grupo Marista a partir de programas com base na promo\u00e7\u00e3o e defesa dos direitos das inf\u00e2ncias e juventudes, bem como estrat\u00e9gias de incid\u00eancia pol\u00edtica e fomento \u00e0 educa\u00e7\u00e3o para a solidariedade. Na Sa\u00fade, seus hospitais realizam 443 mil atendimentos ao ano e proporcionam a\u00e7\u00f5es de humaniza\u00e7\u00e3o, conscientiza\u00e7\u00e3o e preven\u00e7\u00e3o. Na Comunica\u00e7\u00e3o, suas r\u00e1dios prezam pela difus\u00e3o de conhecimento, cultura e cidadania. E, diariamente, seus cerca de 14 mil colaboradores vivenciam e disseminam valores humanos, crist\u00e3os e Maristas para formar cidad\u00e3os \u00e9ticos, justos e solid\u00e1rios. Outras informa\u00e7\u00f5es, acesse: www.grupomarista.org.br<\/p>\n<p>Fonte: Cintia Gomes &#8211; Lead Comunica\u00e7\u00e3o<\/p>\n","protected":false},"excerpt":{"rendered":"<p>As doa\u00e7\u00f5es ser\u00e3o direcionadas a institui\u00e7\u00f5es vizinhas da escolaDurante o Festival Champagnat, alunos do Col\u00e9gio Marista Nossa Senhora da Gl\u00f3ria arrecadaram oito toneladas de alimentos que ser\u00e3o doados para institui\u00e7\u00f5es do entorno do Col\u00e9gio, como a Creche In\u00edcio de luz, Creche Flos Carmeli e Instituto Beneficente Nosso Lar. O evento, que celebra a data do [&hellip;]<\/p>\n","protected":false},"author":1,"featured_media":0,"comment_status":"closed","ping_status":"closed","sticky":false,"template":"","format":"standard","meta":{"footnotes":""},"categories":[4],"tags":[],"class_list":["post-6022","post","type-post","status-publish","format-standard","hentry","category-cotidiano"],"_links":{"self":[{"href":"https:\/\/catolicanet.net\/wp-cnet\/wp-json\/wp\/v2\/posts\/6022","targetHints":{"allow":["GET"]}}],"collection":[{"href":"https:\/\/catolicanet.net\/wp-cnet\/wp-json\/wp\/v2\/posts"}],"about":[{"href":"https:\/\/catolicanet.net\/wp-cnet\/wp-json\/wp\/v2\/types\/post"}],"author":[{"embeddable":true,"href":"https:\/\/catolicanet.net\/wp-cnet\/wp-json\/wp\/v2\/users\/1"}],"replies":[{"embeddable":true,"href":"https:\/\/catolicanet.net\/wp-cnet\/wp-json\/wp\/v2\/comments?post=6022"}],"version-history":[{"count":1,"href":"https:\/\/catolicanet.net\/wp-cnet\/wp-json\/wp\/v2\/posts\/6022\/revisions"}],"predecessor-version":[{"id":10886,"href":"https:\/\/catolicanet.net\/wp-cnet\/wp-json\/wp\/v2\/posts\/6022\/revisions\/10886"}],"wp:attachment":[{"href":"https:\/\/catolicanet.net\/wp-cnet\/wp-json\/wp\/v2\/media?parent=6022"}],"wp:term":[{"taxonomy":"category","embeddable":true,"href":"https:\/\/catolicanet.net\/wp-cnet\/wp-json\/wp\/v2\/categories?post=6022"},{"taxonomy":"post_tag","embeddable":true,"href":"https:\/\/catolicanet.net\/wp-cnet\/wp-json\/wp\/v2\/tags?post=6022"}],"curies":[{"name":"wp","href":"https:\/\/api.w.org\/{rel}","templated":true}]}}