{"id":60217,"date":"2020-06-24T10:22:07","date_gmt":"2020-06-24T13:22:07","guid":{"rendered":"https:\/\/catolicanet.net\/wp-cnet\/?p=60217"},"modified":"2020-06-24T11:23:22","modified_gmt":"2020-06-24T14:23:22","slug":"como-reconhecer-os-sinais-de-deus-em-nossa-vida","status":"publish","type":"post","link":"https:\/\/catolicanet.net\/wp-cnet\/como-reconhecer-os-sinais-de-deus-em-nossa-vida\/","title":{"rendered":"Como reconhecer os sinais de Deus em nossa vida?"},"content":{"rendered":"<h2 class=\"subtitle\" style=\"text-align: justify;\">Temos a tend\u00eancia de acreditar que os acontecimentos extraordin\u00e1rios s\u00e3o mensagens divinas. Deus fala conosco atrav\u00e9s de sinais e milagres? Se fosse assim, como discernir os aut\u00eanticos? Como interpret\u00e1-los?<\/h2>\n<div class=\"base-post-content\">\n<p class=\"p1\" style=\"text-align: justify;\"><span class=\"s1\">Se Deus interv\u00e9m em nossas vidas, como podemos ter certeza de que \u00e9 Ele quem age e n\u00e3o n\u00f3s que o projetamos? Esta \u00e9 a resposta do padre Olivier-Marie Rousseau.<\/span><\/p>\n<p class=\"p1\" style=\"text-align: justify;\"><span class=\"s1\"><b>O que \u00e9 um sinal?<\/b><\/span><\/p>\n<p class=\"p1\" style=\"text-align: justify;\"><span class=\"s1\">O sinal \u00e9 uma realidade vis\u00edvel que encaminha a uma realidade invis\u00edvel. E o ser humano, que \u00e9 ao mesmo tempo corporal e espiritual, precisa de sinais para se comunicar.<\/span><\/p>\n<p class=\"p1\" style=\"text-align: justify;\"><span class=\"s1\">Por exemplo, a natureza, por sua beleza, variedade e complexidade, pode despertar um fasc\u00ednio que envolve um questionamento at\u00e9 o reconhecimento da exist\u00eancia de um Deus criador.<\/span><\/p>\n<p class=\"p1\" style=\"text-align: justify;\"><span class=\"s1\">N\u00e3o \u00e9 algo que imp\u00f5e a f\u00e9, mas prepara o cora\u00e7\u00e3o para a adora\u00e7\u00e3o. \u00c9 uma atitude natural, que ainda n\u00e3o \u00e9 a da f\u00e9, mas que \u00e9 necess\u00e1ria para a f\u00e9. Porque a gra\u00e7a n\u00e3o suprime a natureza.<\/span><\/p>\n<p class=\"p1\" style=\"text-align: justify;\"><span class=\"s1\"><b>Na ordem sobrenatural, quais s\u00e3o os sinais que podem dar origem \u00e0 f\u00e9?<\/b><\/span><\/p>\n<div class=\"nativo-inread\" style=\"text-align: justify;\"><\/div>\n<p class=\"p1\" style=\"text-align: justify;\"><span class=\"s1\">No\u00a0<i>Evangelho segundo S\u00e3o Jo\u00e3o<\/i>, o primeiro sinal que Cristo realiza \u00e9 o milagre de Can\u00e1: atrav\u00e9s da peti\u00e7\u00e3o da Virgem Maria, ele transforma \u00e1gua em vinho.<\/span><\/p>\n<p class=\"p1\" style=\"text-align: justify;\"><span class=\"s1\">Assim, fornece um sinal ou uma indica\u00e7\u00e3o que atesta que Deus ouve nossa ora\u00e7\u00e3o e a responde por superabund\u00e2ncia: o vinho \u00e9 o melhor!<\/span><\/p>\n<p class=\"p1\" style=\"text-align: justify;\"><span class=\"s1\">Deus \u00e9 maior que nossos cora\u00e7\u00f5es e, em todo o seu minist\u00e9rio p\u00fablico, Jesus Cristo multiplica os sinais (curas, exorcismos, ressurrei\u00e7\u00f5es) para despertar essa confian\u00e7a e nos levar ao mist\u00e9rio pascal, o sinal mais importante sem o qual \u201csua f\u00e9 \u00e9 in\u00fatil\u201d(<i>1 Cor<\/i>\u00a015, 17).\u00a0<\/span><span class=\"s1\">Jesus Cristo d\u00e1 gr\u00e1tis e espera uma resposta livre.<\/span><\/p>\n<p class=\"p1\" style=\"text-align: justify;\"><span class=\"s1\"><b>Como?<\/b><\/span><\/p>\n<p class=\"p1\" style=\"text-align: justify;\"><span class=\"s1\">Quando Jesus Cristo multiplica os p\u00e3es (<i>Jo 6<\/i>, 12-15), ele oferece um sinal de poder que seduz a multid\u00e3o a ponto de querer \u201ctorn\u00e1-lo rei\u201d. Mas Jesus foge deles porque ele n\u00e3o quer ser usado em suas categorias de efic\u00e1cia.<\/span><\/p>\n<p class=\"p1\" style=\"text-align: justify;\"><span class=\"s1\">\u201cTrabalhai, n\u00e3o pela comida que perece, mas pela que dura at\u00e9 a vida eterna\u201d, ele lhes pergunta, antes de sofrer seus reveses: \u201cQue milagres fazes para que o vejamos e creiamos em ti?\u201d (<i>Jo<\/i>\u00a06,30).<\/span><\/p>\n<p class=\"p1\" style=\"text-align: justify;\"><span class=\"s1\">Jesus responde sem desviar sua pergunta, mas inverte sua l\u00f3gica: \u201cEu sou o p\u00e3o da vida\u201d (<i>Jo<\/i>\u00a06,35). Oferecendo-se dessa maneira, ele prop\u00f5e aos disc\u00edpulos passar da realidade vis\u00edvel (os p\u00e3es que enchem os cestos) ao mist\u00e9rio do \u201cP\u00e3o da Vida\u201d pelo qual Ele se identifica.<\/span><\/p>\n<p class=\"p1\" style=\"text-align: justify;\"><span class=\"s1\">Mas a linguagem dele \u00e9 \u201cmuito dif\u00edcil\u201d para o esp\u00edrito de alguns deles, diz o Evangelho: alguns deles o seguir\u00e3o, outros o evitar\u00e3o.<\/span><\/p>\n<p class=\"p1\" style=\"text-align: justify;\"><span class=\"s1\"><b>Existem outros sinais mais sens\u00edveis e mais acess\u00edveis?<\/b><\/span><\/p>\n<p class=\"p1\" style=\"text-align: justify;\"><span class=\"s1\">Juntamente com o sacramento do altar, h\u00e1 o sacramento do irm\u00e3o, em particular a diaconia dos pobres, \u201cnossos professores\u201d, segundo a bela express\u00e3o de S\u00e3o Vicente de Paulo, sinais da pobreza do Pres\u00e9pio e da Cruz, mas com uma condi\u00e7\u00e3o: que nossa generosidade n\u00e3o se reduza a um simples compromisso humanit\u00e1rio.<\/span><\/p>\n<p class=\"p1\" style=\"text-align: justify;\"><span class=\"s1\">\u201cE ainda que distribu\u00edsse toda a minha fortuna para sustento dos pobres, e ainda que entregasse o meu corpo para ser queimado, e n\u00e3o tivesse amor, nada disso me aproveitaria\u201d (<i>1 Cor<\/i>\u00a013,3). Para que o sinal sens\u00edvel se torne significativo para Jesus Cristo, ele deve ser motivado pela gra\u00e7a.<\/span><\/p>\n<p class=\"p1\" style=\"text-align: justify;\"><span class=\"s1\"><b>Deus pode intervir diretamente em nossa vida?<\/b><\/span><\/p>\n<p class=\"p1\" style=\"text-align: justify;\"><span class=\"s1\">Claro que sim! Por exemplo, um encontro improv\u00e1vel que muda o caminho da minha vida e abre portas inesperadas, sem voluntarismo da minha parte, ou uma certeza interior que prevalece e se repete para lan\u00e7ar uma iniciativa bastante realista para n\u00e3o ser o resultado da ilus\u00e3o.<\/span><\/p>\n<p class=\"p1\" style=\"text-align: justify;\"><span class=\"s1\"><b>Como discernir a autenticidade dos sinais de Deus?<\/b><\/span><\/p>\n<p class=\"p1\" style=\"text-align: justify;\"><span class=\"s1\">A marca de Deus \u00e9 reconhecida pelos seus frutos (<i>Gl<\/i>\u00a05,22). Mas n\u00e3o podemos ser um juiz e uma parte, por isso \u00e9 importante ter confirma\u00e7\u00e3o.<\/span><\/p>\n<p class=\"p1\" style=\"text-align: justify;\"><span class=\"s1\">S\u00e3o Jo\u00e3o da Cruz v\u00ea tr\u00eas raz\u00f5es para isso: verificar a conformidade dos sinais com a palavra de Deus, confiar em outra pessoa para n\u00e3o se acostumar ao \u201ccaminho dos sentidos\u201d que n\u00e3o durar\u00e1, e para que \u201ca alma permane\u00e7a na humildade, na depend\u00eancia e na mortifica\u00e7\u00e3o\u201d.<\/span><\/p>\n<p class=\"p1\" style=\"text-align: justify;\"><span class=\"s1\">Ao caminharmos sozinhos, poder\u00edamos nos orgulhar de ser privilegiados pelos sinais. Uma terr\u00edvel armadilha espiritual.<\/span><\/p>\n<p class=\"p1\" style=\"text-align: justify;\"><span class=\"s1\"><b>Podemos estar errados nesse ponto?<\/b><\/span><\/p>\n<p class=\"p1\" style=\"text-align: justify;\"><span class=\"s1\">Se o cora\u00e7\u00e3o n\u00e3o foi educado nas virtudes cardeais, purificado pelo exerc\u00edcio das virtudes teol\u00f3gicas, nutrido pela palavra de Deus e pela pr\u00e1tica dos sacramentos, corre o risco de ser subjugado por suas paix\u00f5es, v\u00edtima de defici\u00eancias emocionais, prisioneiro de sistemas compensat\u00f3rios.<\/span><\/p>\n<p class=\"p1\" style=\"text-align: justify;\"><span class=\"s1\">S\u00e3o dist\u00farbios que prejudicam o exerc\u00edcio da liberdade e podem perverter os sinais de Deus, apropriando-os \u00e0 sua vontade, em vez de serem conduzidos com confian\u00e7a. \u00c9 nisso que tudo se resume. Mas o Dem\u00f4nio pode obscurecer os sinais, parasitar seu significado.<\/span><\/p>\n<p class=\"p1\" style=\"text-align: justify;\"><span class=\"s1\">Durante as tenta\u00e7\u00f5es de Cristo no deserto (<i>Lc<\/i>\u00a04,1-13), o Dem\u00f4nio exige sinais \u2013 prodigiosos, espetaculares, espl\u00eandidos \u2013 que negam o realismo da condi\u00e7\u00e3o humana e exaltam a onipot\u00eancia com a finalidade de desviar Cristo de sua encarna\u00e7\u00e3o e de sua miss\u00e3o.<\/span><\/p>\n<p class=\"p1\" style=\"text-align: justify;\"><span class=\"s1\">E n\u00f3s mesmos, quando vamos ao deserto, pela atra\u00e7\u00e3o da ora\u00e7\u00e3o ou por um sofrimento solit\u00e1rio, n\u00e3o estamos protegidos dessas tenta\u00e7\u00f5es.<\/span><\/p>\n<p class=\"p1\" style=\"text-align: justify;\"><span class=\"s1\">O deserto \u00e9 o lugar das miragens, a imagina\u00e7\u00e3o se desenvolve ali sem limites, at\u00e9 cairmos no orgulho ou no desespero, se n\u00e3o estivermos em uma atitude de adora\u00e7\u00e3o. Uma atitude em que a criatura se reconhece finita, pecaminosa e dependente de seu Criador.<\/span><\/p>\n<p class=\"p1\" style=\"text-align: justify;\"><span class=\"s1\"><b>Devemos esperar pelos sinais de Deus ou devemos pedir eles \u00e0 Ele?<\/b><\/span><\/p>\n<p class=\"p1\" style=\"text-align: justify;\"><span class=\"s1\">Podemos pedir eles a Ele, mas com humildade no cora\u00e7\u00e3o e pobreza de esp\u00edrito. Porque Deus n\u00e3o enviar\u00e1 necessariamente o sinal que esperamos. Ou, mais provavelmente, sua resposta ser\u00e1 t\u00e3o abundante que a consci\u00eancia de nossa extrema pequenez diante de sua infinita grandeza crescer\u00e1 em n\u00f3s.<\/span><\/p>\n<p class=\"p1\" style=\"text-align: justify;\"><span class=\"s1\">Em sua pedagogia divina, Deus nos guia gentil e firmemente, purificando nosso \u00e1vido cora\u00e7\u00e3o e nossa mente cega que desejam \u201cp\u00f4r a m\u00e3o\u201d em suas gra\u00e7as, como S\u00e3o Pedro queria colocar sua tenda no monte Tabor diante de Jesus Cristo transfigurado.<\/span><\/p>\n<p class=\"p1\" style=\"text-align: justify;\"><span class=\"s1\">Deus nos chama a abandonar os pastos f\u00e9rteis da plan\u00edcie para subir aos picos mais secos, por\u00e9m mais puros, gradualmente iluminando-nos de tudo que dificulta nossa uni\u00e3o com Ele.<\/span><\/p>\n<p class=\"p1\" style=\"text-align: justify;\"><span class=\"s1\">Assim, todos os santos passaram noites espirituais, seja ela a noite do significado, a noite do esp\u00edrito, a noite de f\u00e9. J\u00e1 sabemos que, no final de sua vida, at\u00e9 Santa Teresa do Menino Jesus duvidou que o C\u00e9u existisse!<\/span><\/p>\n<p class=\"p1\" style=\"text-align: justify;\"><span class=\"s1\"><b>Ent\u00e3o, devemos desistir dos sinais sens\u00edveis?<\/b><\/span><\/p>\n<p class=\"p1\" style=\"text-align: justify;\"><span class=\"s1\">Sim, mas com cautela. Quando temos gra\u00e7a, esses sinais \u201cs\u00e3o um caminho onde Deus [nos] guia, n\u00e3o h\u00e1 raz\u00e3o para desprez\u00e1-lo\u201d, diz S\u00e3o Jo\u00e3o da Cruz. Seria presun\u00e7oso, ent\u00e3o, neg\u00e1-los, mas tamb\u00e9m perigoso se apegar \u00e0 eles ou procur\u00e1-los por n\u00f3s mesmos.<\/span><\/p>\n<p class=\"p1\" style=\"text-align: justify;\"><span class=\"s1\">\u201cSe eu j\u00e1 falei com voc\u00ea todas as coisas em minha Palavra, que \u00e9 meu Filho, e n\u00e3o tenho outra, o que posso responder agora ou revelar que \u00e9 mais do que isso?\u201d, podemos ler em\u00a0<i>Subida ao Monte Carmelo<\/i>, do mesmo S\u00e3o Jo\u00e3o da Cruz.<\/span><\/p>\n<p class=\"p1\" style=\"text-align: justify;\"><span class=\"s1\">Na Antiga Alian\u00e7a, \u201cera conveniente para os profetas e sacerdotes que eles tivessem revela\u00e7\u00f5es e vis\u00f5es de Deus\u201d, continua o doutor da Igreja, porque \u201ca f\u00e9 n\u00e3o foi bem fundamentada e a Lei Evang\u00e9lica n\u00e3o foi estabelecida (\u2026). [Mas] como ele nos deu seu Filho, que \u00e9 sua Palavra, que n\u00e3o tem outra, ele falou tudo conosco juntos e ao mesmo tempo nesta \u00fanica Palavra, e ele apenas precisa falar\u201d.<\/span><\/p>\n<p class=\"p1\" style=\"text-align: justify;\"><span class=\"s1\"><b>Ent\u00e3o, a santidade dispensa os sinais?<\/b><\/span><\/p>\n<p class=\"p1\" style=\"text-align: justify;\"><span class=\"s1\">\u201cUm trabalho ou ato de vontade realizado em caridade \u00e9 mais precioso diante de Deus do que quantas vis\u00f5es (e revela\u00e7\u00f5es) e comunica\u00e7\u00f5es podem ter do c\u00e9u\u201d, diz S\u00e3o Jo\u00e3o da Cruz.<\/span><\/p>\n<p class=\"p1\" style=\"text-align: justify;\"><span class=\"s1\">A Igreja nos d\u00e1 os sinais de que precisamos, mas Jesus Cristo espera nossa resposta de f\u00e9, livre e segura, para acelerar seu retorno. \u201cMas, quando vier o Filho do Homem, acaso achar\u00e1 f\u00e9 sobre a terra?\u201d (<i>Lc<\/i>\u00a018,8).<\/span><\/p>\n<p class=\"p1\" style=\"text-align: justify;\"><span class=\"s1\">Maryvonne Gasse<\/span><\/p>\n<\/div>\n","protected":false},"excerpt":{"rendered":"<p>Temos a tend\u00eancia de acreditar que os acontecimentos extraordin\u00e1rios s\u00e3o mensagens divinas. Deus fala conosco atrav\u00e9s de sinais e milagres? Se fosse assim, como discernir os aut\u00eanticos? Como interpret\u00e1-los? Se Deus interv\u00e9m em nossas vidas, como podemos ter certeza de que \u00e9 Ele quem age e n\u00e3o n\u00f3s que o projetamos? Esta \u00e9 a resposta [&hellip;]<\/p>\n","protected":false},"author":1,"featured_media":60218,"comment_status":"open","ping_status":"closed","sticky":false,"template":"","format":"standard","meta":{"footnotes":""},"categories":[4,13],"tags":[],"class_list":["post-60217","post","type-post","status-publish","format-standard","has-post-thumbnail","hentry","category-cotidiano","category-featured"],"_links":{"self":[{"href":"https:\/\/catolicanet.net\/wp-cnet\/wp-json\/wp\/v2\/posts\/60217","targetHints":{"allow":["GET"]}}],"collection":[{"href":"https:\/\/catolicanet.net\/wp-cnet\/wp-json\/wp\/v2\/posts"}],"about":[{"href":"https:\/\/catolicanet.net\/wp-cnet\/wp-json\/wp\/v2\/types\/post"}],"author":[{"embeddable":true,"href":"https:\/\/catolicanet.net\/wp-cnet\/wp-json\/wp\/v2\/users\/1"}],"replies":[{"embeddable":true,"href":"https:\/\/catolicanet.net\/wp-cnet\/wp-json\/wp\/v2\/comments?post=60217"}],"version-history":[{"count":1,"href":"https:\/\/catolicanet.net\/wp-cnet\/wp-json\/wp\/v2\/posts\/60217\/revisions"}],"predecessor-version":[{"id":60219,"href":"https:\/\/catolicanet.net\/wp-cnet\/wp-json\/wp\/v2\/posts\/60217\/revisions\/60219"}],"wp:featuredmedia":[{"embeddable":true,"href":"https:\/\/catolicanet.net\/wp-cnet\/wp-json\/wp\/v2\/media\/60218"}],"wp:attachment":[{"href":"https:\/\/catolicanet.net\/wp-cnet\/wp-json\/wp\/v2\/media?parent=60217"}],"wp:term":[{"taxonomy":"category","embeddable":true,"href":"https:\/\/catolicanet.net\/wp-cnet\/wp-json\/wp\/v2\/categories?post=60217"},{"taxonomy":"post_tag","embeddable":true,"href":"https:\/\/catolicanet.net\/wp-cnet\/wp-json\/wp\/v2\/tags?post=60217"}],"curies":[{"name":"wp","href":"https:\/\/api.w.org\/{rel}","templated":true}]}}