{"id":60211,"date":"2020-06-24T09:53:47","date_gmt":"2020-06-24T12:53:47","guid":{"rendered":"https:\/\/catolicanet.net\/wp-cnet\/?p=60211"},"modified":"2020-06-24T11:08:21","modified_gmt":"2020-06-24T14:08:21","slug":"papa-com-joao-batista-levar-deus-aos-homens-e-os-homens-a-deus","status":"publish","type":"post","link":"https:\/\/catolicanet.net\/wp-cnet\/papa-com-joao-batista-levar-deus-aos-homens-e-os-homens-a-deus\/","title":{"rendered":"Papa: com Jo\u00e3o Batista, levar Deus aos homens e os homens a Deus"},"content":{"rendered":"<div class=\"article__subTitle\" style=\"text-align: justify;\">Em sua sauda\u00e7\u00e3o em v\u00e1rias l\u00ednguas na Audi\u00eancia Geral, o Pont\u00edfice fez votos de que possamos aprender de Jo\u00e3o Batista a capacidade de testemunhar o Evangelho, para al\u00e9m das pr\u00f3prias diferen\u00e7as, mantendo a conc\u00f3rdia e a amizade que fundamentam a credibilidade de qualquer an\u00fancio de f\u00e9.<\/div>\n<div class=\"title__separator\" style=\"text-align: justify;\"><\/div>\n<div class=\"article__text\">\n<p style=\"text-align: justify;\"><b>Vatican News<\/b><\/p>\n<p style=\"text-align: justify;\">Ao final da Audi\u00eancia, o Papa recordou a celebra\u00e7\u00e3o neste 24 de junho da memoria de S\u00e3o Jo\u00e3o Batista, o profeta precursor do Messias.<\/p>\n<div style=\"text-align: justify;\">\n<div class=\"article__embed article__embed--border embed_style\">\n<blockquote><p>\u201cQue o seu exemplo, como tamb\u00e9m o do rei Davi \u2013 dois homens que viveram a profecia e que souberam indicar onde estava o verdadeiro Deus &#8211; , sejam um est\u00edmulo para a nossa vida, para que busquemos a amizade de Deus atrav\u00e9s da ora\u00e7\u00e3o e que o nosso exemplo possa ajudar a levar Deus aos homens e os homens a Deus.\u201d<\/p><\/blockquote>\n<\/div>\n<\/div>\n<p style=\"text-align: justify;\">Francisco fez votos ainda que possamos aprender de J\u00e3o Batista a capacidade de testemunhar o Evangelho, para al\u00e9m das pr\u00f3prias diferen\u00e7as, mantendo a conc\u00f3rdia e a amizade que fundamentam a credibilidade de qualquer an\u00fancio de f\u00e9.<\/p>\n<div style=\"text-align: justify;\">\n<div class=\"article__embed article__embed--unwrap article__embed--dark\">\n<div class=\"article__innerTitle\">Ou\u00e7a e compartilhe<\/div>\n<div>\n<audio class=\"wp-audio-shortcode\" id=\"audio-60211-1\" preload=\"none\" style=\"width: 100%;\" controls=\"controls\"><source type=\"audio\/mpeg\" src=\"https:\/\/media.vaticannews.va\/media\/audio\/s1\/2020\/06\/24\/11\/135637009_F135637009.mp3?_=1\" \/><a href=\"https:\/\/media.vaticannews.va\/media\/audio\/s1\/2020\/06\/24\/11\/135637009_F135637009.mp3\">https:\/\/media.vaticannews.va\/media\/audio\/s1\/2020\/06\/24\/11\/135637009_F135637009.mp3<\/a><\/audio>\n<\/div>\n<\/div>\n<\/div>\n<h2 style=\"text-align: justify;\">Eventos extraordin\u00e1rios<\/h2>\n<p style=\"text-align: justify;\">A voca\u00e7\u00e3o prof\u00e9tica de S\u00e3o Jo\u00e3o Batista \u00e9 circundada, desde o seio materno, de eventos extraordin\u00e1rios, em prepara\u00e7\u00e3o ao nascimento de Jesus. O evangelho de Lucas (1,39-45) narra que a sua m\u00e3e Isabel, enquanto estava gr\u00e1vida, recebeu a visita da sua prima Maria, que tamb\u00e9m estava gr\u00e1vida de Jesus, e que Jo\u00e3o exultou de alegria no seio materno ao ouvir a voz de Maria.<\/p>\n<p style=\"text-align: justify;\">Isabel era est\u00e9ril e idosa. O Arcanjo Gabriel anunciou ao seu esposo Zacarias, o nascimento de um filho: \u201cN\u00e3o temas Zacarias \u2013 disse-lhe \u2013 a tua ora\u00e7\u00e3o foi ouvida e tua mulher, Isabel, dar\u00e1 \u00e0 luz um filho, e lhe por\u00e1s o nome de Jo\u00e3o. E ter\u00e1s prazer e alegria e muitos se alegrar\u00e3o no seu nascimento, porque ser\u00e1 grande diante do Senhor\u201d.<\/p>\n<h2 style=\"text-align: justify;\">Jo\u00e3o Batista se apresenta<\/h2>\n<p style=\"text-align: justify;\">\u201cVoz do que clama no deserto: \u2018Preparai o caminho do Senhor, tornai retas as suas veredas\u2019!\u201d Assim Jo\u00e3o Batista definia a si mesmo e a sua miss\u00e3o. Os Evangelhos dizem que ele vivia no deserto, vestido com pelos de camelo e se alimentava de gafanhotos e de mel silvestre; fazia penit\u00eancia e pregava convidando \u00e0 convers\u00e3o. Certo dia, \u00e0s margens do rio Jord\u00e3o, aconteceu o encontro com o pr\u00f3prio Messias, que lhe pediu para ser batizado tamb\u00e9m. O batismo de Jo\u00e3o era de penit\u00eancia e representava o batismo segundo o Esp\u00edrito: \u201cEu, na verdade, batizo-vos com \u00e1gua para a convers\u00e3o &#8211; dizia a seus disc\u00edpulos &#8211; mas aquele que vir\u00e1 depois de mim \u00e9 mais poderoso do que eu, a quem n\u00e3o sou digno de desatar as correias das sand\u00e1lias; ele vossa batizar\u00e1 com o Esp\u00edrito Santo e com fogo\u201d.<\/p>\n<p style=\"text-align: justify;\">Ap\u00f3s ter batizado o Salvador, afirmou: \u201cAgora a minha alegria \u00e9 completa. Ele deve crescer e eu, ao inv\u00e9s, diminuir\u201d. A sua miss\u00e3o foi comprida.<\/p>\n<h2 style=\"text-align: justify;\">Homem justo e o pre\u00e7o da verdade<\/h2>\n<p style=\"text-align: justify;\">Jo\u00e3o Batista amava a verdade e, por isso, morreu decapitado na pris\u00e3o. Havia sido preso pelo Rei Herodes, por causa de Herod\u00edade, mulher do seu irm\u00e3o, Filipe, com a qual se casara. Com efeito, Jo\u00e3o lhe havia recordado que n\u00e3o era l\u00edcito conviver com a mulher do seu irm\u00e3o. Herodes, por\u00e9m, reconhecendo nele um homem justo, n\u00e3o queria mandar mat\u00e1-lo. Mas, Herod\u00edade venceu, convencendo a sua filha Salom\u00e9 a pedir-lhe, como pr\u00eamio da sua dan\u00e7a em um banquete, a cabe\u00e7a de Batista.<\/p>\n<h2 style=\"text-align: justify;\">A cabe\u00e7a de Batista<\/h2>\n<p style=\"text-align: justify;\">Com o passar dos s\u00e9culos, houve muitas discrep\u00e2ncias nas v\u00e1rias lendas e nas hist\u00f3rias de diversas supostas rel\u00edquias no mundo crist\u00e3o. Diversos locais diferentes reivindicam a posse da cabe\u00e7a de Jo\u00e3o Batista. Alguns crist\u00e3os acreditam que a cabe\u00e7a que est\u00e1 exposta na igreja de \u201cSan Silvestro in Capite\u201d, em Roma, seja a cabe\u00e7a de S\u00e3o Jo\u00e3o Batista.<\/p>\n<\/div>\n","protected":false},"excerpt":{"rendered":"<p>Em sua sauda\u00e7\u00e3o em v\u00e1rias l\u00ednguas na Audi\u00eancia Geral, o Pont\u00edfice fez votos de que possamos aprender de Jo\u00e3o Batista a capacidade de testemunhar o Evangelho, para al\u00e9m das pr\u00f3prias diferen\u00e7as, mantendo a conc\u00f3rdia e a amizade que fundamentam a credibilidade de qualquer an\u00fancio de f\u00e9. Vatican News Ao final da Audi\u00eancia, o Papa recordou [&hellip;]<\/p>\n","protected":false},"author":1,"featured_media":60212,"comment_status":"open","ping_status":"closed","sticky":false,"template":"","format":"standard","meta":{"footnotes":""},"categories":[13],"tags":[],"class_list":["post-60211","post","type-post","status-publish","format-standard","has-post-thumbnail","hentry","category-featured"],"_links":{"self":[{"href":"https:\/\/catolicanet.net\/wp-cnet\/wp-json\/wp\/v2\/posts\/60211","targetHints":{"allow":["GET"]}}],"collection":[{"href":"https:\/\/catolicanet.net\/wp-cnet\/wp-json\/wp\/v2\/posts"}],"about":[{"href":"https:\/\/catolicanet.net\/wp-cnet\/wp-json\/wp\/v2\/types\/post"}],"author":[{"embeddable":true,"href":"https:\/\/catolicanet.net\/wp-cnet\/wp-json\/wp\/v2\/users\/1"}],"replies":[{"embeddable":true,"href":"https:\/\/catolicanet.net\/wp-cnet\/wp-json\/wp\/v2\/comments?post=60211"}],"version-history":[{"count":1,"href":"https:\/\/catolicanet.net\/wp-cnet\/wp-json\/wp\/v2\/posts\/60211\/revisions"}],"predecessor-version":[{"id":60213,"href":"https:\/\/catolicanet.net\/wp-cnet\/wp-json\/wp\/v2\/posts\/60211\/revisions\/60213"}],"wp:featuredmedia":[{"embeddable":true,"href":"https:\/\/catolicanet.net\/wp-cnet\/wp-json\/wp\/v2\/media\/60212"}],"wp:attachment":[{"href":"https:\/\/catolicanet.net\/wp-cnet\/wp-json\/wp\/v2\/media?parent=60211"}],"wp:term":[{"taxonomy":"category","embeddable":true,"href":"https:\/\/catolicanet.net\/wp-cnet\/wp-json\/wp\/v2\/categories?post=60211"},{"taxonomy":"post_tag","embeddable":true,"href":"https:\/\/catolicanet.net\/wp-cnet\/wp-json\/wp\/v2\/tags?post=60211"}],"curies":[{"name":"wp","href":"https:\/\/api.w.org\/{rel}","templated":true}]}}