{"id":6021,"date":"2015-07-16T12:30:05","date_gmt":"2015-07-16T15:30:05","guid":{"rendered":"http:\/\/catolicanet.net\/wp-cnet\/palavras-do-papa-francisco-na-america-latina\/"},"modified":"2017-04-10T14:11:29","modified_gmt":"2017-04-10T17:11:29","slug":"palavras-do-papa-francisco-na-america-latina","status":"publish","type":"post","link":"https:\/\/catolicanet.net\/wp-cnet\/palavras-do-papa-francisco-na-america-latina\/","title":{"rendered":"Palavras do Papa Francisco na Am\u00e9rica Latina"},"content":{"rendered":"<p style=\"text-align: justify;\">\n<p><img decoding=\"async\" src=\"http:\/\/catolicanet.com.br\/images\/stories\/geral\/palavras do papa.jpg\" border=\"0\" align=\"left\" \/>A semana que o Papa Francisco passou em Viagem Apost\u00f3lica na Am\u00e9rica Latina, visitando o Equador, a Bol\u00edvia e o Paraguai, continua a suscitar muitos coment\u00e1rios e rea\u00e7\u00f5es.<\/p>\n<p>As palavras do Santo Padre foram fortes e concretas e recordamos aqui e agora algumas delas:<\/p>\n<p>\u201cMaria est\u00e1 atenta a todas as situa\u00e7\u00f5es: \u201c\u00e9 m\u00e3e\u201d e \u201cdirige-se com confian\u00e7a a Jesus\u201d e ensina-nos a p\u00f4r as nossas fam\u00edlias nas m\u00e3os de Deus.<\/p>\n<p>Se confiarmos em Deus e com a ajuda de Maria, pode acontecer o milagre de recuperarmos \u201ca alegria da fam\u00edlia, a alegria de viver em fam\u00edlia\u201d.<\/p>\n<p> \u201cA voz dos Pastores, que tem de ser prof\u00e9tica, fala \u00e0 sociedade em nome da Igreja M\u00e3e, partindo da sua op\u00e7\u00e3o evang\u00e9lica preferencial pelos \u00faltimos, pelos descartados, pelos exclu\u00eddos, essa \u00e9 a op\u00e7\u00e3o preferencial da Igreja.\u201d<\/p>\n<p> \u201cOs pobres e necessitados dever\u00e3o ocupar um lugar priorit\u00e1rio.\u201d<\/p>\n<p>\u201cSenhor Jesus, dou-Te gra\u00e7as por estar aqui e porque me deste irm\u00e3os como Liz, Manuel e Orlando, dou-Te gra\u00e7as porque nos deste tantos irm\u00e3os como eles.\u201d<\/p>\n<p>\u201cJesus, pe\u00e7o-Te pelos rapazes e raparigas que n\u00e3o sabem que sois a sua fortaleza, e que t\u00eam medo de viver, medo de ser felizes, t\u00eam medo de sonhar.\u201d<\/p>\n<p>\u201cSenhor Jesus, d\u00e1-nos fortaleza, d\u00e1-nos um cora\u00e7\u00e3o livre, d\u00e1-nos esperan\u00e7a, d\u00e1-nos amor e ensina-nos a servir. Amen.\u201d<\/p>\n<p style=\"text-align: justify;\">Fonte: R\u00e1dio Vaticano<\/p>\n","protected":false},"excerpt":{"rendered":"<p>A semana que o Papa Francisco passou em Viagem Apost\u00f3lica na Am\u00e9rica Latina, visitando o Equador, a Bol\u00edvia e o Paraguai, continua a suscitar muitos coment\u00e1rios e rea\u00e7\u00f5es. As palavras do Santo Padre foram fortes e concretas e recordamos aqui e agora algumas delas: \u201cMaria est\u00e1 atenta a todas as situa\u00e7\u00f5es: \u201c\u00e9 m\u00e3e\u201d e \u201cdirige-se [&hellip;]<\/p>\n","protected":false},"author":1,"featured_media":0,"comment_status":"closed","ping_status":"closed","sticky":false,"template":"","format":"standard","meta":{"footnotes":""},"categories":[3],"tags":[],"class_list":["post-6021","post","type-post","status-publish","format-standard","hentry","category-vaticano"],"_links":{"self":[{"href":"https:\/\/catolicanet.net\/wp-cnet\/wp-json\/wp\/v2\/posts\/6021","targetHints":{"allow":["GET"]}}],"collection":[{"href":"https:\/\/catolicanet.net\/wp-cnet\/wp-json\/wp\/v2\/posts"}],"about":[{"href":"https:\/\/catolicanet.net\/wp-cnet\/wp-json\/wp\/v2\/types\/post"}],"author":[{"embeddable":true,"href":"https:\/\/catolicanet.net\/wp-cnet\/wp-json\/wp\/v2\/users\/1"}],"replies":[{"embeddable":true,"href":"https:\/\/catolicanet.net\/wp-cnet\/wp-json\/wp\/v2\/comments?post=6021"}],"version-history":[{"count":1,"href":"https:\/\/catolicanet.net\/wp-cnet\/wp-json\/wp\/v2\/posts\/6021\/revisions"}],"predecessor-version":[{"id":10885,"href":"https:\/\/catolicanet.net\/wp-cnet\/wp-json\/wp\/v2\/posts\/6021\/revisions\/10885"}],"wp:attachment":[{"href":"https:\/\/catolicanet.net\/wp-cnet\/wp-json\/wp\/v2\/media?parent=6021"}],"wp:term":[{"taxonomy":"category","embeddable":true,"href":"https:\/\/catolicanet.net\/wp-cnet\/wp-json\/wp\/v2\/categories?post=6021"},{"taxonomy":"post_tag","embeddable":true,"href":"https:\/\/catolicanet.net\/wp-cnet\/wp-json\/wp\/v2\/tags?post=6021"}],"curies":[{"name":"wp","href":"https:\/\/api.w.org\/{rel}","templated":true}]}}