{"id":60200,"date":"2020-06-23T15:36:26","date_gmt":"2020-06-23T18:36:26","guid":{"rendered":"https:\/\/catolicanet.net\/wp-cnet\/?p=60200"},"modified":"2020-06-23T20:37:33","modified_gmt":"2020-06-23T23:37:33","slug":"natividade-de-joao-batista","status":"publish","type":"post","link":"https:\/\/catolicanet.net\/wp-cnet\/natividade-de-joao-batista\/","title":{"rendered":"Natividade de Jo\u00e3o Batista."},"content":{"rendered":"<p style=\"text-align: justify;\">Meus irm\u00e3os neste dia 24 de junho celebramos a Natividade de S\u00e3o Jo\u00e3o Batista, o \u00fanico Santo em que celebramos o nascimento e a morte. O precursor, aquele que abriu o caminho para o Salvador que viria. Ele que apontou o \u201cCordeiro de Deus\u201d que tiraria os pecados do Mundo. S\u00e3o Jo\u00e3o Batista muitas vezes questionado se ele seria o Messias que devia vir ao mundo, ele sem titubear diz que n\u00e3o, mas veio preparar o caminho para a sua chegada.<\/p>\n<p style=\"text-align: justify;\">S\u00e3o Jo\u00e3o Batista ao contr\u00e1rio inaugura o \u201c<em>tempo messi\u00e2nico<\/em>\u201d e convida a toda popula\u00e7\u00e3o a se arrepender de seus pecados e se converterem para Deus atrav\u00e9s do Batismo. Jo\u00e3o Batista batizava com \u00e1gua, mas viria aquele que batizaria com a \u00e1gua e o esp\u00edrito, e que era \u201c<em>maior\u201d<\/em> do que ele. O pr\u00f3prio Jo\u00e3o Batista dizia \u201c<em>que ele cres\u00e7a e eu diminua<\/em>\u201d, porque naquele momento o que importava era a gra\u00e7a de Deus.<\/p>\n<p style=\"text-align: justify;\">Meus irm\u00e3os, nos dias de hoje somo convidados a ter a mesma coragem de Jo\u00e3o Batista e anunciar aquilo que n\u00e3o est\u00e1 de acordo com a vontade de Deus. Denunciar as injusti\u00e7as, n\u00e3o se calar diante delas e anunciar por sua vez a justi\u00e7a divina. Precisamos nos dias de hoje levar muitas pessoas a Deus e anunciar como \u00e9 grande a miseric\u00f3rdia de Deus.<\/p>\n<p style=\"text-align: justify;\">Na liturgia propriamente da liturgia de hoje em que comemoramos a Natividade de Jo\u00e3o Batista, vemos na primeira leitura de Isa\u00edas(cf. Is 49,1-6) que o Senhor nos chama desde o ventre materno e nos capacita para anunciar o seu nome. Ele nos consagra com o Esp\u00edrito Santo no Batismo para sermos Sacerdotes, profetas e Reis. E sermos \u201cLuz\u201d no mundo para as pessoas.<\/p>\n<p style=\"text-align: justify;\">Por isso meus irm\u00e3os, n\u00e3o devemos ter medo de anunciar a Palavra de Deus as pessoas, n\u00e3o ter medo de anunciar a verdade. A verdade \u00e9 a luz, quem est\u00e1 com a verdade se aproxima da luz.<\/p>\n<p style=\"text-align: justify;\">No salmo responsorial(cf. Sl 138(139), 1-3.13-14ab.14c-15(R. 14a)) somos convidados a Louvar e dar gra\u00e7as ao Senhor porque ele nos formou de modo admir\u00e1vel e nos colocou no meio do mundo para anunciar a justi\u00e7a e a verdade. Agradecer ao Senhor por tudo sempre, por ele nos ter dado a vida e a capacidade de anunciar a sua palavra.<\/p>\n<p style=\"text-align: justify;\">Na segunda leitura da missa de hoje S\u00e3o Paulo(cf. At 13,22-26) fala de Davi e depois de Jo\u00e3o Batista, fazendo assim uma liga\u00e7\u00e3o entre o Antigo e o Novo Testamento, dois grandes profetas, ungidos por Deus e enviados para anunciar a verdade e seu amor.<\/p>\n<p style=\"text-align: justify;\">Por fim no Evangelho(cf. Lc 1,57-66.80) vemos o momento do Nascimento de Jo\u00e3o Batista, completando-se assim o tempo previsto de Isabel dar \u00e0 luz. E no oitavo dia foram circuncidar o menino e seu Pai Zacarias lhe d\u00e1 o nome de Jo\u00e3o. Nome pelo qual o Anjo tinha revelado a Zacarias que o menino se chamaria. Logo ap\u00f3s Zacarias ter escrito numa t\u00e1bua que o menino se chamaria Jo\u00e3o sua l\u00edngua se soltou e ele come\u00e7ou a louvar a Deus. O menino era cheio do Esp\u00edrito Santo e crescia no amor e no temor do Senhor e a gra\u00e7a de Deus estava com ele. E assim ele foi crescendo at\u00e9 o dia em que se apresentou publicamente a Israel.<\/p>\n<p style=\"text-align: justify;\">Meus Irm\u00e3os, podemos observar a partir da Natividade de Jo\u00e3o Batista que o Senhor nos escolhe desde o ventre Materno e nos prepara para anunciar ao mundo o seu amor, a miseric\u00f3rdia e a justi\u00e7a. E que a nossa vida deve ser um ato de louvor a Deus e devemos ter a certeza de que para Deus nada \u00e9 imposs\u00edvel.<\/p>\n<p style=\"text-align: justify;\">Meus irm\u00e3os que a partir da celebra\u00e7\u00e3o desta festa da Natividade de Jo\u00e3o Batista possamos ter a coragem de anunciar a miseric\u00f3rdia de Deus a todos. Que n\u00e3o tenhamos medo pois o Senhor nos escolheu desde o ventre materno. E sempre na nossa vida os m\u00e9ritos sejam de Deus, ou seja, que ele sempre cres\u00e7a e eu diminua. Que a sua gra\u00e7a e a sua miseric\u00f3rdia v\u00e3o a frente e abram o caminho da salva\u00e7\u00e3o.<\/p>\n<p style=\"text-align: justify;\">Que por intercess\u00e3o de S\u00e3o Jo\u00e3o Batista possamos vencer essa pandemia da Covid-19, que ilumine os m\u00e9dicos e cientistas para que logo possa se achar a cura para esta doen\u00e7a, e as pessoas possam ser mais generosas com as outras, se preocupar com o outro que necessita e por em pratica tudo aquilo que o Senhor nos ensinou.<\/p>\n<p style=\"text-align: justify;\">Este ano vamos celebrar de maneira diferente a solenidade de S\u00e3o Jo\u00e3o Batista, mas acompanhemos as missas e celebra\u00e7\u00f5es pela TV, R\u00e1dio e internet j\u00e1 que n\u00e3o poderemos estar fisicamente na Igreja, pedindo a intercess\u00e3o de Jo\u00e3o Batista por n\u00f3s e nos encorajando para a miss\u00e3o. E que possamos acender a \u201c<em>fogueira\u201d<\/em> de S\u00e3o Jo\u00e3o no nosso cora\u00e7\u00e3o e na nossa vida e pedindo a Deus que no ano que vem possamos estar juntos.<\/p>\n<p style=\"text-align: justify;\">Que Deus nos aben\u00e7oe e proteja por intercess\u00e3o de Jo\u00e3o Batista e nos coloque no caminho da verdade e do amor. E nos prepare para daqui h\u00e1 6 meses celebrarmos o Natal de Nosso Senhor.<\/p>\n<p style=\"text-align: justify;\">Am\u00e9m!<\/p>\n","protected":false},"excerpt":{"rendered":"<p>Meus irm\u00e3os neste dia 24 de junho celebramos a Natividade de S\u00e3o Jo\u00e3o Batista, o \u00fanico Santo em que celebramos o nascimento e a morte. O precursor, aquele que abriu o caminho para o Salvador que viria. Ele que apontou o \u201cCordeiro de Deus\u201d que tiraria os pecados do Mundo. S\u00e3o Jo\u00e3o Batista muitas vezes [&hellip;]<\/p>\n","protected":false},"author":5,"featured_media":55819,"comment_status":"open","ping_status":"closed","sticky":false,"template":"","format":"standard","meta":{"footnotes":""},"categories":[9],"tags":[],"class_list":["post-60200","post","type-post","status-publish","format-standard","has-post-thumbnail","hentry","category-artigos"],"_links":{"self":[{"href":"https:\/\/catolicanet.net\/wp-cnet\/wp-json\/wp\/v2\/posts\/60200","targetHints":{"allow":["GET"]}}],"collection":[{"href":"https:\/\/catolicanet.net\/wp-cnet\/wp-json\/wp\/v2\/posts"}],"about":[{"href":"https:\/\/catolicanet.net\/wp-cnet\/wp-json\/wp\/v2\/types\/post"}],"author":[{"embeddable":true,"href":"https:\/\/catolicanet.net\/wp-cnet\/wp-json\/wp\/v2\/users\/5"}],"replies":[{"embeddable":true,"href":"https:\/\/catolicanet.net\/wp-cnet\/wp-json\/wp\/v2\/comments?post=60200"}],"version-history":[{"count":1,"href":"https:\/\/catolicanet.net\/wp-cnet\/wp-json\/wp\/v2\/posts\/60200\/revisions"}],"predecessor-version":[{"id":60201,"href":"https:\/\/catolicanet.net\/wp-cnet\/wp-json\/wp\/v2\/posts\/60200\/revisions\/60201"}],"wp:featuredmedia":[{"embeddable":true,"href":"https:\/\/catolicanet.net\/wp-cnet\/wp-json\/wp\/v2\/media\/55819"}],"wp:attachment":[{"href":"https:\/\/catolicanet.net\/wp-cnet\/wp-json\/wp\/v2\/media?parent=60200"}],"wp:term":[{"taxonomy":"category","embeddable":true,"href":"https:\/\/catolicanet.net\/wp-cnet\/wp-json\/wp\/v2\/categories?post=60200"},{"taxonomy":"post_tag","embeddable":true,"href":"https:\/\/catolicanet.net\/wp-cnet\/wp-json\/wp\/v2\/tags?post=60200"}],"curies":[{"name":"wp","href":"https:\/\/api.w.org\/{rel}","templated":true}]}}