{"id":6017,"date":"2015-07-15T18:52:28","date_gmt":"2015-07-15T21:52:28","guid":{"rendered":"http:\/\/catolicanet.net\/wp-cnet\/polemica-pedofilos-inocentes-uma-coisa-e-a-tendencia-outra-coisa-e-o-ato-de-abuso\/"},"modified":"2017-04-10T14:07:09","modified_gmt":"2017-04-10T17:07:09","slug":"polemica-pedofilos-inocentes-uma-coisa-e-a-tendencia-outra-coisa-e-o-ato-de-abuso","status":"publish","type":"post","link":"https:\/\/catolicanet.net\/wp-cnet\/polemica-pedofilos-inocentes-uma-coisa-e-a-tendencia-outra-coisa-e-o-ato-de-abuso\/","title":{"rendered":"Pol\u00eamica: ped\u00f3filos inocentes? Uma coisa \u00e9 a tend\u00eancia, outra coisa \u00e9 o ato de abuso"},"content":{"rendered":"<p style=\"text-align: justify;\"><img decoding=\"async\" src=\"http:\/\/catolicanet.com.br\/images\/stories\/geral\/abuso.jpg\" border=\"0\" align=\"left\" \/>Alemanha quer evitar o abuso sexual infantil dando tratamento a quem se sente atra\u00eddo por crian\u00e7a<\/p>\n<p>Pedofilia e abuso sexual Creative Commons<br \/>A Alemanha lan\u00e7ou um ousado programa para incentivar os ped\u00f3filos a buscarem tratamento confidencial, voltado a controlar ou mesmo reverter a sua atra\u00e7\u00e3o sexual por crian\u00e7as. A proposta vem gerando pol\u00eamica no pa\u00eds porque inclui os ped\u00f3filos que j\u00e1 cometeram abusos sexuais.<\/p>\n<p>Por outro lado, importantes aspectos positivos da proposta merecem destaque:<\/p>\n<p>&#8211; O foco \u00e9 o tratamento do ped\u00f3filo e a preven\u00e7\u00e3o de abusos, em vez da puni\u00e7\u00e3o do ped\u00f3filo depois que o crime j\u00e1 foi cometido.<\/p>\n<p>&#8211; Incentiva-se o ped\u00f3filo que quer tratar o seu transtorno a buscar ajuda especializada, superando o medo de ser denunciado \u00e0 pol\u00edcia. Este aspecto se aplica em particular \u00e0 Alemanha, onde os terapeutas n\u00e3o s\u00e3o obrigados a denunciar abusos cometidos por seus pacientes no passado. J\u00e1 em outros pa\u00edses, como o Brasil e o Reino Unido, os terapeutas s\u00e3o obrigados a fazerem essas den\u00fancias, o que dificulta a busca de tratamento por parte dos ped\u00f3filos, que temem a pris\u00e3o e acabam cometendo novos abusos.<\/p>\n<p>&#8211; Esta abordagem tamb\u00e9m promove o entendimento da diferen\u00e7a entre a pedofilia e o abuso sexual: a pedofilia \u00e9 uma tend\u00eancia, \u00e9 a atra\u00e7\u00e3o sexual por crian\u00e7as, pela qual o ped\u00f3filo n\u00e3o tem culpa; a tend\u00eancia em si n\u00e3o implica necessariamente que essa atra\u00e7\u00e3o seja levada \u00e0 pr\u00e1tica mediante o abuso contra crian\u00e7as.<\/p>\n<p>&#8211; Da mesma forma, esclarece-se melhor que nem todos os abusadores infantis s\u00e3o ped\u00f3filos: muitas vezes, s\u00e3o at\u00e9 adultos heterossexuais que, por uma gama variada de motivos, cometeram ou cometem abuso infantil, embora tamb\u00e9m se relacionem sexualmente com outros adultos.<\/p>\n<p>&#8211; Existem ped\u00f3filos que se abst\u00eam da pr\u00e1tica da pedofilia: s\u00e3o pessoas que sentem a atra\u00e7\u00e3o por crian\u00e7as, mas sabem da gravidade do crime do abuso infantil, n\u00e3o querem comet\u00ea-lo e sofrem para tentar conter a sua propens\u00e3o. Essas pessoas formam um grupo muito maior do que se costuma pensar: segundo pesquisas, de 3% a 5% dos homens sentem atra\u00e7\u00e3o sexual por crian\u00e7as, mas grande parte deles n\u00e3o concretiza atos de abuso.\u00a0 <\/p>\n<p>O tratamento oferecido na Alemanha \u00e9 uma terapia cognitiva comportamental: s\u00e3o analisados os sentimentos sexuais do paciente e elaboradas estrat\u00e9gias para evitar at\u00e9 mesmo as potenciais situa\u00e7\u00f5es de risco de abuso. Cerca de 440 homens come\u00e7aram o tratamento no pa\u00eds. O n\u00famero poderia ser muito maior: existe at\u00e9 lista de espera, pois ainda s\u00e3o poucos os locais adequados para a realiza\u00e7\u00e3o da terapia.<\/p>\n<p>Uma campanha publicit\u00e1ria informa os alem\u00e3es sobre a exist\u00eancia do tratamento. Um dos an\u00fancios na TV mostra um jovem mascarado que diz: &#8220;Ningu\u00e9m tem culpa de ter esta inclina\u00e7\u00e3o sexual. Mas toda pessoa \u00e9 respons\u00e1vel pelo seu comportamento&#8221;. Em seguida, ele tira a m\u00e1scara e afirma: &#8220;Eu n\u00e3o quero me tornar um criminoso&#8221;.<\/p>\n<p style=\"text-align: justify;\">Fonte: Aleteia<\/p>\n","protected":false},"excerpt":{"rendered":"<p>Alemanha quer evitar o abuso sexual infantil dando tratamento a quem se sente atra\u00eddo por crian\u00e7a Pedofilia e abuso sexual Creative CommonsA Alemanha lan\u00e7ou um ousado programa para incentivar os ped\u00f3filos a buscarem tratamento confidencial, voltado a controlar ou mesmo reverter a sua atra\u00e7\u00e3o sexual por crian\u00e7as. A proposta vem gerando pol\u00eamica no pa\u00eds porque [&hellip;]<\/p>\n","protected":false},"author":1,"featured_media":0,"comment_status":"closed","ping_status":"closed","sticky":false,"template":"","format":"standard","meta":{"footnotes":""},"categories":[4],"tags":[],"class_list":["post-6017","post","type-post","status-publish","format-standard","hentry","category-cotidiano"],"_links":{"self":[{"href":"https:\/\/catolicanet.net\/wp-cnet\/wp-json\/wp\/v2\/posts\/6017","targetHints":{"allow":["GET"]}}],"collection":[{"href":"https:\/\/catolicanet.net\/wp-cnet\/wp-json\/wp\/v2\/posts"}],"about":[{"href":"https:\/\/catolicanet.net\/wp-cnet\/wp-json\/wp\/v2\/types\/post"}],"author":[{"embeddable":true,"href":"https:\/\/catolicanet.net\/wp-cnet\/wp-json\/wp\/v2\/users\/1"}],"replies":[{"embeddable":true,"href":"https:\/\/catolicanet.net\/wp-cnet\/wp-json\/wp\/v2\/comments?post=6017"}],"version-history":[{"count":1,"href":"https:\/\/catolicanet.net\/wp-cnet\/wp-json\/wp\/v2\/posts\/6017\/revisions"}],"predecessor-version":[{"id":10881,"href":"https:\/\/catolicanet.net\/wp-cnet\/wp-json\/wp\/v2\/posts\/6017\/revisions\/10881"}],"wp:attachment":[{"href":"https:\/\/catolicanet.net\/wp-cnet\/wp-json\/wp\/v2\/media?parent=6017"}],"wp:term":[{"taxonomy":"category","embeddable":true,"href":"https:\/\/catolicanet.net\/wp-cnet\/wp-json\/wp\/v2\/categories?post=6017"},{"taxonomy":"post_tag","embeddable":true,"href":"https:\/\/catolicanet.net\/wp-cnet\/wp-json\/wp\/v2\/tags?post=6017"}],"curies":[{"name":"wp","href":"https:\/\/api.w.org\/{rel}","templated":true}]}}