{"id":60168,"date":"2020-06-22T10:44:25","date_gmt":"2020-06-22T13:44:25","guid":{"rendered":"https:\/\/catolicanet.net\/wp-cnet\/?p=60168"},"modified":"2020-06-22T12:45:24","modified_gmt":"2020-06-22T15:45:24","slug":"quer-ser-um-bom-pai-inspire-se-nestes-versiculos-biblicos","status":"publish","type":"post","link":"https:\/\/catolicanet.net\/wp-cnet\/quer-ser-um-bom-pai-inspire-se-nestes-versiculos-biblicos\/","title":{"rendered":"Quer ser um bom pai? Inspire-se nestes vers\u00edculos b\u00edblicos"},"content":{"rendered":"<h2 class=\"subtitle\">A B\u00edblia tem muito a dizer sobre paternidade, principalmente sobre como ser um bom pai<\/h2>\n<div class=\"base-post-content\">N\u00e3o \u00e9 f\u00e1cil ser um bom pai no mundo de hoje. O estresse combinado com a falta de bons exemplos torna dif\u00edcil saber se voc\u00ea est\u00e1 fazendo um bom trabalho como pai ou n\u00e3o.<\/p>\n<p style=\"text-align: justify;\">Uma das melhores fontes para buscar a receita sobre como ser um bom pai \u00e9 a B\u00edblia.<\/p>\n<p style=\"text-align: justify;\">Aqui est\u00e3o 10 vers\u00edculos inspiradores para desafiar qualquer homem que queira desenvolver bem e com amor o dom da paternidade:<\/p>\n<p style=\"text-align: justify;\"><strong>1. Ef\u00e9sios 6, 4<\/strong><\/p>\n<p style=\"text-align: justify;\"><em>\u201cPais, n\u00e3o exaspereis vossos filhos. Pelo contr\u00e1rio, criai-os na educa\u00e7\u00e3o e doutrina do Senhor.\u201d<\/em><br \/>\n<small><cite><\/cite><\/small><\/p>\n<p style=\"text-align: justify;\"><strong>2. Salmos 102, 13<\/strong><\/p>\n<div class=\"nativo-inread\" style=\"text-align: justify;\"><\/div>\n<p style=\"text-align: justify;\"><em>\u201cComo um pai tem piedade de seus filhos, assim o Senhor tem compaix\u00e3o dos que o temem.\u201d<\/em><\/p>\n<p style=\"text-align: justify;\"><strong>3. 2 Samuel 7, 14-15<\/strong><\/p>\n<p style=\"text-align: justify;\"><em>\u201cEu serei para ele um pai e ele ser\u00e1 para mim um filho. Se ele cometer alguma falta, eu o castigarei com vara de homens e com a\u00e7oites de homens, mas n\u00e3o lhe tirarei a minha gra\u00e7a, como a retirei de Saul, a quem afastei de ti.\u201d\u00a0<\/em><\/p>\n<p style=\"text-align: justify;\"><strong>4. Prov\u00e9rbios 4, 11-12<\/strong><\/p>\n<p style=\"text-align: justify;\"><em>\u201c\u00c9 o caminho da sabedoria que te mostro, \u00e9 pela senda da retid\u00e3o que eu te guiarei. Se nela caminhares, teus passos n\u00e3o ser\u00e3o dificultosos; se correres, n\u00e3o trope\u00e7ar\u00e1s.\u201d<\/em><br \/>\n<small><cite><\/cite><\/small><\/p>\n<p style=\"text-align: justify;\"><strong>5. Deuteron\u00f4mio 1, 31<\/strong><\/p>\n<p style=\"text-align: justify;\"><em>\u201cNo deserto, tu mesmo viste como o Senhor, teu Deus, te levou por todo caminho por onde andaste, como um homem costuma levar seu filho, at\u00e9 que cheg\u00e1sseis a esse lugar.\u201d<\/em><br \/>\n<small><cite><\/cite><\/small><\/p>\n<p style=\"text-align: justify;\"><strong>6. 1 Cor\u00edntios 16, 14<\/strong><\/p>\n<p style=\"text-align: justify;\"><em>\u201cTudo o que fazeis, fazei-o na caridade.\u201d<\/em><\/p>\n<p style=\"text-align: justify;\"><strong>7. Lucas 15, 20<\/strong><\/p>\n<p style=\"text-align: justify;\">\u201cLevantou-se, pois, e foi ter com seu pai. Estava ainda longe, quando seu pai o viu e, movido de compaix\u00e3o, correu-lhe ao encontro, o abra\u00e7ou e o beijou.\u201d<\/p>\n<p style=\"text-align: justify;\"><strong>8. Eclesi\u00e1stico 3, 9-10<\/strong><\/p>\n<p style=\"text-align: justify;\">\u201cHonra teu pai por teus atos, tuas palavras, tua paci\u00eancia, 10.a fim de que ele te d\u00ea sua b\u00ean\u00e7\u00e3o, e que esta permane\u00e7a em ti at\u00e9 o teu \u00faltimo dia.\u201d<\/p>\n<p style=\"text-align: justify;\"><strong>9. Ef\u00e9sios 4, 29<\/strong><\/p>\n<p style=\"text-align: justify;\">\u201cNenhuma palavra m\u00e1 saia da vossa boca, mas s\u00f3 a que for \u00fatil para a edifica\u00e7\u00e3o, sempre que for poss\u00edvel, e benfazeja aos que ouvem.\u201d<br \/>\n<small><cite><\/cite><\/small><\/p>\n<p style=\"text-align: justify;\"><strong>10. Prov\u00e9rbios 23, 24<\/strong><\/p>\n<p style=\"text-align: justify;\"><em>\u201cO pai do justo exultar\u00e1 de alegria; aquele que gerou um s\u00e1bio se alegrar\u00e1 nele.\u201d<\/em><\/p>\n<\/div>\n","protected":false},"excerpt":{"rendered":"<p>A B\u00edblia tem muito a dizer sobre paternidade, principalmente sobre como ser um bom pai N\u00e3o \u00e9 f\u00e1cil ser um bom pai no mundo de hoje. O estresse combinado com a falta de bons exemplos torna dif\u00edcil saber se voc\u00ea est\u00e1 fazendo um bom trabalho como pai ou n\u00e3o. Uma das melhores fontes para buscar [&hellip;]<\/p>\n","protected":false},"author":1,"featured_media":60169,"comment_status":"open","ping_status":"closed","sticky":false,"template":"","format":"standard","meta":{"footnotes":""},"categories":[4],"tags":[],"class_list":["post-60168","post","type-post","status-publish","format-standard","has-post-thumbnail","hentry","category-cotidiano"],"_links":{"self":[{"href":"https:\/\/catolicanet.net\/wp-cnet\/wp-json\/wp\/v2\/posts\/60168","targetHints":{"allow":["GET"]}}],"collection":[{"href":"https:\/\/catolicanet.net\/wp-cnet\/wp-json\/wp\/v2\/posts"}],"about":[{"href":"https:\/\/catolicanet.net\/wp-cnet\/wp-json\/wp\/v2\/types\/post"}],"author":[{"embeddable":true,"href":"https:\/\/catolicanet.net\/wp-cnet\/wp-json\/wp\/v2\/users\/1"}],"replies":[{"embeddable":true,"href":"https:\/\/catolicanet.net\/wp-cnet\/wp-json\/wp\/v2\/comments?post=60168"}],"version-history":[{"count":1,"href":"https:\/\/catolicanet.net\/wp-cnet\/wp-json\/wp\/v2\/posts\/60168\/revisions"}],"predecessor-version":[{"id":60170,"href":"https:\/\/catolicanet.net\/wp-cnet\/wp-json\/wp\/v2\/posts\/60168\/revisions\/60170"}],"wp:featuredmedia":[{"embeddable":true,"href":"https:\/\/catolicanet.net\/wp-cnet\/wp-json\/wp\/v2\/media\/60169"}],"wp:attachment":[{"href":"https:\/\/catolicanet.net\/wp-cnet\/wp-json\/wp\/v2\/media?parent=60168"}],"wp:term":[{"taxonomy":"category","embeddable":true,"href":"https:\/\/catolicanet.net\/wp-cnet\/wp-json\/wp\/v2\/categories?post=60168"},{"taxonomy":"post_tag","embeddable":true,"href":"https:\/\/catolicanet.net\/wp-cnet\/wp-json\/wp\/v2\/tags?post=60168"}],"curies":[{"name":"wp","href":"https:\/\/api.w.org\/{rel}","templated":true}]}}