{"id":60159,"date":"2020-06-22T10:38:02","date_gmt":"2020-06-22T13:38:02","guid":{"rendered":"https:\/\/catolicanet.net\/wp-cnet\/?p=60159"},"modified":"2020-06-22T12:38:51","modified_gmt":"2020-06-22T15:38:51","slug":"ciclo-de-dialogos-aborda-os-desafios-pastorais-da-igreja-catolica-no-contexto-da-pandemia","status":"publish","type":"post","link":"https:\/\/catolicanet.net\/wp-cnet\/ciclo-de-dialogos-aborda-os-desafios-pastorais-da-igreja-catolica-no-contexto-da-pandemia\/","title":{"rendered":"Ciclo de di\u00e1logos aborda os desafios pastorais da Igreja Cat\u00f3lica no contexto da pandemia"},"content":{"rendered":"<p style=\"text-align: justify;\">Com o objetivo de contribuir no discernimento sobre os principais desafios e tarefas da pastoral e da evangeliza\u00e7\u00e3o no Brasil, a Faculdade Jesu\u00edta de Filosofia e Teologia (Faje) de Belo Horizonte (MG) promove o Ciclo de Di\u00e1logos online de Teologia Pastoral. Iniciando neste m\u00eas, at\u00e9 dezembro, ser\u00e3o sete encontros virtuais para\u00a0<strong>refletir sobre a pastoral da Igreja cat\u00f3lica no atual contexto urbano.<\/strong><\/p>\n<p style=\"text-align: justify;\">A s\u00e9rie de lives deve considerar a pastoral da Igreja neste contexto urbano, \u201cfragmentado e plural do Brasil\u201d. Para isso, os expositores devem recolher \u201cos aprendizados da rica tradi\u00e7\u00e3o da pastoral p\u00f3s-conciliar, deixando-se interpelar pelas novas quest\u00f5es levantadas pelo momento presente, sobretudo nesse tempo de isolamento social e pandemia\u201d.<\/p>\n<p style=\"text-align: justify;\">A programa\u00e7\u00e3o come\u00e7a no dia 22 de junho, com a reflex\u00e3o do cardeal portugu\u00eas Jos\u00e9 Tolentino de Mendon\u00e7a, arquivista do Arquivo Apost\u00f3lico do Vaticano e bibliotec\u00e1rio da Biblioteca Apost\u00f3lica Vaticana. O cardeal abordar\u00e1 a espiritualidade crist\u00e3 em tempo de pandemia.<\/p>\n<p style=\"text-align: justify;\">O bispo auxiliar de Belo Horizonte (MG) e presidente da Comiss\u00e3o Episcopal Pastoral para a Comunica\u00e7\u00e3o da Confer\u00eancia Nacional dos Bispos do Brasil (CNBB), dom Joaquim Giovani Mol Guimar\u00e3es, tamb\u00e9m far\u00e1 exposi\u00e7\u00e3o no ciclo de debates. No dia 10 de agosto, dom Mol falar\u00e1 sobre os rumos da Igreja no p\u00f3s-pandemia. Bispo auxiliar na mesma arquidiocese e membro da Comiss\u00e3o para a Ecologia Integral da CNBB, dom Vicente Ferreira ser\u00e1 outro bispo a participar, desta vez com\u00a0o tema Pastoral nas Vilas e Favelas, no dia 19 de outubro.<\/p>\n<p style=\"text-align: justify;\">Outros especialistas ir\u00e3o abordar tamb\u00e9m os temas \u201cVirtualiza\u00e7\u00e3o da f\u00e9?\u201d; \u201cMedia\u00e7\u00e3o digital e experi\u00eancia religiosa em contextos urbanos\u201d; \u201cIgrejas e conflitos socioambientais\u201d e \u201cEvangeliza\u00e7\u00e3o e movimentos populares\u201d.<\/p>\n<p style=\"text-align: justify;\"><a href=\"https:\/\/www.faculdadejesuita.edu.br\/eventos\/tecendoredes2020\">Para mais informa\u00e7\u00f5es e inscri\u00e7\u00f5es, acesse o site da Faje.<\/a><\/p>\n","protected":false},"excerpt":{"rendered":"<p>Com o objetivo de contribuir no discernimento sobre os principais desafios e tarefas da pastoral e da evangeliza\u00e7\u00e3o no Brasil, a Faculdade Jesu\u00edta de Filosofia e Teologia (Faje) de Belo Horizonte (MG) promove o Ciclo de Di\u00e1logos online de Teologia Pastoral. Iniciando neste m\u00eas, at\u00e9 dezembro, ser\u00e3o sete encontros virtuais para\u00a0refletir sobre a pastoral da [&hellip;]<\/p>\n","protected":false},"author":1,"featured_media":60160,"comment_status":"open","ping_status":"closed","sticky":false,"template":"","format":"standard","meta":{"footnotes":""},"categories":[7],"tags":[],"class_list":["post-60159","post","type-post","status-publish","format-standard","has-post-thumbnail","hentry","category-cnbb"],"_links":{"self":[{"href":"https:\/\/catolicanet.net\/wp-cnet\/wp-json\/wp\/v2\/posts\/60159","targetHints":{"allow":["GET"]}}],"collection":[{"href":"https:\/\/catolicanet.net\/wp-cnet\/wp-json\/wp\/v2\/posts"}],"about":[{"href":"https:\/\/catolicanet.net\/wp-cnet\/wp-json\/wp\/v2\/types\/post"}],"author":[{"embeddable":true,"href":"https:\/\/catolicanet.net\/wp-cnet\/wp-json\/wp\/v2\/users\/1"}],"replies":[{"embeddable":true,"href":"https:\/\/catolicanet.net\/wp-cnet\/wp-json\/wp\/v2\/comments?post=60159"}],"version-history":[{"count":1,"href":"https:\/\/catolicanet.net\/wp-cnet\/wp-json\/wp\/v2\/posts\/60159\/revisions"}],"predecessor-version":[{"id":60161,"href":"https:\/\/catolicanet.net\/wp-cnet\/wp-json\/wp\/v2\/posts\/60159\/revisions\/60161"}],"wp:featuredmedia":[{"embeddable":true,"href":"https:\/\/catolicanet.net\/wp-cnet\/wp-json\/wp\/v2\/media\/60160"}],"wp:attachment":[{"href":"https:\/\/catolicanet.net\/wp-cnet\/wp-json\/wp\/v2\/media?parent=60159"}],"wp:term":[{"taxonomy":"category","embeddable":true,"href":"https:\/\/catolicanet.net\/wp-cnet\/wp-json\/wp\/v2\/categories?post=60159"},{"taxonomy":"post_tag","embeddable":true,"href":"https:\/\/catolicanet.net\/wp-cnet\/wp-json\/wp\/v2\/tags?post=60159"}],"curies":[{"name":"wp","href":"https:\/\/api.w.org\/{rel}","templated":true}]}}