{"id":60153,"date":"2020-06-22T10:34:26","date_gmt":"2020-06-22T13:34:26","guid":{"rendered":"https:\/\/catolicanet.net\/wp-cnet\/?p=60153"},"modified":"2020-06-22T12:35:27","modified_gmt":"2020-06-22T15:35:27","slug":"live-da-edicoes-cnbb-com-o-tema-celebrar-e-iniciar-ao-misterio-a-liturgia","status":"publish","type":"post","link":"https:\/\/catolicanet.net\/wp-cnet\/live-da-edicoes-cnbb-com-o-tema-celebrar-e-iniciar-ao-misterio-a-liturgia\/","title":{"rendered":"Live da Edi\u00e7\u00f5es CNBB com o tema \u201cCelebrar e iniciar ao mist\u00e9rio: a Liturgia\u201d"},"content":{"rendered":"<p style=\"text-align: justify;\">A live da Edi\u00e7\u00f5es CNBB desta segunda-feira, 22 de junho, vai abordar o tema \u201c<em>Celebrar e iniciar ao mist\u00e9rio: a Liturgia\u201d<\/em>. O convidado para o aprofundamento \u00e9 o bispo de Livramento de Nossa Senhora (BA) e membro da Comiss\u00e3o Episcopal Pastoral para a Anima\u00e7\u00e3o B\u00edblico-Catequ\u00e9tica da Confer\u00eancia Nacional dos Bispos do Brasil (CNBB), dom Armando Bucciol. Ser\u00e1 poss\u00edvel acompanhar nos perfis do Instagram e do Facebook, al\u00e9m do\u00a0<a href=\"https:\/\/youtu.be\/_PTrdXVUEdo\">canal no Youtube da Edi\u00e7\u00f5es CNBB<\/a>.<\/p>\n<p style=\"text-align: justify;\">Ser\u00e1 proposta uma reflex\u00e3o sobre a rela\u00e7\u00e3o entre liturgia e catequese, a partir do itiner\u00e1rio proposto pelo Ritual da Inicia\u00e7\u00e3o Crista de Adultos (Rica), mostrando que a liturgia na inicia\u00e7\u00e3o \u00e0 vida crist\u00e3 vai muito al\u00e9m das celebra\u00e7\u00f5es. S\u00e3o refer\u00eancias para a live de hoje os livros \u201c<em>Celebrar e iniciar ao Mist\u00e9rio: A Liturgia (Sendas 13)<\/em>\u201c, de autoria do padre Thiago Faccini, fruto da IV Semana Brasileira de Catequese, e dos livros de autoria de dom Armando que est\u00e3o em plena sintonia com o tema: \u201c<em>Iniciar \u00e0 F\u00e9 pela Liturgia (Sendas 7)<\/em>\u201d e \u201c<em>Sinais e S\u00edmbolos, gestos e Palavras na Liturgia\u201d.<\/em><\/p>\n<p style=\"text-align: justify;\">De acordo com a Edi\u00e7\u00f5es CNBB, a live \u201cabrir\u00e1 in\u00fameras possibilidades de temas correlacionados que poder\u00e3o ser explorados\u201d. E ainda ser\u00e1 poss\u00edvel refletir sobre \u201cquest\u00f5es pr\u00e1ticas de como fazer da liturgia um espa\u00e7o privilegiado de inicia\u00e7\u00e3o \u00e0 vida crist\u00e3, divulgando as iniciativas e atividades da Comiss\u00e3o Episcopal Pastoral para Liturgia da CNBB e de diversas experiencias realizadas pelo Brasil, tendo como foco as a\u00e7\u00f5es lit\u00fargicas\u201d.<\/p>\n<p style=\"text-align: justify;\">Como tem sido pr\u00e1tica desde o in\u00edcio das lives, o mediador tem favorecido a participa\u00e7\u00e3o dos internautas que interagem com perguntas enviadas ao convidado.<\/p>\n<p style=\"text-align: justify;\"><strong>Live da Edi\u00e7\u00f5es CNBB \u2013 \u201cCelebrar e iniciar ao mist\u00e9rio: a Liturgia\u201d<\/strong><br \/>\nHoje, 22 de junho, \u00e0s 15h<br \/>\nhttps:\/\/www.instagram.com\/edicoescnbb\/<br \/>\nhttps:\/\/www.facebook.com\/edicoes.cnbb<br \/>\n<iframe loading=\"lazy\"  id=\"_ytid_20010\"  width=\"696\" height=\"392\"  data-origwidth=\"696\" data-origheight=\"392\"  data-relstop=\"1\" src=\"https:\/\/www.youtube.com\/embed\/p>?enablejsapi=1&#038;autoplay=0&#038;cc_load_policy=0&#038;cc_lang_pref=&#038;iv_load_policy=1&#038;loop=0&#038;rel=0&#038;fs=1&#038;playsinline=0&#038;autohide=2&#038;theme=dark&#038;color=red&#038;controls=1&#038;disablekb=0&#038;&#8221; class=&#8221;__youtube_prefs__  epyt-is-override  no-lazyload&#8221; title=&#8221;YouTube player&#8221;  allow=&#8221;fullscreen; accelerometer; autoplay; clipboard-write; encrypted-media; gyroscope; picture-in-picture; web-share&#8221; referrerpolicy=&#8221;strict-origin-when-cross-origin&#8221; allowfullscreen data-no-lazy=&#8221;1&#8243; data-skipgform_ajax_framebjll=&#8221;&#8221;><\/iframe><\/p>\n","protected":false},"excerpt":{"rendered":"<p>A live da Edi\u00e7\u00f5es CNBB desta segunda-feira, 22 de junho, vai abordar o tema \u201cCelebrar e iniciar ao mist\u00e9rio: a Liturgia\u201d. O convidado para o aprofundamento \u00e9 o bispo de Livramento de Nossa Senhora (BA) e membro da Comiss\u00e3o Episcopal Pastoral para a Anima\u00e7\u00e3o B\u00edblico-Catequ\u00e9tica da Confer\u00eancia Nacional dos Bispos do Brasil (CNBB), dom Armando [&hellip;]<\/p>\n","protected":false},"author":1,"featured_media":60154,"comment_status":"open","ping_status":"closed","sticky":false,"template":"","format":"standard","meta":{"footnotes":""},"categories":[7],"tags":[],"class_list":["post-60153","post","type-post","status-publish","format-standard","has-post-thumbnail","hentry","category-cnbb"],"_links":{"self":[{"href":"https:\/\/catolicanet.net\/wp-cnet\/wp-json\/wp\/v2\/posts\/60153","targetHints":{"allow":["GET"]}}],"collection":[{"href":"https:\/\/catolicanet.net\/wp-cnet\/wp-json\/wp\/v2\/posts"}],"about":[{"href":"https:\/\/catolicanet.net\/wp-cnet\/wp-json\/wp\/v2\/types\/post"}],"author":[{"embeddable":true,"href":"https:\/\/catolicanet.net\/wp-cnet\/wp-json\/wp\/v2\/users\/1"}],"replies":[{"embeddable":true,"href":"https:\/\/catolicanet.net\/wp-cnet\/wp-json\/wp\/v2\/comments?post=60153"}],"version-history":[{"count":1,"href":"https:\/\/catolicanet.net\/wp-cnet\/wp-json\/wp\/v2\/posts\/60153\/revisions"}],"predecessor-version":[{"id":60155,"href":"https:\/\/catolicanet.net\/wp-cnet\/wp-json\/wp\/v2\/posts\/60153\/revisions\/60155"}],"wp:featuredmedia":[{"embeddable":true,"href":"https:\/\/catolicanet.net\/wp-cnet\/wp-json\/wp\/v2\/media\/60154"}],"wp:attachment":[{"href":"https:\/\/catolicanet.net\/wp-cnet\/wp-json\/wp\/v2\/media?parent=60153"}],"wp:term":[{"taxonomy":"category","embeddable":true,"href":"https:\/\/catolicanet.net\/wp-cnet\/wp-json\/wp\/v2\/categories?post=60153"},{"taxonomy":"post_tag","embeddable":true,"href":"https:\/\/catolicanet.net\/wp-cnet\/wp-json\/wp\/v2\/tags?post=60153"}],"curies":[{"name":"wp","href":"https:\/\/api.w.org\/{rel}","templated":true}]}}