{"id":6015,"date":"2015-07-15T14:32:32","date_gmt":"2015-07-15T17:32:32","guid":{"rendered":"http:\/\/catolicanet.net\/wp-cnet\/violencia-boko-haram-na-nigeria-e-camaroes-pelo-menos-30-mortos\/"},"modified":"2017-04-10T14:05:39","modified_gmt":"2017-04-10T17:05:39","slug":"violencia-boko-haram-na-nigeria-e-camaroes-pelo-menos-30-mortos","status":"publish","type":"post","link":"https:\/\/catolicanet.net\/wp-cnet\/violencia-boko-haram-na-nigeria-e-camaroes-pelo-menos-30-mortos\/","title":{"rendered":"Viol\u00eancia Boko Haram na Nig\u00e9ria e Camar\u00f5es: pelo menos 30 mortos"},"content":{"rendered":"<p style=\"text-align: justify;\"><img decoding=\"async\" src=\"http:\/\/catolicanet.com.br\/images\/stories\/geral\/violencia boko.jpg\" border=\"0\" align=\"left\" \/>Ataques suicidas, atentados com bombas e assaltos armados a aldeias. Entre o fim de semana e segunda-feira os milicianos do Boko Haram perpetraram uma nova onda de terror e viol\u00eancia no norte da Nig\u00e9ria e nos Camar\u00f5es. Neste \u00faltimo Pa\u00eds, duas bombas explodiram num bar de Fotokol, uma cidade de fronteira com o estado nigeriano de Borno.<\/p>\n<p>Entre as 14 v\u00edtimas v\u00e1rios militares chadianos, pertencentes ao contingente dos Pa\u00edses da regi\u00e3o que se op\u00f5em aos rebeldes isl\u00e2micos. Pelo menos outras 12 pessoas morreram e v\u00e1rias casas foram incendiadas num assalto armado a uma aldeia no norte da Nig\u00e9ria. Finalmente, nos arredores de Maiduguri, um homem-bomba matou quatro pessoas num posto de controle.<\/p>\n<p>Perante esta nova ofensiva o Secret\u00e1rio da ONU Ban Ki-moon encoraja os Pa\u00edses da regi\u00e3o a refor\u00e7ar a coopera\u00e7\u00e3o. Por sua parte, o presidente nigeriano Buhari exonerou os chefes do Ex\u00e9rcito, da Marinha e da Aeron\u00e1utica, depois de repetidas cr\u00edticas \u00e0quilo que ele considera uma ac\u00e7\u00e3o ineficaz das for\u00e7as armadas nigerianas contra o Boko Haram.<\/p>\n<p style=\"text-align: justify;\">Fonte: R\u00e1dio Vaticano<\/p>\n","protected":false},"excerpt":{"rendered":"<p>Ataques suicidas, atentados com bombas e assaltos armados a aldeias. Entre o fim de semana e segunda-feira os milicianos do Boko Haram perpetraram uma nova onda de terror e viol\u00eancia no norte da Nig\u00e9ria e nos Camar\u00f5es. Neste \u00faltimo Pa\u00eds, duas bombas explodiram num bar de Fotokol, uma cidade de fronteira com o estado nigeriano [&hellip;]<\/p>\n","protected":false},"author":1,"featured_media":0,"comment_status":"closed","ping_status":"closed","sticky":false,"template":"","format":"standard","meta":{"footnotes":""},"categories":[4],"tags":[],"class_list":["post-6015","post","type-post","status-publish","format-standard","hentry","category-cotidiano"],"_links":{"self":[{"href":"https:\/\/catolicanet.net\/wp-cnet\/wp-json\/wp\/v2\/posts\/6015","targetHints":{"allow":["GET"]}}],"collection":[{"href":"https:\/\/catolicanet.net\/wp-cnet\/wp-json\/wp\/v2\/posts"}],"about":[{"href":"https:\/\/catolicanet.net\/wp-cnet\/wp-json\/wp\/v2\/types\/post"}],"author":[{"embeddable":true,"href":"https:\/\/catolicanet.net\/wp-cnet\/wp-json\/wp\/v2\/users\/1"}],"replies":[{"embeddable":true,"href":"https:\/\/catolicanet.net\/wp-cnet\/wp-json\/wp\/v2\/comments?post=6015"}],"version-history":[{"count":1,"href":"https:\/\/catolicanet.net\/wp-cnet\/wp-json\/wp\/v2\/posts\/6015\/revisions"}],"predecessor-version":[{"id":10879,"href":"https:\/\/catolicanet.net\/wp-cnet\/wp-json\/wp\/v2\/posts\/6015\/revisions\/10879"}],"wp:attachment":[{"href":"https:\/\/catolicanet.net\/wp-cnet\/wp-json\/wp\/v2\/media?parent=6015"}],"wp:term":[{"taxonomy":"category","embeddable":true,"href":"https:\/\/catolicanet.net\/wp-cnet\/wp-json\/wp\/v2\/categories?post=6015"},{"taxonomy":"post_tag","embeddable":true,"href":"https:\/\/catolicanet.net\/wp-cnet\/wp-json\/wp\/v2\/tags?post=6015"}],"curies":[{"name":"wp","href":"https:\/\/api.w.org\/{rel}","templated":true}]}}