{"id":60131,"date":"2020-06-21T09:45:11","date_gmt":"2020-06-21T12:45:11","guid":{"rendered":"https:\/\/catolicanet.net\/wp-cnet\/?p=60131"},"modified":"2020-06-21T18:45:58","modified_gmt":"2020-06-21T21:45:58","slug":"o-fanatismo","status":"publish","type":"post","link":"https:\/\/catolicanet.net\/wp-cnet\/o-fanatismo\/","title":{"rendered":"O fanatismo"},"content":{"rendered":"<p style=\"text-align: justify;\">Uma forma paranoica, com base religiosa ou pol\u00edtica, como algumas pessoas agem, pode ser identificada como fanatismo. H\u00e1 a\u00ed marcas psicol\u00f3gicas excessivas, irracionais e persistentes, como apaixonada ades\u00e3o a uma causa, que pode chegar at\u00e9 ao del\u00edrio. Est\u00e1 muito claro que nessas atitudes extremas existe demonstra\u00e7\u00e3o de desequil\u00edbrios e situa\u00e7\u00f5es preocupantes para a ordem social.<\/p>\n<p style=\"text-align: justify;\">Na Igreja \u00e9 celebrada a Festa de S\u00e3o Pedro e S\u00e3o Paulo. Pedro era um pescador, homem simples e trabalhador, mas Paulo era um religioso fan\u00e1tico, defensor da tradi\u00e7\u00e3o dos antigos e, louco para assassinar os seguidores de Jesus Cristo. Para ele a doutrina crist\u00e3 era uma afronta aos princ\u00edpios do Imp\u00e9rio. Nele entendemos que o fanatismo provoca a morte e nunca ajuda na ordem p\u00fablica.<\/p>\n<p style=\"text-align: justify;\">O Brasil est\u00e1 passando por alguns fanatismos perigosos, deixando a popula\u00e7\u00e3o inconformada, cheia de interroga\u00e7\u00f5es e com o perigo de explos\u00e3o incontrol\u00e1vel. J\u00e1 basta a situa\u00e7\u00e3o do Covid-19, o transtorno causado e a inseguran\u00e7a da grande maioria das pessoas. A perda de controle das institui\u00e7\u00f5es governamentais, dos poderes da Rep\u00fablica, est\u00e1 colocando em risco a democracia e todo o pa\u00eds.<\/p>\n<p style=\"text-align: justify;\">O ap\u00f3stolo Paulo, de uma postura totalmente fan\u00e1tica contra os crist\u00e3os, transformou-se em um dos grandes defensores da doutrina crist\u00e3. Ele passou por um processo exigente de convers\u00e3o e conseguiu entender que a realidade da vida era outra. Esse processo n\u00e3o lhe foi f\u00e1cil porque exigiu dele grandes ren\u00fancias para fazer uma aventura de amor e de seguimento de Jesus Cristo.<\/p>\n<p style=\"text-align: justify;\">Infelizmente, ou felizmente, o mundo passa por uma grande reviravolta no seu itiner\u00e1rio. \u00c9 quase imposs\u00edvel acreditar num futuro promissor com tanta degrada\u00e7\u00e3o da natureza. O pior \u00e9 saber que o tipo de desenvolvimento se torna amea\u00e7ador, porque n\u00e3o coloca como alvo principal a dignidade da pessoa humana. H\u00e1 at\u00e9 quem usa da morte de pessoas para aumentar sua capacidade econ\u00f4mica.<\/p>\n<p style=\"text-align: justify;\">Qualquer institui\u00e7\u00e3o humana, para ter estabilidade, depende de bases bem constru\u00eddas e s\u00f3lidas. Pedro e Paulo s\u00e3o refer\u00eancias fundantes da Igreja, e nela as pessoas podem e fazem a experi\u00eancia profunda de Deus, seguindo as orienta\u00e7\u00f5es que veem de sua Palavra. A Carta Constitucional brasileira \u00e9 a base da democracia. Ela deve ser respeitada para dar condi\u00e7\u00e3o de ordem e progresso proclamados.<\/p>\n","protected":false},"excerpt":{"rendered":"<p>Uma forma paranoica, com base religiosa ou pol\u00edtica, como algumas pessoas agem, pode ser identificada como fanatismo. H\u00e1 a\u00ed marcas psicol\u00f3gicas excessivas, irracionais e persistentes, como apaixonada ades\u00e3o a uma causa, que pode chegar at\u00e9 ao del\u00edrio. Est\u00e1 muito claro que nessas atitudes extremas existe demonstra\u00e7\u00e3o de desequil\u00edbrios e situa\u00e7\u00f5es preocupantes para a ordem social. [&hellip;]<\/p>\n","protected":false},"author":11,"featured_media":55820,"comment_status":"open","ping_status":"closed","sticky":false,"template":"","format":"standard","meta":{"footnotes":""},"categories":[9],"tags":[],"class_list":["post-60131","post","type-post","status-publish","format-standard","has-post-thumbnail","hentry","category-artigos"],"_links":{"self":[{"href":"https:\/\/catolicanet.net\/wp-cnet\/wp-json\/wp\/v2\/posts\/60131","targetHints":{"allow":["GET"]}}],"collection":[{"href":"https:\/\/catolicanet.net\/wp-cnet\/wp-json\/wp\/v2\/posts"}],"about":[{"href":"https:\/\/catolicanet.net\/wp-cnet\/wp-json\/wp\/v2\/types\/post"}],"author":[{"embeddable":true,"href":"https:\/\/catolicanet.net\/wp-cnet\/wp-json\/wp\/v2\/users\/11"}],"replies":[{"embeddable":true,"href":"https:\/\/catolicanet.net\/wp-cnet\/wp-json\/wp\/v2\/comments?post=60131"}],"version-history":[{"count":1,"href":"https:\/\/catolicanet.net\/wp-cnet\/wp-json\/wp\/v2\/posts\/60131\/revisions"}],"predecessor-version":[{"id":60132,"href":"https:\/\/catolicanet.net\/wp-cnet\/wp-json\/wp\/v2\/posts\/60131\/revisions\/60132"}],"wp:featuredmedia":[{"embeddable":true,"href":"https:\/\/catolicanet.net\/wp-cnet\/wp-json\/wp\/v2\/media\/55820"}],"wp:attachment":[{"href":"https:\/\/catolicanet.net\/wp-cnet\/wp-json\/wp\/v2\/media?parent=60131"}],"wp:term":[{"taxonomy":"category","embeddable":true,"href":"https:\/\/catolicanet.net\/wp-cnet\/wp-json\/wp\/v2\/categories?post=60131"},{"taxonomy":"post_tag","embeddable":true,"href":"https:\/\/catolicanet.net\/wp-cnet\/wp-json\/wp\/v2\/tags?post=60131"}],"curies":[{"name":"wp","href":"https:\/\/api.w.org\/{rel}","templated":true}]}}