{"id":6013,"date":"2015-07-15T13:50:10","date_gmt":"2015-07-15T16:50:10","guid":{"rendered":"http:\/\/catolicanet.net\/wp-cnet\/papa-emerito-bento-xvi-regressou-ao-vaticano\/"},"modified":"2017-04-10T14:04:41","modified_gmt":"2017-04-10T17:04:41","slug":"papa-emerito-bento-xvi-regressou-ao-vaticano","status":"publish","type":"post","link":"https:\/\/catolicanet.net\/wp-cnet\/papa-emerito-bento-xvi-regressou-ao-vaticano\/","title":{"rendered":"Papa Em\u00e9rito Bento XVI regressou ao Vaticano"},"content":{"rendered":"<p style=\"text-align: justify;\">\n<p><img decoding=\"async\" src=\"http:\/\/catolicanet.com.br\/images\/stories\/geral\/papa emrito.jpg\" border=\"0\" align=\"left\" \/>Papa Em\u00e9rito Bento XVI em Castel Gandolfo &#8211; OSS_ROM<\/p>\n<p>Nesta ter\u00e7a-feira dia 14 de julho o Papa Em\u00e9rito Bento XVI regressou ao Vaticano, ao Mosteiro Mater Ecclesiae, onde vive, ap\u00f3s ter passado alguns dias de repouso na resid\u00eancia papal de Castelgandolfo.<\/p>\n<p>Durante este per\u00edodo em Castelgandolfo o Cardeal Stanis\u0142aw Dziwisz, arcebispo de Crac\u00f3via na Pol\u00f3nia, conferiu a Bento XVI dois t\u00edtulos de doutoramento \u201chonoris causa\u201d em nome dos reitores da Academia Musical de Crac\u00f3via e da Universidade Pontif\u00edcia Jo\u00e3o Paulo II, que foi institu\u00edda por Bento XVI a 19 de junho de 2009.<\/p>\n<p>Recordemos que no dia 30 de junho, o Papa Francisco esteve no Mosteiro Mater Ecclesiae visitando o Papa Em\u00e9rito Bento XVI antes da sua partida para Castelgandolfo.<\/p>\n<p style=\"text-align: justify;\">\u00a0<\/p>\n<p style=\"text-align: justify;\">Fonte: R\u00e1dio Vaticano<\/p>\n","protected":false},"excerpt":{"rendered":"<p>Papa Em\u00e9rito Bento XVI em Castel Gandolfo &#8211; OSS_ROM Nesta ter\u00e7a-feira dia 14 de julho o Papa Em\u00e9rito Bento XVI regressou ao Vaticano, ao Mosteiro Mater Ecclesiae, onde vive, ap\u00f3s ter passado alguns dias de repouso na resid\u00eancia papal de Castelgandolfo. Durante este per\u00edodo em Castelgandolfo o Cardeal Stanis\u0142aw Dziwisz, arcebispo de Crac\u00f3via na Pol\u00f3nia, [&hellip;]<\/p>\n","protected":false},"author":1,"featured_media":0,"comment_status":"closed","ping_status":"closed","sticky":false,"template":"","format":"standard","meta":{"footnotes":""},"categories":[3],"tags":[],"class_list":["post-6013","post","type-post","status-publish","format-standard","hentry","category-vaticano"],"_links":{"self":[{"href":"https:\/\/catolicanet.net\/wp-cnet\/wp-json\/wp\/v2\/posts\/6013","targetHints":{"allow":["GET"]}}],"collection":[{"href":"https:\/\/catolicanet.net\/wp-cnet\/wp-json\/wp\/v2\/posts"}],"about":[{"href":"https:\/\/catolicanet.net\/wp-cnet\/wp-json\/wp\/v2\/types\/post"}],"author":[{"embeddable":true,"href":"https:\/\/catolicanet.net\/wp-cnet\/wp-json\/wp\/v2\/users\/1"}],"replies":[{"embeddable":true,"href":"https:\/\/catolicanet.net\/wp-cnet\/wp-json\/wp\/v2\/comments?post=6013"}],"version-history":[{"count":1,"href":"https:\/\/catolicanet.net\/wp-cnet\/wp-json\/wp\/v2\/posts\/6013\/revisions"}],"predecessor-version":[{"id":10877,"href":"https:\/\/catolicanet.net\/wp-cnet\/wp-json\/wp\/v2\/posts\/6013\/revisions\/10877"}],"wp:attachment":[{"href":"https:\/\/catolicanet.net\/wp-cnet\/wp-json\/wp\/v2\/media?parent=6013"}],"wp:term":[{"taxonomy":"category","embeddable":true,"href":"https:\/\/catolicanet.net\/wp-cnet\/wp-json\/wp\/v2\/categories?post=6013"},{"taxonomy":"post_tag","embeddable":true,"href":"https:\/\/catolicanet.net\/wp-cnet\/wp-json\/wp\/v2\/tags?post=6013"}],"curies":[{"name":"wp","href":"https:\/\/api.w.org\/{rel}","templated":true}]}}