{"id":60104,"date":"2020-06-19T11:17:24","date_gmt":"2020-06-19T14:17:24","guid":{"rendered":"https:\/\/catolicanet.net\/wp-cnet\/?p=60104"},"modified":"2020-06-19T11:17:24","modified_gmt":"2020-06-19T14:17:24","slug":"baixe-o-roteiro-da-celebracao-em-familia-para-o-12o-domingo-comum","status":"publish","type":"post","link":"https:\/\/catolicanet.net\/wp-cnet\/baixe-o-roteiro-da-celebracao-em-familia-para-o-12o-domingo-comum\/","title":{"rendered":"Baixe o roteiro da celebra\u00e7\u00e3o em fam\u00edlia para o 12\u00ba Domingo Comum"},"content":{"rendered":"<p style=\"text-align: justify;\">A Igreja celebra neste domingo, 21 de junho, o 12\u00ba Domingo do Tempo Comum e a Confer\u00eancia Nacional dos Bispos do Brasil (CNBB), por meio da Comiss\u00e3o Episcopal Pastoral para a Liturgia, oferece mais uma vez o roteiro \u201cCelebrar em fam\u00edlia\u201d.<\/p>\n<p style=\"text-align: justify;\">No centro da celebra\u00e7\u00e3o da Palavra, o Evangelho de Mateus 10, dos vers\u00edculos 26 ao 33.<\/p>\n<p><em>[\u2026] N\u00e3o tenhais medo! V\u00f3s valeis mais do que muitos pardais. Portanto, todo aquele que se declarar a meu favor diante dos homens, tamb\u00e9m eu me declararei em favor dele diante do meu Pai que est\u00e1 nos c\u00e9us. Aquele, por\u00e9m, que me negar diante dos homens, tamb\u00e9m eu o negarei diante do meu Pai que est\u00e1 nos c\u00e9us. (Mt 10, 31-33).\u00a0<\/em><\/p>\n<p style=\"text-align: justify;\">Neste contexto de pandemia, o roteiro pode ser uma valiosa op\u00e7\u00e3o para continuar em comunh\u00e3o com a Igreja, principalmente \u00e0s pessoas impossibilitadas por motivo de sa\u00fade ou idade, ou porque pertencem ao denominado \u2018grupo de risco\u2019, que devem ainda abster-se de participar das celebra\u00e7\u00f5es comunit\u00e1rias dominicais, nos locais em que as missas j\u00e1 retornam.<\/p>\n<p style=\"text-align: justify;\">A Comiss\u00e3o Episcopal para a Liturgia da CNBB refor\u00e7a a import\u00e2ncia de celebrar verdadeiramente o Dia do Senhor, n\u00e3o s\u00f3 acompanhando pelos meios de comunica\u00e7\u00e3o: S\u00e3o muitos os hor\u00e1rios de transmiss\u00e3o de missas em nossos canais cat\u00f3licos que podemos acompanhar, mas vivendo a dignidade de povo sacerdotal que nosso batismo nos conferiu podemos n\u00e3o s\u00f3 acompanhar, mas CELEBRAR com nossas fam\u00edlias o Dia do Senhor.<\/p>\n<p><a href=\"https:\/\/www.cnbb.org.br\/wp-content\/uploads\/sites\/32\/2020\/06\/Celebrar-em-Fam%C3%ADlia-12%C2%BA-Domingo-do-Tempo-Comum.pdf\">BAIXE O ROTEIRO DA CELEBRA\u00c7\u00c3O EM FAM\u00cdLIA DO 12\u00ba DOMINGO DO TEMPO COMUM<\/a><\/p>\n","protected":false},"excerpt":{"rendered":"<p>A Igreja celebra neste domingo, 21 de junho, o 12\u00ba Domingo do Tempo Comum e a Confer\u00eancia Nacional dos Bispos do Brasil (CNBB), por meio da Comiss\u00e3o Episcopal Pastoral para a Liturgia, oferece mais uma vez o roteiro \u201cCelebrar em fam\u00edlia\u201d. No centro da celebra\u00e7\u00e3o da Palavra, o Evangelho de Mateus 10, dos vers\u00edculos 26 [&hellip;]<\/p>\n","protected":false},"author":1,"featured_media":60105,"comment_status":"open","ping_status":"closed","sticky":false,"template":"","format":"standard","meta":{"footnotes":""},"categories":[7],"tags":[],"class_list":["post-60104","post","type-post","status-publish","format-standard","has-post-thumbnail","hentry","category-cnbb"],"_links":{"self":[{"href":"https:\/\/catolicanet.net\/wp-cnet\/wp-json\/wp\/v2\/posts\/60104","targetHints":{"allow":["GET"]}}],"collection":[{"href":"https:\/\/catolicanet.net\/wp-cnet\/wp-json\/wp\/v2\/posts"}],"about":[{"href":"https:\/\/catolicanet.net\/wp-cnet\/wp-json\/wp\/v2\/types\/post"}],"author":[{"embeddable":true,"href":"https:\/\/catolicanet.net\/wp-cnet\/wp-json\/wp\/v2\/users\/1"}],"replies":[{"embeddable":true,"href":"https:\/\/catolicanet.net\/wp-cnet\/wp-json\/wp\/v2\/comments?post=60104"}],"version-history":[{"count":1,"href":"https:\/\/catolicanet.net\/wp-cnet\/wp-json\/wp\/v2\/posts\/60104\/revisions"}],"predecessor-version":[{"id":60106,"href":"https:\/\/catolicanet.net\/wp-cnet\/wp-json\/wp\/v2\/posts\/60104\/revisions\/60106"}],"wp:featuredmedia":[{"embeddable":true,"href":"https:\/\/catolicanet.net\/wp-cnet\/wp-json\/wp\/v2\/media\/60105"}],"wp:attachment":[{"href":"https:\/\/catolicanet.net\/wp-cnet\/wp-json\/wp\/v2\/media?parent=60104"}],"wp:term":[{"taxonomy":"category","embeddable":true,"href":"https:\/\/catolicanet.net\/wp-cnet\/wp-json\/wp\/v2\/categories?post=60104"},{"taxonomy":"post_tag","embeddable":true,"href":"https:\/\/catolicanet.net\/wp-cnet\/wp-json\/wp\/v2\/tags?post=60104"}],"curies":[{"name":"wp","href":"https:\/\/api.w.org\/{rel}","templated":true}]}}