{"id":60086,"date":"2020-06-19T10:40:44","date_gmt":"2020-06-19T13:40:44","guid":{"rendered":"https:\/\/catolicanet.net\/wp-cnet\/?p=60086"},"modified":"2020-06-19T10:40:44","modified_gmt":"2020-06-19T13:40:44","slug":"santificacao-do-clero","status":"publish","type":"post","link":"https:\/\/catolicanet.net\/wp-cnet\/santificacao-do-clero\/","title":{"rendered":"SANTIFICA\u00c7\u00c3O DO CLERO"},"content":{"rendered":"<p style=\"text-align: justify;\"><em>\u201cO Sacerdote \u00e9 o amor do Cora\u00e7\u00e3o de Jesus. Quando virdes o padre, pensai em Nosso Senhor Jesus Cristo.\u201d (S\u00e3o Jo\u00e3o Maria Vianney)<\/em><\/p>\n<p style=\"text-align: justify;\"><em>\u00a0<\/em><\/p>\n<p style=\"text-align: justify;\">\u00a0\u00a0\u00a0\u00a0\u00a0\u00a0\u00a0\u00a0 Hoje, junto com a Solenidade do Sagrado Cora\u00e7\u00e3o de Jesus, dedicamos ora\u00e7\u00f5es pela santifica\u00e7\u00e3o do clero. Tal data foi institu\u00edda por S\u00e3o Jo\u00e3o Paulo II, em 1995, o Dia Mundial de Ora\u00e7\u00e3o pela Santifica\u00e7\u00e3o do Clero.<\/p>\n<p style=\"text-align: justify;\">\u00a0\u00a0\u00a0\u00a0\u00a0\u00a0\u00a0\u00a0 Esta data \u00e9 um momento que recordamos o desafio dos Sacerdotes de tender para a Santidade, em que j\u00e1 dizia o S\u00e3o Jo\u00e3o Paulo II: <em>\u201ca fim de sermos ministros de santidade para os homens e mulheres confiados ao nosso servi\u00e7o pastoral\u201d, <\/em>tendo em vista<em> \u201cconformarem-se cada vez mais plenamente com o cora\u00e7\u00e3o do Bom Pastor\u201d<\/em> (<a href=\"https:\/\/www.arquidiocesepoa.org.br\/post\/2018\/06\/07\/mensagem-para-a-jornada-de-santifica%C3%A7%C3%A3o-do-clero-2018\">https:\/\/www.arquidiocesepoa.org.br\/post\/2018\/06\/07\/mensagem-para-a-jornada-de-santifica%C3%A7%C3%A3o-do-clero-2018<\/a><\/p>\n<p style=\"text-align: justify;\">\u00a0\u2013 acesso em 17 de junho de 2020).<\/p>\n<p style=\"text-align: justify;\">\u00a0\u00a0\u00a0\u00a0\u00a0\u00a0\u00a0\u00a0 Ora, a miss\u00e3o do Sacerdote \u00e9 \u00e1rdua e, assim, como todo ser humano, tem os seus altos e baixos. <em>\u201c\u00c9 o que pode acontecer sempre, tamb\u00e9m na vida do Sacerdote. A grata mem\u00f3ria do encontro inicial, a alegria do seguimento e o zelo do minist\u00e9rio apost\u00f3lico, talvez levado adiante por anos e em situa\u00e7\u00f5es nem sempre f\u00e1ceis, podem dar lugar ao cansa\u00e7o ou ao desencorajamento, fazendo avan\u00e7ar o deserto interior da aridez e envolvendo a nossa vida sacerdotal na sombra da tristeza\u201d (Cardeal Beniamino Stella, Prefeito da Pontif\u00edcia Congrega\u00e7\u00e3o para o Clero \u2013 2018).<\/em><\/p>\n<p style=\"text-align: justify;\"><em>\u00a0\u00a0\u00a0\u00a0\u00a0\u00a0\u00a0\u00a0 <\/em>Assim, rezar pelo padre da sua comunidade, da sua par\u00f3quia, \u00e9 sinal de Amor para um todo, afinal <em>\u201cse n\u00e3o tiv\u00e9ssemos o sacramento da Ordem, n\u00e3o ter\u00edamos Nosso Senhor. Quem o colocou no tabern\u00e1culo? O padre. Quem foi que recebeu nossa alma \u00e0 entrada da vida? O padre. Quem a alimenta para lhe dar for\u00e7a de fazer sua peregrina\u00e7\u00e3o? O padre!\u201d (S\u00e3o Jo\u00e3o Maria Vianney).<\/em><\/p>\n<p style=\"text-align: justify;\">\n<p style=\"text-align: justify;\"><em>Sagrado Cora\u00e7\u00e3o de Jesus, n\u00f3s temos confian\u00e7a em V\u00f3s!<\/em><\/p>\n<p style=\"text-align: justify;\"><em>\u00a0\u00a0\u00a0\u00a0\u00a0\u00a0\u00a0\u00a0 <\/em>Rezemos, muito e com f\u00e9, no dia de hoje pelo nosso Bispo Diocesano e por todo clero: rezemos, particularmente, pelos padres doentes e pelos que s\u00e3o perseguidos injustamente. Sejamos arautos da justi\u00e7a e da miseric\u00f3rdia e que o Sagrado Cora\u00e7\u00e3o de Jesus nos inspire a vivermos santamente o minist\u00e9rio sacerdotal e a sermos o bom odor do Cristo Ressuscitado!<\/p>\n<p style=\"text-align: justify;\"><em>Rezar pelos sacerdotes e bispos \u00e9 ato de gratid\u00e3o e de generosidade de disc\u00edpulo-mission\u00e1rio do Sagrado Cora\u00e7\u00e3o do Cristo! Sauda\u00e7\u00f5es em Cristo! <\/em><\/p>\n","protected":false},"excerpt":{"rendered":"<p>\u201cO Sacerdote \u00e9 o amor do Cora\u00e7\u00e3o de Jesus. Quando virdes o padre, pensai em Nosso Senhor Jesus Cristo.\u201d (S\u00e3o Jo\u00e3o Maria Vianney) \u00a0 \u00a0\u00a0\u00a0\u00a0\u00a0\u00a0\u00a0\u00a0 Hoje, junto com a Solenidade do Sagrado Cora\u00e7\u00e3o de Jesus, dedicamos ora\u00e7\u00f5es pela santifica\u00e7\u00e3o do clero. Tal data foi institu\u00edda por S\u00e3o Jo\u00e3o Paulo II, em 1995, o Dia Mundial [&hellip;]<\/p>\n","protected":false},"author":10,"featured_media":55817,"comment_status":"open","ping_status":"closed","sticky":false,"template":"","format":"standard","meta":{"footnotes":""},"categories":[9],"tags":[],"class_list":["post-60086","post","type-post","status-publish","format-standard","has-post-thumbnail","hentry","category-artigos"],"_links":{"self":[{"href":"https:\/\/catolicanet.net\/wp-cnet\/wp-json\/wp\/v2\/posts\/60086","targetHints":{"allow":["GET"]}}],"collection":[{"href":"https:\/\/catolicanet.net\/wp-cnet\/wp-json\/wp\/v2\/posts"}],"about":[{"href":"https:\/\/catolicanet.net\/wp-cnet\/wp-json\/wp\/v2\/types\/post"}],"author":[{"embeddable":true,"href":"https:\/\/catolicanet.net\/wp-cnet\/wp-json\/wp\/v2\/users\/10"}],"replies":[{"embeddable":true,"href":"https:\/\/catolicanet.net\/wp-cnet\/wp-json\/wp\/v2\/comments?post=60086"}],"version-history":[{"count":1,"href":"https:\/\/catolicanet.net\/wp-cnet\/wp-json\/wp\/v2\/posts\/60086\/revisions"}],"predecessor-version":[{"id":60087,"href":"https:\/\/catolicanet.net\/wp-cnet\/wp-json\/wp\/v2\/posts\/60086\/revisions\/60087"}],"wp:featuredmedia":[{"embeddable":true,"href":"https:\/\/catolicanet.net\/wp-cnet\/wp-json\/wp\/v2\/media\/55817"}],"wp:attachment":[{"href":"https:\/\/catolicanet.net\/wp-cnet\/wp-json\/wp\/v2\/media?parent=60086"}],"wp:term":[{"taxonomy":"category","embeddable":true,"href":"https:\/\/catolicanet.net\/wp-cnet\/wp-json\/wp\/v2\/categories?post=60086"},{"taxonomy":"post_tag","embeddable":true,"href":"https:\/\/catolicanet.net\/wp-cnet\/wp-json\/wp\/v2\/tags?post=60086"}],"curies":[{"name":"wp","href":"https:\/\/api.w.org\/{rel}","templated":true}]}}