{"id":60081,"date":"2020-06-19T08:54:18","date_gmt":"2020-06-19T11:54:18","guid":{"rendered":"https:\/\/catolicanet.net\/wp-cnet\/?p=60081"},"modified":"2020-06-18T11:56:38","modified_gmt":"2020-06-18T14:56:38","slug":"sagrado-coracao-de-jesus-4","status":"publish","type":"post","link":"https:\/\/catolicanet.net\/wp-cnet\/sagrado-coracao-de-jesus-4\/","title":{"rendered":"Sagrado Cora\u00e7\u00e3o de Jesus"},"content":{"rendered":"<p style=\"text-align: justify;\">A Igreja celebra a Festa do Sagrado Cora\u00e7\u00e3o de Jesus na sexta-feira da semana seguinte \u00e0 Festa de Corpus Christi. O cora\u00e7\u00e3o \u00e9 mostrado na Escritura como s\u00edmbolo do amor de Deus. No Calv\u00e1rio o soldado abriu o lado de Cristo com a lan\u00e7a (Jo 19,34). Diz a Liturgia que \u201caberto o seu Cora\u00e7\u00e3o divino, foi derramado sobre n\u00f3s torrentes de gra\u00e7as e de miseric\u00f3rdia\u201d. Jesus \u00e9 a Encarna\u00e7\u00e3o viva do Amor de Deus, e seu Cora\u00e7\u00e3o \u00e9 o s\u00edmbolo desse Amor. Por isso, encerrando um conjunto de grandes Festas (P\u00e1scoa, Ascens\u00e3o, Pentecostes, Sant\u00edssima Trindade, Corpus Christi), a liturgia nos leva a contemplar o Cora\u00e7\u00e3o de Jesus.<\/p>\n<p style=\"text-align: justify;\">\u00a0\u00a0\u00a0\u00a0\u00a0\u00a0\u00a0\u00a0\u00a0 O Sagrado Cora\u00e7\u00e3o \u00e9 a imagem do amor de Jesus por cada um de n\u00f3s. \u00c9 a express\u00e3o daquilo que S\u00e3o Paulo disse: \u201cEu vivi na f\u00e9 do Filho de Deus, que me amou e se entregou a si mesmo por mim\u201d (Gl 2,20). \u00c9 o convite a que cada um de n\u00f3s retribua a Jesus este amor, vivendo segundo a Sua vontade e trabalhando com a Igreja pela salva\u00e7\u00e3o das almas.<\/p>\n<p style=\"text-align: justify;\">\u00a0\u00a0\u00a0\u00a0\u00a0\u00a0\u00a0\u00a0\u00a0 V\u00e1rios santos veneraram o Cora\u00e7\u00e3o de Jesus. Santo Agostinho disse: \u201cVosso Cora\u00e7\u00e3o, Jesus, foi ferido, para que na ferida vis\u00edvel contempl\u00e1ssemos a ferida invis\u00edvel de vosso grande amor\u201d. S\u00e3o Jo\u00e3o Eudes, grande propagador desta devo\u00e7\u00e3o no s\u00e9culo XVII, escreveu o primeiro of\u00edcio lit\u00fargico em honra do Cora\u00e7\u00e3o de Jesus, cuja festa se celebrou pela primeira vez na Fran\u00e7a, em 20 de outubro de 1672.<\/p>\n<p style=\"text-align: justify;\">\u00a0\u00a0\u00a0\u00a0\u00a0\u00a0\u00a0\u00a0\u00a0 Jesus revelou o desejo da Festa ao seu Sagrado Cora\u00e7\u00e3o \u00e0 religiosa Santa Margarida Maria Alacoque, na Fran\u00e7a, mostrando-lhe o \u201cCora\u00e7\u00e3o que tanto amou os homens e \u00e9 por parte de muitos desprezado\u201d. Santa Margarida teve como diretor espiritual o padre jesu\u00edta S. Cl\u00e1udio de la Colombi\u00e8re, canonizado por S\u00e3o Jo\u00e3o Paulo II, e que se incumbiu de propagar a grande Festa.<\/p>\n<p style=\"text-align: justify;\">\u00a0\u00a0\u00a0\u00a0\u00a0\u00a0\u00a0\u00a0\u00a0 O Papa Clemente XIII aprovou a Missa em honra do Cora\u00e7\u00e3o de Jesus e Pio X, dia 23 de agosto de 1856, estendeu a Festa para toda a Igreja a ser celebrada na sexta-feira da semana subsequente \u00e0 festa de Corpus Christi. O Papa Le\u00e3o XIII consagrou o mundo ao Sagrado Cora\u00e7\u00e3o de Jesus. S\u00e3o Paulo VI disse certa vez que ela \u00e9 garantia de crescimento na vida crist\u00e3 e garantia da salva\u00e7\u00e3o eterna.<\/p>\n<p style=\"text-align: justify;\">\u00a0\u00a0\u00a0\u00a0\u00a0\u00a0\u00a0\u00a0\u00a0 A devo\u00e7\u00e3o ao Sagrado Cora\u00e7\u00e3o de Jesus tem a sua origem na pr\u00f3pria Sagrada Escritura. O cora\u00e7\u00e3o \u00e9 um dos modos para falar do infinito amor de Deus por voc\u00ea. Este amor encontra seu ponto alto com a vinda de Jesus. A devo\u00e7\u00e3o ao Sagrado Cora\u00e7\u00e3o de um modo vis\u00edvel aparece em dois acontecimentos fortes do Evangelho: o gesto de S\u00e3o Jo\u00e3o, disc\u00edpulo amado, encostando a sua cabe\u00e7a em Jesus durante a \u00faltima ceia (cf. Jo 13,23); e na cruz, onde o soldado abriu o lado de Jesus com uma lan\u00e7a (cf. Jo 19,34). Em um temos o consolo pela dor da v\u00e9spera de sua morte, e no outro, o sofrimento causado pelos pecados da humanidade.<\/p>\n<p style=\"text-align: justify;\">\u00a0\u00a0\u00a0\u00a0\u00a0\u00a0\u00a0\u00a0\u00a0 O Papa S\u00e3o Jo\u00e3o Paulo II sempre cultivou esta devo\u00e7\u00e3o, e a incentiva a todos que desejam crescer na amizade com Jesus. Em 1980, no dia do Sagrado Cora\u00e7\u00e3o, afirmou: \u201cNa solenidade do Sagrado Cora\u00e7\u00e3o de Jesus, a liturgia da Igreja concentra-se, com adora\u00e7\u00e3o e amor especial, em torno do mist\u00e9rio do Cora\u00e7\u00e3o de Cristo. Quero hoje dirigir juntamente convosco o olhar dos nossos cora\u00e7\u00f5es para o minist\u00e9rio desse Cora\u00e7\u00e3o. Ele falou-me desde a minha juventude. Cada ano volto a este mist\u00e9rio no ritmo lit\u00fargico do tempo da Igreja\u201d.<\/p>\n<p style=\"text-align: justify;\">\u00a0\u00a0\u00a0\u00a0\u00a0\u00a0\u00a0\u00a0\u00a0 Entre as muitas e ricas promessas que Jesus Cristo fez aos que fossem devotos de seu Sagrado Cora\u00e7\u00e3o, sempre chamou a aten\u00e7\u00e3o a que fez aos que comungassem em sua honra as nove primeiras sextas-feiras do m\u00eas seguidos. \u00c9 tal, que todos a conhecem com o nome da Grande Promessa. Esta devo\u00e7\u00e3o, em sua forma atual, deve-se \u00e0s revela\u00e7\u00f5es particulares que o pr\u00f3prio Cristo fez a Santa Margarida Maria (1649-1690), sobretudo quando em 16 de junho de 1657, descobrindo seu Cora\u00e7\u00e3o, disse-lhe: \u201cEis aqui este Cora\u00e7\u00e3o que amou tanto aos homens, que n\u00e3o omitiu nada at\u00e9 esgotar-se e consumir-se para manifestar-lhes seu amor, e por todo reconhecimento, n\u00e3o recebe da maior parte mais que ingratid\u00e3o, desprezo, irrever\u00eancias e tibieza que t\u00eam para mim neste sacramento de amor\u201d.<\/p>\n<p style=\"text-align: justify;\">\u00a0\u00a0\u00a0\u00a0\u00a0\u00a0\u00a0\u00a0\u00a0 Jesus deu a sua servidora o encargo de que se tributasse culto a seu Cora\u00e7\u00e3o e a miss\u00e3o de enriquecer ao mundo inteiro com os tesouros desta devo\u00e7\u00e3o santificadora. O objeto e fim desta devo\u00e7\u00e3o \u00e9 honrar o Cora\u00e7\u00e3o ador\u00e1vel de Jesus Cristo, como s\u00edmbolo do amor de um Deus para n\u00f3s; e a vista deste Sagrado Cora\u00e7\u00e3o, abrasado de amor pelos homens, e ao mesmo tempo desprezado por estes, nos deve mover a am\u00e1-lo e a reparar a ingratid\u00e3o de que \u00e9 objeto.<\/p>\n<p style=\"text-align: justify;\">\u00a0\u00a0\u00a0\u00a0\u00a0\u00a0\u00a0\u00a0\u00a0 Nesta t\u00e3o sublime solenidade do Cora\u00e7\u00e3o de Jesus, queremos pedir ao Senhor que d\u00ea a paz a todos os cora\u00e7\u00f5es, pois, vivemos num momento onde muitos optam pela viol\u00eancia. A viol\u00eancia vai contra os princ\u00edpios morais e \u00e9ticos e ainda religiosos. Deus \u00e9 amor e paz. N\u00e3o vamos esquecer de pedir ao Sagrado Cora\u00e7\u00e3o de Jesus que conforte as almas das pessoas atingidas pela COVID-19. Que o Cora\u00e7\u00e3o de Cristo aque\u00e7a aos m\u00e9dicos, aos enfermeiros, aos t\u00e9cnicos de enfermagem, aos administradores hospitalares e a todas as pessoas que trabalham nos servi\u00e7os essenciais da sociedade. Que o nosso cora\u00e7\u00e3o possa unir ao Cora\u00e7\u00e3o Sagrado de Jesus.<\/p>\n","protected":false},"excerpt":{"rendered":"<p>A Igreja celebra a Festa do Sagrado Cora\u00e7\u00e3o de Jesus na sexta-feira da semana seguinte \u00e0 Festa de Corpus Christi. O cora\u00e7\u00e3o \u00e9 mostrado na Escritura como s\u00edmbolo do amor de Deus. No Calv\u00e1rio o soldado abriu o lado de Cristo com a lan\u00e7a (Jo 19,34). Diz a Liturgia que \u201caberto o seu Cora\u00e7\u00e3o divino, [&hellip;]<\/p>\n","protected":false},"author":5,"featured_media":55819,"comment_status":"open","ping_status":"closed","sticky":false,"template":"","format":"standard","meta":{"footnotes":""},"categories":[9],"tags":[],"class_list":["post-60081","post","type-post","status-publish","format-standard","has-post-thumbnail","hentry","category-artigos"],"_links":{"self":[{"href":"https:\/\/catolicanet.net\/wp-cnet\/wp-json\/wp\/v2\/posts\/60081","targetHints":{"allow":["GET"]}}],"collection":[{"href":"https:\/\/catolicanet.net\/wp-cnet\/wp-json\/wp\/v2\/posts"}],"about":[{"href":"https:\/\/catolicanet.net\/wp-cnet\/wp-json\/wp\/v2\/types\/post"}],"author":[{"embeddable":true,"href":"https:\/\/catolicanet.net\/wp-cnet\/wp-json\/wp\/v2\/users\/5"}],"replies":[{"embeddable":true,"href":"https:\/\/catolicanet.net\/wp-cnet\/wp-json\/wp\/v2\/comments?post=60081"}],"version-history":[{"count":1,"href":"https:\/\/catolicanet.net\/wp-cnet\/wp-json\/wp\/v2\/posts\/60081\/revisions"}],"predecessor-version":[{"id":60082,"href":"https:\/\/catolicanet.net\/wp-cnet\/wp-json\/wp\/v2\/posts\/60081\/revisions\/60082"}],"wp:featuredmedia":[{"embeddable":true,"href":"https:\/\/catolicanet.net\/wp-cnet\/wp-json\/wp\/v2\/media\/55819"}],"wp:attachment":[{"href":"https:\/\/catolicanet.net\/wp-cnet\/wp-json\/wp\/v2\/media?parent=60081"}],"wp:term":[{"taxonomy":"category","embeddable":true,"href":"https:\/\/catolicanet.net\/wp-cnet\/wp-json\/wp\/v2\/categories?post=60081"},{"taxonomy":"post_tag","embeddable":true,"href":"https:\/\/catolicanet.net\/wp-cnet\/wp-json\/wp\/v2\/tags?post=60081"}],"curies":[{"name":"wp","href":"https:\/\/api.w.org\/{rel}","templated":true}]}}