{"id":6008,"date":"2015-07-14T13:59:36","date_gmt":"2015-07-14T16:59:36","guid":{"rendered":"http:\/\/catolicanet.net\/wp-cnet\/santidade-na-infancia-3-testemunhos-impressionantes\/"},"modified":"2017-04-10T13:59:47","modified_gmt":"2017-04-10T16:59:47","slug":"santidade-na-infancia-3-testemunhos-impressionantes","status":"publish","type":"post","link":"https:\/\/catolicanet.net\/wp-cnet\/santidade-na-infancia-3-testemunhos-impressionantes\/","title":{"rendered":"Santidade na inf\u00e2ncia: 3 testemunhos impressionantes"},"content":{"rendered":"<p style=\"text-align: justify;\"><img decoding=\"async\" src=\"http:\/\/catolicanet.com.br\/images\/stories\/geral\/santidade.jpg\" border=\"0\" align=\"left\" \/>Dolorosas doen\u00e7as mortais oferecidas por assassinos e pelos mission\u00e1rios, fidelidade a Jesus at\u00e9 o final<\/p>\n<p>Mari Carmen Gonz\u00e1lez Valerio, Mar\u00eda del Pilar Cimadevilla y L\u00f3pez D\u00f3riga and Alexia Gonz\u00e1lez-Barros_ \u00a9 Public Domain<br \/>A \u00fanica crian\u00e7a canonizada da Igreja \u00e9 S\u00e3o Domingos S\u00e1vio. Foi Pio XII quem o elevou aos altares, estabelecendo um marco na hagiografia; mas foram necess\u00e1rios mais 30 anos para que Jo\u00e3o Paulo II abrisse novamente as portas da santidade \u00e0s crian\u00e7as.<\/p>\n<p>Com a beatifica\u00e7\u00e3o de Laura Vicu\u00f1a e os pastorzinhos de F\u00e1tima, resolviam-se os principais obst\u00e1culos que as crian\u00e7as encontram em seu caminho de santidade: a poss\u00edvel falta de maturidade e a curta idade, que impede a demonstra\u00e7\u00e3o, no tempo, das virtudes heroicas.<\/p>\n<p>As vidas de tr\u00eas meninas de Madri (Espanha), j\u00e1 proclamadas \u201cvener\u00e1veis\u201d, seguem os passos dessas crian\u00e7as j\u00e1 reconhecidas como beatas e santas.<\/p>\n<p>Como voc\u00ea \u00e9 bom, Jesus!<\/p>\n<p>Um tumor no ouvido desencadeia o calv\u00e1rio de Mari Carmen Gonz\u00e1lez Valerio. Em 6 de abril de 1939, quando a menina tinha apenas 9 anos, ela anotou, com faltas ortogr\u00e1ficas pr\u00f3prias da sua idade: \u201cEu me entreguei na par\u00f3quia do Bom Pastor\u201d.<\/p>\n<p>Este acontecimento \u00e9 levado a s\u00e9rio no c\u00e9u, afirma Javier Paredes, autor do livro \u201cAl cielo con calcetines cortos\u201d (San Rom\u00e1n, 2014), porque, 15 dias depois, veio a doen\u00e7a.<\/p>\n<p>Os familiares descendentes de Mari Carmen afirmam que ela nunca disse por quem se entregou, mas, manifestada a doen\u00e7a, todas as suas dores eram oferecidas pela convers\u00e3o dos assassinos do seu pai (fuzilado no in\u00edcio da Guerra Civil).<\/p>\n<p>O tumor deformou seu rosto, fizeram-lhe uma trepana\u00e7\u00e3o na orelha e a ferida, pela septicemia, n\u00e3o cicatrizava.<\/p>\n<p>A isso \u00e9 preciso acrescentar as in\u00fameras inje\u00e7\u00f5es que ela recebia cada dia (at\u00e9 20), o que lhe gerava flebite (inflama\u00e7\u00e3o das veias) e dores insuport\u00e1veis, inclusive ao encostar no len\u00e7ol.<\/p>\n<p>Mas Mari Carmen n\u00e3o deixava de exclamar: \u201cComo voc\u00ea \u00e9 bom, Jesus, como voc\u00ea \u00e9 bom!\u201d. E cada vez que sua m\u00e3e a convidava a rezar para que Jesus a curasse, ela respondia: \u201cN\u00e3o, mam\u00e3e, eu pe\u00e7o para que se fa\u00e7a a vontade dele\u201d.<\/p>\n<p>Mas essa menina n\u00e3o mostrou ind\u00edcios de santidade s\u00f3 durante a doen\u00e7a; desde muito pequena, destacava-se nela a pureza, a caridade e o amor \u00e0 verdade, virtudes que sempre defendeu com firmeza.<\/p>\n<p>Pilina, a \u201cbrava\u201d<\/p>\n<p>Mar\u00eda del Pilar Cimadevilla y L\u00f3pez D\u00f3riga nasceu em fevereiro de 1952, em Madri. Tinha olhos grandes e temperamento forte, raz\u00e3o pela qual seus irm\u00e3os a apelidaram de \u201ca brava\u201d.<\/p>\n<p>Magali, sua irm\u00e3, recorda que Pilina era uma menina normal, de uma fam\u00edlia normal, em quem a gra\u00e7a de Deus se manifestou de maneira especial \u2013 em seu caso, por meio do linfoma de Hodgkin.<\/p>\n<p>\u201cMinha irm\u00e3 literalmente quebrou a cabe\u00e7a!\u201d, exclama Magali. \u00c9 que a doen\u00e7a debilita tanto os ossos, que a morte chega ap\u00f3s a ruptura das v\u00e9rtebras cervicais.<\/p>\n<p>Mas, em todo momento, Pilina, com 9 anos, mostrou muita alegria, porque se encontraria com Jesus. Esse amor extraordin\u00e1rio foi transmitido pela sua m\u00e3e, que fez o mesmo com seus irm\u00e3os, mas nela era diferente.<\/p>\n<p>Magali recorda que, enquanto sua irm\u00e3 adorava Jesus sacramentado de joelhos, ela se dedicava a apagar as velas da igreja.<\/p>\n<p>\u00c9 que Pilina teria uma grande miss\u00e3o; foi a irm\u00e3 Gabriela (uma das enfermeiras que a atendeu) quem a ajudou a entender sua doen\u00e7a: \u201cVoc\u00ea vai sentir um pouquinho de dor, mas voc\u00ea oferece a picada e eu ofere\u00e7o o trabalho, e assim ajudamos as miss\u00f5es\u201d. E a freira lhe prop\u00f4s ser a doente mission\u00e1ria.<\/p>\n<p>Desde aquele dia, ela oferecia suas dores pelos mission\u00e1rios e pela convers\u00e3o dos infi\u00e9is, at\u00e9 que, nove meses depois, pediu que abrissem a janela, porque o Menino Jesus viria para busc\u00e1-la.<\/p>\n<p>Jesus, que sempre seja feito o que voc\u00ea quiser<\/p>\n<p>\u201cAl\u00e9xia adorava viver!\u201d exclamou seu irm\u00e3o Alfredo no document\u00e1rio \u201cAl\u00e9xia\u201d (European Dreams Factory, 2011). <br \/>Ela gostava de dan\u00e7ar, pintar, brincar, enfim, o normal para uma menina da sua idade, segundo recordam suas professoras. \u201cA diferen\u00e7a \u00e9 que ela era muito piedosa\u201d, explicam.<\/p>\n<p>Ainda ressoa na capela do centro a ora\u00e7\u00e3o que acompanhou Al\u00e9xia durante seus 14 anos de vida: \u201cJesus, que sempre seja feito o que voc\u00ea quiser\u201d.<\/p>\n<p>Ela tinha uma grandeza espiritual grande para a sua idade: de fato, Javier Paredes fala de tr\u00eas for\u00e7as que a impulsionam ao c\u00e9u: o Esp\u00edrito Santo, o ambiente crist\u00e3o da sua fam\u00edlia e sua liberdade.<\/p>\n<p>Sem elas, Al\u00e9xia n\u00e3o teria podido responder como respondeu diante da morte. Em 1984, teve fortes dores nas costas, que demoraram para ser diagnosticadas, mas finalmente descobriram um tumor que lhe fraturou a coluna.<\/p>\n<p>Uma menina como Al\u00e9xia, que demonstra em todo momento um imenso amor a Jesus, \u00e9 o alvo perfeito para o dem\u00f4nio, que, como constatou Paredes, tentou arrancar sua f\u00e9 no \u00faltimo momento.<\/p>\n<p>Um exorcista conta, em uma carta enviada aos pais da menina, que, durante uma das sess\u00f5es, quando caiu do seu missal um santinho com a foto da Al\u00e9xia, a pessoa possu\u00edda ficou muito agitada.<\/p>\n<p>O sacerdote lhe perguntou o porqu\u00ea da agita\u00e7\u00e3o e, \u201ccom voz cavernosa, Satan\u00e1s deu sua resposta: \u2018Apesar do que eu lhe ofereci, ela preferiu Ele, n\u00e3o a mim\u201d.<br \/>Fonte: Aleteia<\/p>\n","protected":false},"excerpt":{"rendered":"<p>Dolorosas doen\u00e7as mortais oferecidas por assassinos e pelos mission\u00e1rios, fidelidade a Jesus at\u00e9 o final Mari Carmen Gonz\u00e1lez Valerio, Mar\u00eda del Pilar Cimadevilla y L\u00f3pez D\u00f3riga and Alexia Gonz\u00e1lez-Barros_ \u00a9 Public DomainA \u00fanica crian\u00e7a canonizada da Igreja \u00e9 S\u00e3o Domingos S\u00e1vio. Foi Pio XII quem o elevou aos altares, estabelecendo um marco na hagiografia; mas [&hellip;]<\/p>\n","protected":false},"author":1,"featured_media":0,"comment_status":"closed","ping_status":"closed","sticky":false,"template":"","format":"standard","meta":{"footnotes":""},"categories":[4],"tags":[],"class_list":["post-6008","post","type-post","status-publish","format-standard","hentry","category-cotidiano"],"_links":{"self":[{"href":"https:\/\/catolicanet.net\/wp-cnet\/wp-json\/wp\/v2\/posts\/6008","targetHints":{"allow":["GET"]}}],"collection":[{"href":"https:\/\/catolicanet.net\/wp-cnet\/wp-json\/wp\/v2\/posts"}],"about":[{"href":"https:\/\/catolicanet.net\/wp-cnet\/wp-json\/wp\/v2\/types\/post"}],"author":[{"embeddable":true,"href":"https:\/\/catolicanet.net\/wp-cnet\/wp-json\/wp\/v2\/users\/1"}],"replies":[{"embeddable":true,"href":"https:\/\/catolicanet.net\/wp-cnet\/wp-json\/wp\/v2\/comments?post=6008"}],"version-history":[{"count":1,"href":"https:\/\/catolicanet.net\/wp-cnet\/wp-json\/wp\/v2\/posts\/6008\/revisions"}],"predecessor-version":[{"id":10872,"href":"https:\/\/catolicanet.net\/wp-cnet\/wp-json\/wp\/v2\/posts\/6008\/revisions\/10872"}],"wp:attachment":[{"href":"https:\/\/catolicanet.net\/wp-cnet\/wp-json\/wp\/v2\/media?parent=6008"}],"wp:term":[{"taxonomy":"category","embeddable":true,"href":"https:\/\/catolicanet.net\/wp-cnet\/wp-json\/wp\/v2\/categories?post=6008"},{"taxonomy":"post_tag","embeddable":true,"href":"https:\/\/catolicanet.net\/wp-cnet\/wp-json\/wp\/v2\/tags?post=6008"}],"curies":[{"name":"wp","href":"https:\/\/api.w.org\/{rel}","templated":true}]}}