{"id":60060,"date":"2020-06-18T09:14:46","date_gmt":"2020-06-18T12:14:46","guid":{"rendered":"https:\/\/catolicanet.net\/wp-cnet\/?p=60060"},"modified":"2020-06-18T11:15:50","modified_gmt":"2020-06-18T14:15:50","slug":"papa-coracao-de-jesus-de-a-todos-esperanca-e-confianca","status":"publish","type":"post","link":"https:\/\/catolicanet.net\/wp-cnet\/papa-coracao-de-jesus-de-a-todos-esperanca-e-confianca\/","title":{"rendered":"Papa: Cora\u00e7\u00e3o de Jesus d\u00ea a todos esperan\u00e7a e confian\u00e7a!"},"content":{"rendered":"<p style=\"text-align: justify;\"><span class=\"didascalia_img\">M\u00eas de junho \u00e9 dedicado ao Sagrado Cora\u00e7\u00e3o de Jesus\u00a0<\/span><\/p>\n<div class=\"article__subTitle\" style=\"text-align: justify;\">Ao final da Audi\u00eancia Geral (17\/06), o Papa Francisco recordou que amanh\u00e3 celebramos a Solenidade do Sagrado Cora\u00e7\u00e3o de Jesus, encorajando os fi\u00e9is a apresentarem a Ele \u201ctodas as inten\u00e7\u00f5es da nossa humanidade sofredora, seus medos e suas mis\u00e9rias\u201d.<\/div>\n<div class=\"title__separator\" style=\"text-align: justify;\"><\/div>\n<div class=\"article__text\">\n<p style=\"text-align: justify;\"><b>Bianca Fraccalvieri \u2013 Cidade do Vaticano<\/b><\/p>\n<p style=\"text-align: justify;\">Em sua sauda\u00e7\u00e3o em v\u00e1rias l\u00ednguas na Audi\u00eancia Geral de ontem, quarta-feira, o Papa Francisco mencionou uma festa muito querida pelos crist\u00e3os: a solenidade do Sagrado Cora\u00e7\u00e3o de Jesus.<\/p>\n<p style=\"text-align: justify;\">O Pont\u00edfice convidou os fi\u00e9is a descobrirem as riquezas que se \u201cescondem\u201d no Seu \u00a0Cora\u00e7\u00e3o, para aprender a amar o pr\u00f3ximo.<\/p>\n<p style=\"text-align: justify;\">Aos de l\u00ednguas francesa, Francisco os encorajou a apresentar a Jesus \u201ctodas as inten\u00e7\u00f5es da nossa humanidade sofredora, seus medos e suas mis\u00e9rias\u201d.<\/p>\n<p style=\"text-align: justify;\">\u00a0[ Possa este Cora\u00e7\u00e3o, repleto de amor pelos homens, dar a todos esperan\u00e7a e confian\u00e7a! ]<\/p>\n<h2 style=\"text-align: justify;\">M\u00eas dedicado ao Sagrado Cora\u00e7\u00e3o<\/h2>\n<p style=\"text-align: justify;\">No primeiro Angelus deste m\u00eas, o Pont\u00edfice recordou que o m\u00eas de junho \u00e9 dedicado de modo particular ao Cora\u00e7\u00e3o de Cristo, uma devo\u00e7\u00e3o que une os grandes mestres espirituais e as pessoas simples do povo de Deus.<\/p>\n<p style=\"text-align: justify;\">O Cora\u00e7\u00e3o humano e divino de Jesus, disse ele, \u00e9 a fonte onde sempre podemos haurir a miseric\u00f3rdia, o perd\u00e3o, a ternura de Deus.<\/p>\n<p>Podemos ir \u00e0 esta fonte detendo-nos sobre uma passagem do Evangelho, sentindo que no centro de todo gesto, de toda palavra de Jesus est\u00e1 o amor, o amor do Pai. E podemos faz\u00ea-lo tamb\u00e9m adorando a Eucaristia, onde este amor est\u00e1 presente no Sacramento.<\/p>\n<p style=\"text-align: justify;\">Ent\u00e3o \u2013 conclui Francisco \u2013, tamb\u00e9m o nosso cora\u00e7\u00e3o, pouco a pouco, se tornar\u00e1 mais paciente, mais generoso, mais misericordioso.\u201d<\/p>\n<p>\u201cJesus, faz com que meu cora\u00e7\u00e3o se assemelhe ao Seu\u201d, foi a ora\u00e7\u00e3o do Santo Padre, afirmando ter aprendido com a sua av\u00f3 a recitar essas palavras, convidando os fi\u00e9is a fazerem o mesmo.<\/p>\n<\/div>\n","protected":false},"excerpt":{"rendered":"<p>M\u00eas de junho \u00e9 dedicado ao Sagrado Cora\u00e7\u00e3o de Jesus\u00a0 Ao final da Audi\u00eancia Geral (17\/06), o Papa Francisco recordou que amanh\u00e3 celebramos a Solenidade do Sagrado Cora\u00e7\u00e3o de Jesus, encorajando os fi\u00e9is a apresentarem a Ele \u201ctodas as inten\u00e7\u00f5es da nossa humanidade sofredora, seus medos e suas mis\u00e9rias\u201d. Bianca Fraccalvieri \u2013 Cidade do Vaticano [&hellip;]<\/p>\n","protected":false},"author":1,"featured_media":60061,"comment_status":"open","ping_status":"closed","sticky":false,"template":"","format":"standard","meta":{"footnotes":""},"categories":[3],"tags":[],"class_list":["post-60060","post","type-post","status-publish","format-standard","has-post-thumbnail","hentry","category-vaticano"],"_links":{"self":[{"href":"https:\/\/catolicanet.net\/wp-cnet\/wp-json\/wp\/v2\/posts\/60060","targetHints":{"allow":["GET"]}}],"collection":[{"href":"https:\/\/catolicanet.net\/wp-cnet\/wp-json\/wp\/v2\/posts"}],"about":[{"href":"https:\/\/catolicanet.net\/wp-cnet\/wp-json\/wp\/v2\/types\/post"}],"author":[{"embeddable":true,"href":"https:\/\/catolicanet.net\/wp-cnet\/wp-json\/wp\/v2\/users\/1"}],"replies":[{"embeddable":true,"href":"https:\/\/catolicanet.net\/wp-cnet\/wp-json\/wp\/v2\/comments?post=60060"}],"version-history":[{"count":1,"href":"https:\/\/catolicanet.net\/wp-cnet\/wp-json\/wp\/v2\/posts\/60060\/revisions"}],"predecessor-version":[{"id":60062,"href":"https:\/\/catolicanet.net\/wp-cnet\/wp-json\/wp\/v2\/posts\/60060\/revisions\/60062"}],"wp:featuredmedia":[{"embeddable":true,"href":"https:\/\/catolicanet.net\/wp-cnet\/wp-json\/wp\/v2\/media\/60061"}],"wp:attachment":[{"href":"https:\/\/catolicanet.net\/wp-cnet\/wp-json\/wp\/v2\/media?parent=60060"}],"wp:term":[{"taxonomy":"category","embeddable":true,"href":"https:\/\/catolicanet.net\/wp-cnet\/wp-json\/wp\/v2\/categories?post=60060"},{"taxonomy":"post_tag","embeddable":true,"href":"https:\/\/catolicanet.net\/wp-cnet\/wp-json\/wp\/v2\/tags?post=60060"}],"curies":[{"name":"wp","href":"https:\/\/api.w.org\/{rel}","templated":true}]}}