{"id":6005,"date":"2015-07-14T13:31:59","date_gmt":"2015-07-14T16:31:59","guid":{"rendered":"http:\/\/catolicanet.net\/wp-cnet\/sao-camilo-de-lellis\/"},"modified":"2017-04-10T13:40:45","modified_gmt":"2017-04-10T16:40:45","slug":"sao-camilo-de-lellis","status":"publish","type":"post","link":"https:\/\/catolicanet.net\/wp-cnet\/sao-camilo-de-lellis\/","title":{"rendered":"S\u00e3o Camilo de Lellis"},"content":{"rendered":"<p style=\"text-align: justify;\">\n<p>Camillo testemunhou que o acolhimento e cuidado daquele que sofre e est\u00e1 doente \u00e9 o cuidado com o pr\u00f3prio Cristo<\/p>\n<p>Camilo de Lellis nasceu em Bacchianico, cidade do reino de N\u00e1poles na It\u00e1lia, no dia 25 de maio de 1550. Filho de Camila Compelli e Jo\u00e3o de Lellis, a crian\u00e7a foi fruto da velhice do casal. Seu pai era militar e sua m\u00e3e o concebeu aos sessenta anos. Desde cedo viveu ao lado da m\u00e3e que o educou na f\u00e9 e na doutrina crist\u00e3, contudo Camilo era disperso quando se tratava dos estudos. Aos treze anos perdeu sua m\u00e3e e foi morar com seu pai no quartel. Seu pai n\u00e3o era um exemplo de conduta e por conta disso mudavam sempre de quartel at\u00e9 que o jovem Camilo, incentivado por seu pai, ingressou no servi\u00e7o militar.<\/p>\n<p>Aos 17 anos alistou-se no ex\u00e9rcito de Veneza. Sua pouca instru\u00e7\u00e3o n\u00e3o permitiu que o jovem aspirasse patentes maiores, permanecendo como soldado e contemplando os sofrimentos de muitos pelas doen\u00e7as e conflitos. Aos dezenove anos perdeu seu pai e adquiriu uma \u00falcera em seu p\u00e9. Camilo enveredou pelos caminhos de seu pai e passou a ser violento e viciado em jogos. A ferida no corpo e na alma s\u00f3 aumentava e o jovem sem condi\u00e7\u00f5es foi levado para Roma e foi internado no Hospital Santiago. Em troca do tratamento ofereceu seus trabalhos como servente.\u00a0 N\u00e3o estava ainda bem recuperado, novamente apresentou-se aos militares e empreendeu conflito contra os turcos. Em 1573, novamente viu-se em condi\u00e7\u00e3o deplor\u00e1vel.<\/p>\n<p>Foi acolhido em um mosteiro capuchinho onde pode ent\u00e3o cair em si e diante da gra\u00e7a que o alcan\u00e7ou, aos vinte e cinco anos ingressou na Ordem dos Franciscanos. Retornou ao Hospital Santiago para tratamento, mas desta vez com o prop\u00f3sito de ajudar no cuidado dos doentes como volunt\u00e1rio. Em 1582 decide criar uma companhia para voluntariamente cuidar e amparar os pobres e enfermos. Retornou aos estudos com 32 anos e aos 34 foi ordenado sacerdote.<\/p>\n<p>A companhia cresceu e foi reconhecida pelo Papa Greg\u00f3rio XIV em 21 de setembro de 1591 e intitulada Congrega\u00e7\u00e3o dos Ministros Camilianos. Camilo teve sua ferida agravada e muito doente faleceu em Roma no dia 14 de julho de 1614. Em 1746 foi canonizado pelo Papa Bento XIV e em 1886 foi declarado Padroeiro dos Enfermos pelo Papa Le\u00e3o XIII.<\/p>\n<p> Fonte: Zenit<\/p>\n","protected":false},"excerpt":{"rendered":"<p>Camillo testemunhou que o acolhimento e cuidado daquele que sofre e est\u00e1 doente \u00e9 o cuidado com o pr\u00f3prio Cristo Camilo de Lellis nasceu em Bacchianico, cidade do reino de N\u00e1poles na It\u00e1lia, no dia 25 de maio de 1550. Filho de Camila Compelli e Jo\u00e3o de Lellis, a crian\u00e7a foi fruto da velhice do [&hellip;]<\/p>\n","protected":false},"author":1,"featured_media":0,"comment_status":"closed","ping_status":"closed","sticky":false,"template":"","format":"standard","meta":{"footnotes":""},"categories":[4],"tags":[],"class_list":["post-6005","post","type-post","status-publish","format-standard","hentry","category-cotidiano"],"_links":{"self":[{"href":"https:\/\/catolicanet.net\/wp-cnet\/wp-json\/wp\/v2\/posts\/6005","targetHints":{"allow":["GET"]}}],"collection":[{"href":"https:\/\/catolicanet.net\/wp-cnet\/wp-json\/wp\/v2\/posts"}],"about":[{"href":"https:\/\/catolicanet.net\/wp-cnet\/wp-json\/wp\/v2\/types\/post"}],"author":[{"embeddable":true,"href":"https:\/\/catolicanet.net\/wp-cnet\/wp-json\/wp\/v2\/users\/1"}],"replies":[{"embeddable":true,"href":"https:\/\/catolicanet.net\/wp-cnet\/wp-json\/wp\/v2\/comments?post=6005"}],"version-history":[{"count":1,"href":"https:\/\/catolicanet.net\/wp-cnet\/wp-json\/wp\/v2\/posts\/6005\/revisions"}],"predecessor-version":[{"id":10854,"href":"https:\/\/catolicanet.net\/wp-cnet\/wp-json\/wp\/v2\/posts\/6005\/revisions\/10854"}],"wp:attachment":[{"href":"https:\/\/catolicanet.net\/wp-cnet\/wp-json\/wp\/v2\/media?parent=6005"}],"wp:term":[{"taxonomy":"category","embeddable":true,"href":"https:\/\/catolicanet.net\/wp-cnet\/wp-json\/wp\/v2\/categories?post=6005"},{"taxonomy":"post_tag","embeddable":true,"href":"https:\/\/catolicanet.net\/wp-cnet\/wp-json\/wp\/v2\/tags?post=6005"}],"curies":[{"name":"wp","href":"https:\/\/api.w.org\/{rel}","templated":true}]}}