{"id":60033,"date":"2020-06-17T09:36:21","date_gmt":"2020-06-17T12:36:21","guid":{"rendered":"https:\/\/catolicanet.net\/wp-cnet\/?p=60033"},"modified":"2020-06-17T11:37:38","modified_gmt":"2020-06-17T14:37:38","slug":"portugal-pandemia-despertou-solidariedade-e-criatividade","status":"publish","type":"post","link":"https:\/\/catolicanet.net\/wp-cnet\/portugal-pandemia-despertou-solidariedade-e-criatividade\/","title":{"rendered":"Portugal: Pandemia despertou \u201csolidariedade\u201d e \u201ccriatividade\u201d"},"content":{"rendered":"<p style=\"text-align: justify;\">Cardeal Patriarca D. Manuel Clemente, Presidente CEP<\/p>\n<div class=\"article__subTitle\" style=\"text-align: justify;\">Cardeal-patriarca de Lisboa termina mandato de sete anos na presid\u00eancia da Confer\u00eancia Episcopal Portuguesa.<\/div>\n<div class=\"title__separator\" style=\"text-align: justify;\"><\/div>\n<div class=\"article__text\">\n<p style=\"text-align: justify;\"><b>Domingos Pinto \u2013 Lisboa<\/b><\/p>\n<p style=\"text-align: justify;\">\u201cReconhe\u00e7o e louvo tudo quanto se fez para minorar os efeitos da pandemia, nos \u00e2mbitos da sa\u00fade, da seguran\u00e7a social e do ensino, como na continua\u00e7\u00e3o de tudo o que \u00e9 necess\u00e1rio \u00e0 vida das popula\u00e7\u00f5es\u201d.<\/p>\n<div style=\"text-align: justify;\">\n<div class=\"article__embed article__embed--unwrap article__embed--dark\">\n<div class=\"article__innerTitle\">Ou\u00e7a e compartilhe!<\/div>\n<div>\n<!--[if lt IE 9]><script>document.createElement('audio');<\/script><![endif]-->\n<audio class=\"wp-audio-shortcode\" id=\"audio-60033-1\" preload=\"none\" style=\"width: 100%;\" controls=\"controls\"><source type=\"audio\/mpeg\" src=\"https:\/\/media.vaticannews.va\/media\/audio\/s1\/2020\/06\/16\/11\/135628982_F135628982.mp3?_=1\" \/><a href=\"https:\/\/media.vaticannews.va\/media\/audio\/s1\/2020\/06\/16\/11\/135628982_F135628982.mp3\">https:\/\/media.vaticannews.va\/media\/audio\/s1\/2020\/06\/16\/11\/135628982_F135628982.mp3<\/a><\/audio>\n<\/div>\n<\/div>\n<\/div>\n<p style=\"text-align: justify;\">Palavras de gratid\u00e3o 2\u00aa feira, 15 de junho, em F\u00e1tima, do Cardeal-patriarca de Lisboa na abertura da Assembleia Plen\u00e1ria da Confer\u00eancia Episcopal Portuguesa.<\/p>\n<p style=\"text-align: justify;\">Adiada em abril passado por for\u00e7a do estado de emerg\u00eancia imposto pela Covid-19 e desta vez em moldes mais breves do que o habitual, esta assembleia plen\u00e1ria \u00e9 eletiva, uma vez que inclui vota\u00e7\u00f5es para \u00f3rg\u00e3os da CEP e pretende ainda refletir a sociedade ap\u00f3s a pandemia.<\/p>\n<p style=\"text-align: justify;\">D. Manuel Clemente destacou o esfor\u00e7o coletivo do pa\u00eds para enfrentar a crise provocada pela pandemia e falou de um \u201cmomento especial da sociedade e da Igreja\u201d, sublinhando que a pandemia \u201cinterrompeu, mas tamb\u00e9m despertou muita solidariedade nos v\u00e1rios setores e muita criatividade para prosseguir no poss\u00edvel\u201d.<\/p>\n<p style=\"text-align: justify;\">O prelado sublinhou o contributo de todos, em especial \u201cna frente hospitalar e nos lares de idosos\u201d, e ainda nas comunidades eclesiais e institui\u00e7\u00f5es sociocaritativas, \u201cjunto dos seus fi\u00e9is e dos mais necessitados, tanto no apoio especificamente religioso como em v\u00e1rias formas de pr\u00e1tica solid\u00e1ria\u201d.<\/p>\n<p style=\"text-align: justify;\">D. Manuel Clemente foi eleito como presidente interino da CEP em junho de 2013, ap\u00f3s a resigna\u00e7\u00e3o de D. Jos\u00e9 Policarpo. Agora termina o seu segundo mandato \u00e0 frente da CEP ap\u00f3s ter sido reeleito no cargo, em abril de 2014 e 2017.<\/p>\n<p style=\"text-align: justify;\">\u201cFoi um tempo exigente, porque exigentes foram os desafios da sociedade e da vida eclesial. Em 2013 est\u00e1vamos a sair duma grave crise econ\u00f3mica e social, como agora estamos noutra, trazida pela pandemia\u201d, lembrou o presidente cessante.<\/p>\n<p style=\"text-align: justify;\">Neste contexto, o Patriarca de Lisboa evocou \u201cdebates socioculturais muito fortes\u201d, como o aborto e a eutan\u00e1sia, e ainda temas ligados\u201d \u00e0 liberdade de ensino e ao setor solid\u00e1rio\u201d.<\/p>\n<p style=\"text-align: justify;\">\u201cLembramos tamb\u00e9m o trabalho e a subsist\u00eancia digna das pessoas e das fam\u00edlias, inclusive de quem chega, por imigra\u00e7\u00e3o ou ref\u00fagio\u201d, acrescentou D. Manuel Clemente que referiu ainda a prote\u00e7\u00e3o de menores e a constitui\u00e7\u00e3o de comiss\u00f5es pr\u00f3prias em todas as dioceses.<\/p>\n<p style=\"text-align: justify;\">Para o presidente da CEP \u201cainda h\u00e1 muito por fazer no campo da comunica\u00e7\u00e3o interna e externa\u201d, por parte da Igreja Cat\u00f3lica, sobretudo na \u201clinguagem utilizada e o modo atual de transmitir e receber\u201d.<\/p>\n<p style=\"text-align: justify;\">D. Manuel Clemente real\u00e7ou tamb\u00e9m a \u201cmovimenta\u00e7\u00e3o juvenil\u201d nas comunidades cat\u00f3licas, como \u00e9 o caso da \u2018Miss\u00e3o Pa\u00eds\u2019 e outras atividades de estudantes universit\u00e1rios que inspiraram \u201ca proposta duma Jornada Mundial da Juventude, como o Papa Francisco marcou para Lisboa em 2023\u201d.<\/p>\n<\/div>\n","protected":false},"excerpt":{"rendered":"<p>Cardeal Patriarca D. Manuel Clemente, Presidente CEP Cardeal-patriarca de Lisboa termina mandato de sete anos na presid\u00eancia da Confer\u00eancia Episcopal Portuguesa. Domingos Pinto \u2013 Lisboa \u201cReconhe\u00e7o e louvo tudo quanto se fez para minorar os efeitos da pandemia, nos \u00e2mbitos da sa\u00fade, da seguran\u00e7a social e do ensino, como na continua\u00e7\u00e3o de tudo o que [&hellip;]<\/p>\n","protected":false},"author":1,"featured_media":60034,"comment_status":"open","ping_status":"closed","sticky":false,"template":"","format":"standard","meta":{"footnotes":""},"categories":[3],"tags":[],"class_list":["post-60033","post","type-post","status-publish","format-standard","has-post-thumbnail","hentry","category-vaticano"],"_links":{"self":[{"href":"https:\/\/catolicanet.net\/wp-cnet\/wp-json\/wp\/v2\/posts\/60033","targetHints":{"allow":["GET"]}}],"collection":[{"href":"https:\/\/catolicanet.net\/wp-cnet\/wp-json\/wp\/v2\/posts"}],"about":[{"href":"https:\/\/catolicanet.net\/wp-cnet\/wp-json\/wp\/v2\/types\/post"}],"author":[{"embeddable":true,"href":"https:\/\/catolicanet.net\/wp-cnet\/wp-json\/wp\/v2\/users\/1"}],"replies":[{"embeddable":true,"href":"https:\/\/catolicanet.net\/wp-cnet\/wp-json\/wp\/v2\/comments?post=60033"}],"version-history":[{"count":1,"href":"https:\/\/catolicanet.net\/wp-cnet\/wp-json\/wp\/v2\/posts\/60033\/revisions"}],"predecessor-version":[{"id":60035,"href":"https:\/\/catolicanet.net\/wp-cnet\/wp-json\/wp\/v2\/posts\/60033\/revisions\/60035"}],"wp:featuredmedia":[{"embeddable":true,"href":"https:\/\/catolicanet.net\/wp-cnet\/wp-json\/wp\/v2\/media\/60034"}],"wp:attachment":[{"href":"https:\/\/catolicanet.net\/wp-cnet\/wp-json\/wp\/v2\/media?parent=60033"}],"wp:term":[{"taxonomy":"category","embeddable":true,"href":"https:\/\/catolicanet.net\/wp-cnet\/wp-json\/wp\/v2\/categories?post=60033"},{"taxonomy":"post_tag","embeddable":true,"href":"https:\/\/catolicanet.net\/wp-cnet\/wp-json\/wp\/v2\/tags?post=60033"}],"curies":[{"name":"wp","href":"https:\/\/api.w.org\/{rel}","templated":true}]}}