{"id":60024,"date":"2020-06-17T08:38:28","date_gmt":"2020-06-17T11:38:28","guid":{"rendered":"https:\/\/catolicanet.net\/wp-cnet\/?p=60024"},"modified":"2020-06-16T22:41:05","modified_gmt":"2020-06-17T01:41:05","slug":"sonhos-adiados-ou-repaginados","status":"publish","type":"post","link":"https:\/\/catolicanet.net\/wp-cnet\/sonhos-adiados-ou-repaginados\/","title":{"rendered":"Sonhos adiados ou \u201crepaginados\u201d?"},"content":{"rendered":"<p style=\"margin: 0cm 0cm 0.0001pt; text-align: right;\" align=\"right\"><i><span style=\"color: black;\">*Adriano Gon\u00e7alves<\/span><\/i><\/p>\n<p style=\"margin: 6pt 0cm 0.0001pt; text-align: justify;\">\n<p style=\"margin: 0cm; margin-bottom: .0001pt; text-align: justify;\"><span style=\"color: black;\"><img loading=\"lazy\" decoding=\"async\" class=\"wp-image-60025 alignleft\" src=\"https:\/\/catolicanet.net\/wp-cnet\/wp-content\/uploads\/10959348_849544018444620_423213256826155892_n.jpg\" alt=\"\" width=\"177\" height=\"218\" srcset=\"https:\/\/catolicanet.net\/wp-cnet\/wp-content\/uploads\/10959348_849544018444620_423213256826155892_n.jpg 338w, https:\/\/catolicanet.net\/wp-cnet\/wp-content\/uploads\/10959348_849544018444620_423213256826155892_n-244x300.jpg 244w, https:\/\/catolicanet.net\/wp-cnet\/wp-content\/uploads\/10959348_849544018444620_423213256826155892_n-324x400.jpg 324w\" sizes=\"auto, (max-width: 177px) 100vw, 177px\" \/>A vida seguia seu curso como um rio que teria destino certo, o mar. Por\u00e9m, algo acontece, o curso \u00e9 mudado, pedras surgem pelo caminho e aquilo que estava certo \u2013 o des\u00e1gue do rio no mar \u2013, de repente, n\u00e3o \u00e9 mais t\u00e3o certo assim. Surge a incerteza, os planos e sonhos ficam suspensos. De fato, a pandemia desconfigurou os sonhos de muitas pessoas, se n\u00e3o de todas. <\/span><\/p>\n<p style=\"margin: 0cm; margin-bottom: .0001pt; text-align: justify;\"><span style=\"color: black;\">Como planejar a vida ap\u00f3s a pandemia? O que \u00e9 poss\u00edvel colocar no papel agora para daqui alguns anos? Diante de tantas incertezas sobre o que ainda iremos passar, como reservar um espa\u00e7o aos sonhos adiados? Ser\u00e1 que adiar \u00e9 a \u00fanica op\u00e7\u00e3o ou podemos \u201crepagin\u00e1-los\u201d e cont\u00e1-los de outra forma? <\/span><\/p>\n<p style=\"margin: 0cm; margin-bottom: .0001pt; text-align: justify;\"><span style=\"color: black;\">Pessoas que iriam se casar, pretendiam ter filhos, preparavam-se para escolher uma gradua\u00e7\u00e3o&#8230; Devemos reservar um tempo a estes sonhos ou esperar a tempestade passar para voltar a planejar? Precisamos nos ater a alguns pontos para respondermos estas perguntas. <\/span><\/p>\n<p style=\"margin: 0cm; margin-bottom: .0001pt; text-align: justify;\"><span style=\"color: black;\">Sem presentificar a vida n\u00e3o se pode ter olhos na realidade. Adiar nem sempre \u00e9 a \u00fanica op\u00e7\u00e3o, podemos \u201crepaginar\u201d; sonhos que n\u00e3o tenham eco de eternidade n\u00e3o subsistir\u00e3o. E, quando falo de presentificar a vida, falo de uma postura que n\u00e3o nega a realidade, mas a abra\u00e7a, traz nas m\u00e3os o real do presente, sem fuga para o tr\u00e1gico nem para o negacionismo. Presentificar a vida neste momento \u00e9 torn\u00e1-la presente, sem tentar fugir para o passado, que n\u00e3o existe, ou para o futuro que se mostra incerto. <\/span><\/p>\n<p style=\"margin: 0cm; margin-bottom: .0001pt; text-align: justify;\"><span style=\"color: black;\">Sonhos precisam ter ra\u00edzes no presente. Por exemplo, ter um filho ou n\u00e3o na pandemia? Pera\u00ed, isso est\u00e1 em suas m\u00e3os? N\u00e3o! Pois, quem os d\u00e1 \u00e9 Deus. Voc\u00ea pode querer e n\u00e3o t\u00ea-los, n\u00e3o querer e t\u00ea-los. Presentificar \u00e9 viver a vida com tudo que ela \u00e9. Assumindo as consequ\u00eancias da pr\u00f3pria realidade. <\/span><\/p>\n<p style=\"margin: 0cm; margin-bottom: .0001pt; text-align: justify;\"><span style=\"color: black;\">Quais s\u00e3o as realidades que voc\u00ea tem \u201cdom\u00ednio\u201d? Essas podem ser presentificadas. H\u00e1 outras, como o exemplo acima, que lan\u00e7amos na aventurosa imprevisibilidade da pr\u00f3pria vida. <\/span><\/p>\n<p style=\"margin: 0cm; margin-bottom: .0001pt; text-align: justify;\"><span style=\"color: black;\">Ao presentificar a vida, podemos olhar para os sonhos e responder: adiar ou \u201crepaginar\u201d? Nem todo sonho precisa ser adiado. Muitas pessoas que estavam com data marcada para o casamento me perguntaram se deveriam adiar ou faz\u00ea-lo com poucas pessoas. Eu disse a algumas que, para mim, o importante era o sacramento, e n\u00e3o a festa. Algumas fizeram o casamento somente com o padre e mais duas testemunhas, o sonho foi repaginado. H\u00e1 sonhos que precisar\u00e3o ser adiados e planejados no tempo, e h\u00e1 outros que podem se tornar realidade s\u00f3 mudando alguns detalhes. <\/span><\/p>\n<p style=\"margin: 0cm; margin-bottom: .0001pt; text-align: justify;\"><span style=\"color: black;\">Esta pandemia nos mostrou que tudo perece, nada na realidade tem infinitude nesta terra, somente na eternidade. Por isso, nossos sonhos precisam ser questionados se s\u00e3o somente para um prazer neste plano ou ecoar\u00e3o na eternidade e na posteridade. O que sonho, tem fim \u00faltimo na contempla\u00e7\u00e3o da verdade e na bondade? Ou \u00e9 somente fruto de meu narcisismo? Aproveite este texto para pensar se seus sonhos precisam ser adiados ou \u201crepaginados\u201d, ou at\u00e9 cancelados, pois sonhos que n\u00e3o tem eco na eternidade n\u00e3o subsistir\u00e3o!<\/span><\/p>\n<p style=\"margin: 6pt 0cm 0.0001pt; text-align: justify;\">\n<p style=\"margin: 0cm; margin-bottom: .0001pt; text-align: justify;\"><b><i><span style=\"color: black;\">*Adriano Gon\u00e7alves<\/span><\/i><\/b><i><span style=\"color: black;\"> \u00e9 mission\u00e1rio, formado em filosofia e psicologia. \u00c9 autor de tr\u00eas livros pela Editora Can\u00e7\u00e3o Nova: \u201cSantos de Cal\u00e7a Jeans\u201d, \u201cNasci pra dar certo!\u201d e \u201cQuero um amor maior\u201d.<\/span><\/i><\/p>\n<p style=\"margin: 0cm; margin-bottom: .0001pt; text-align: justify;\"><i><span style=\"color: black;\">Twitter:<\/span><\/i><a href=\"https:\/\/twitter.com\/adriano_rvj\"><i> <\/i><i><span style=\"color: black;\">adriano_rvj<\/span><\/i><\/a><u><br \/>\n<\/u><i><span style=\"color: black;\">Facebook:<\/span><\/i><a style=\"text-decoration-line: none;\" href=\"https:\/\/www.facebook.com\/adrianogoncalvescn\"><i><span style=\"color: black;\"> adrianogoncalvescn<\/span><\/i><\/a><\/p>\n","protected":false},"excerpt":{"rendered":"<p>*Adriano Gon\u00e7alves A vida seguia seu curso como um rio que teria destino certo, o mar. Por\u00e9m, algo acontece, o curso \u00e9 mudado, pedras surgem pelo caminho e aquilo que estava certo \u2013 o des\u00e1gue do rio no mar \u2013, de repente, n\u00e3o \u00e9 mais t\u00e3o certo assim. Surge a incerteza, os planos e sonhos [&hellip;]<\/p>\n","protected":false},"author":1,"featured_media":55814,"comment_status":"open","ping_status":"closed","sticky":false,"template":"","format":"standard","meta":{"footnotes":""},"categories":[9],"tags":[],"class_list":["post-60024","post","type-post","status-publish","format-standard","has-post-thumbnail","hentry","category-artigos"],"_links":{"self":[{"href":"https:\/\/catolicanet.net\/wp-cnet\/wp-json\/wp\/v2\/posts\/60024","targetHints":{"allow":["GET"]}}],"collection":[{"href":"https:\/\/catolicanet.net\/wp-cnet\/wp-json\/wp\/v2\/posts"}],"about":[{"href":"https:\/\/catolicanet.net\/wp-cnet\/wp-json\/wp\/v2\/types\/post"}],"author":[{"embeddable":true,"href":"https:\/\/catolicanet.net\/wp-cnet\/wp-json\/wp\/v2\/users\/1"}],"replies":[{"embeddable":true,"href":"https:\/\/catolicanet.net\/wp-cnet\/wp-json\/wp\/v2\/comments?post=60024"}],"version-history":[{"count":1,"href":"https:\/\/catolicanet.net\/wp-cnet\/wp-json\/wp\/v2\/posts\/60024\/revisions"}],"predecessor-version":[{"id":60026,"href":"https:\/\/catolicanet.net\/wp-cnet\/wp-json\/wp\/v2\/posts\/60024\/revisions\/60026"}],"wp:featuredmedia":[{"embeddable":true,"href":"https:\/\/catolicanet.net\/wp-cnet\/wp-json\/wp\/v2\/media\/55814"}],"wp:attachment":[{"href":"https:\/\/catolicanet.net\/wp-cnet\/wp-json\/wp\/v2\/media?parent=60024"}],"wp:term":[{"taxonomy":"category","embeddable":true,"href":"https:\/\/catolicanet.net\/wp-cnet\/wp-json\/wp\/v2\/categories?post=60024"},{"taxonomy":"post_tag","embeddable":true,"href":"https:\/\/catolicanet.net\/wp-cnet\/wp-json\/wp\/v2\/tags?post=60024"}],"curies":[{"name":"wp","href":"https:\/\/api.w.org\/{rel}","templated":true}]}}