{"id":6002,"date":"2015-07-14T12:33:32","date_gmt":"2015-07-14T15:33:32","guid":{"rendered":"http:\/\/catolicanet.net\/wp-cnet\/papa-juventude-da-america-latina-e-licao-para-a-europa\/"},"modified":"2017-04-10T13:42:52","modified_gmt":"2017-04-10T16:42:52","slug":"papa-juventude-da-america-latina-e-licao-para-a-europa","status":"publish","type":"post","link":"https:\/\/catolicanet.net\/wp-cnet\/papa-juventude-da-america-latina-e-licao-para-a-europa\/","title":{"rendered":"Papa: juventude da Am\u00e9rica Latina \u00e9 li\u00e7\u00e3o para a Europa"},"content":{"rendered":"<p style=\"text-align: justify;\"><img decoding=\"async\" src=\"http:\/\/catolicanet.com.br\/images\/stories\/geral\/juventude.jpg\" border=\"0\" align=\"left\" \/>O Papa Francisco regressou ao Vaticano nesta segunda-feira dia 13 de julho depois da sua visita \u00e0 Am\u00e9rica Latina, visitando o Equador, a Bol\u00edvia e o Paraguai. Durante a viagem, o Santo Padre, como habitualmente, respondeu \u00e0s perguntas dos jornalistas.<\/p>\n<p>As rugas do Velho Continente, que perdeu o valor da juventude, espelham-se na frescura bals\u00e2mica da Am\u00e9rica Latina: \u00e9 esta a ajuda jovem do povo e da Igreja da \u2018outra parte do mundo\u2019 da qual prov\u00e9m o Papa, e que pode oferecer \u00e0s terras que deixaram de fazer filhos e futuro.<\/p>\n<p>O Papa afirmou que \u201ca Igreja latino-americana tem uma grande riqueza: \u201c\u00e9 uma igreja jovem e \u00e9 isso que n\u00f3s devemos aprender e corrigir, e estes povos jovens d\u00e3o-nos for\u00e7a nisto.\u201d<\/p>\n<p>Respondendo a uma pergunta sobre a pr\u00f3xima viagem a Cuba e EUA, o Santo Padre afirmou n\u00e3o ter havido propriamente uma media\u00e7\u00e3o do Vaticano, no acordo entre os dois pa\u00edses, mas algumas pequenas a\u00e7\u00f5es concretas. O m\u00e9rito \u00e9 da boa vontade dos dois pa\u00edses:<\/p>\n<p>\u201c N\u00e3o foi uma media\u00e7\u00e3o, foi a boa vontade dos dois pa\u00edses, o m\u00e9rito \u00e9 deles, n\u00f3s n\u00e3o fizemos quase nada.\u201d<\/p>\n<p>Sobre a situa\u00e7\u00e3o financeira da Gr\u00e9cia o Papa Francisco referiu que o caminho das d\u00edvidas e dos empr\u00e9stimos n\u00e3o t\u00eam mais fim, sendo necess\u00e1rio \u201cencontrar um caminho para resolver o problema grego e tamb\u00e9m um caminho de vigil\u00e2ncia para n\u00e3o recair em outros pa\u00edses o mesmo problema.\u201d<\/p>\n<p>Sobre o presente recebido do presidente da Bol\u00edvia, Evo Morales, que representa uma foice e um martelo com um crucifixo cravado no meio dessa pe\u00e7a, o Santo Padre reafirmou tratar-se de uma obra do Padre Espinal, \u201cuma arte de protesto, mas que eu n\u00e3o conhecia e n\u00e3o me ofende\u201d \u2013 afirmou o Papa que explicou que o Padre Espinal era escultor e poeta e que perfilhava uma das linhas da Teologia da Liberta\u00e7\u00e3o, das v\u00e1rias que havia nos anos 70 e 80 e que fazia \u201cuma an\u00e1lise marxista da realidade\u201d. \u00c9 uma obra enquadrada numa \u201carte de protesto\u201d \u2013 sublinhou o Papa Francisco.<\/p>\n<p>Questionado sobre a falta de mensagens direcionadas para a classe m\u00e9dia, o Santo Padre referiu ser algo sobre que vai pensar, n\u00e3o deixando de salientar que o mundo est\u00e1, hoje em dia, muito polarizado entre os ricos e os muitos pobres, e os pobres est\u00e3o no cora\u00e7\u00e3o do Evangelho.<\/p>\n<p>Neste encontro com os jornalistas ainda uma pergunta sobre a grande vivacidade do Papa Francisco no seu pontificado e, em particular, nesta viagem, e para a qual o Santo Padre respondeu com bom humor: \u201co mate (ch\u00e1) ajuda-me. Mas n\u00e3o provei a coca. Isso \u00e9 claro.\u201d<\/p>\n","protected":false},"excerpt":{"rendered":"<p>O Papa Francisco regressou ao Vaticano nesta segunda-feira dia 13 de julho depois da sua visita \u00e0 Am\u00e9rica Latina, visitando o Equador, a Bol\u00edvia e o Paraguai. Durante a viagem, o Santo Padre, como habitualmente, respondeu \u00e0s perguntas dos jornalistas. As rugas do Velho Continente, que perdeu o valor da juventude, espelham-se na frescura bals\u00e2mica [&hellip;]<\/p>\n","protected":false},"author":1,"featured_media":0,"comment_status":"closed","ping_status":"closed","sticky":false,"template":"","format":"standard","meta":{"footnotes":""},"categories":[3],"tags":[],"class_list":["post-6002","post","type-post","status-publish","format-standard","hentry","category-vaticano"],"_links":{"self":[{"href":"https:\/\/catolicanet.net\/wp-cnet\/wp-json\/wp\/v2\/posts\/6002","targetHints":{"allow":["GET"]}}],"collection":[{"href":"https:\/\/catolicanet.net\/wp-cnet\/wp-json\/wp\/v2\/posts"}],"about":[{"href":"https:\/\/catolicanet.net\/wp-cnet\/wp-json\/wp\/v2\/types\/post"}],"author":[{"embeddable":true,"href":"https:\/\/catolicanet.net\/wp-cnet\/wp-json\/wp\/v2\/users\/1"}],"replies":[{"embeddable":true,"href":"https:\/\/catolicanet.net\/wp-cnet\/wp-json\/wp\/v2\/comments?post=6002"}],"version-history":[{"count":1,"href":"https:\/\/catolicanet.net\/wp-cnet\/wp-json\/wp\/v2\/posts\/6002\/revisions"}],"predecessor-version":[{"id":10857,"href":"https:\/\/catolicanet.net\/wp-cnet\/wp-json\/wp\/v2\/posts\/6002\/revisions\/10857"}],"wp:attachment":[{"href":"https:\/\/catolicanet.net\/wp-cnet\/wp-json\/wp\/v2\/media?parent=6002"}],"wp:term":[{"taxonomy":"category","embeddable":true,"href":"https:\/\/catolicanet.net\/wp-cnet\/wp-json\/wp\/v2\/categories?post=6002"},{"taxonomy":"post_tag","embeddable":true,"href":"https:\/\/catolicanet.net\/wp-cnet\/wp-json\/wp\/v2\/tags?post=6002"}],"curies":[{"name":"wp","href":"https:\/\/api.w.org\/{rel}","templated":true}]}}