{"id":60013,"date":"2020-06-17T09:21:19","date_gmt":"2020-06-17T12:21:19","guid":{"rendered":"https:\/\/catolicanet.net\/wp-cnet\/?p=60013"},"modified":"2020-06-16T22:22:14","modified_gmt":"2020-06-17T01:22:14","slug":"pe-fabio-de-melo-e-artistas-participam-da-live-da-esperanca-e-da-solidariedade","status":"publish","type":"post","link":"https:\/\/catolicanet.net\/wp-cnet\/pe-fabio-de-melo-e-artistas-participam-da-live-da-esperanca-e-da-solidariedade\/","title":{"rendered":"Pe. F\u00e1bio de Melo e artistas participam da live da Esperan\u00e7a e da Solidariedade"},"content":{"rendered":"<p style=\"text-align: justify;\">A Associa\u00e7\u00e3o Nacional de Educa\u00e7\u00e3o Cat\u00f3lica do Brasil (ANEC), em parceria com a Confer\u00eancia Nacional dos Bispos do Brasil (CNBB), Confer\u00eancia dos Religiosos do Brasil (CRB), SIGNIS Brasil, C\u00e1ritas Brasileira, Movimento de Educa\u00e7\u00e3o de Base (MEB) e Editoras Cat\u00f3licas est\u00e3o promovendo uma s\u00e9rie de eventos online, conhecidos como \u201cLive da Esperan\u00e7a e da Solidariedade\u201d.<\/p>\n<p style=\"text-align: justify;\">O objetivo \u00e9 levar aos seguidores cat\u00f3licos um agrad\u00e1vel momento de adora\u00e7\u00e3o, reflex\u00e3o e m\u00fasica durante o per\u00edodo de isolamento social. As lives semanais tamb\u00e9m t\u00eam o prop\u00f3sito de arrecadar doa\u00e7\u00f5es em dinheiro e de alimentos para fam\u00edlias carentes que est\u00e3o sendo afetadas pela Covid-19.<\/p>\n<p style=\"text-align: justify;\">Nesta terceira edi\u00e7\u00e3o, que acontece no dia 19 de junho, pr\u00f3xima sexta-feira, \u00e0s 19h, o tema ser\u00e1 \u201cAldeia que educa\u201d e contaremos com a presen\u00e7a das cantoras Adriana Arydes, Ziza Fernandes e participa\u00e7\u00e3o especial do Pe. F\u00e1bio de Melo.\u00a0 O evento tem a apresenta\u00e7\u00e3o de Marcus Tullius, coordenador Nacional da Pascom do Brasil e apresentador da TV Pai Eterno.<\/p>\n<p style=\"text-align: justify;\">As Editoras Cat\u00f3licas que est\u00e3o colaborando com o evento s\u00e3o: Editora Ave-Maria, Can\u00e7\u00e3o Nova Editora, Editora Santu\u00e1rio, Editora Edeb\u00ea, Edi\u00e7\u00f5es CNBB, Edi\u00e7oes Loyola, FTD Educa\u00e7\u00e3o, Paulinas Editora, Paulus Editora, Editora Vozes, Editora Ideias e Letras, Editora Bom Jesus e SM Educa\u00e7\u00e3o.<\/p>\n<p style=\"text-align: justify;\">\u00a0J\u00e1 no dia 26 de junho, o tema ser\u00e1 \u201cDi\u00e1logo e Paz\u201d, com o padre Reginaldo Manzotti e os Cantores de Deus.<\/p>\n<p style=\"text-align: justify;\"><strong>A live acontece simultaneamente no canal do ANEC e da CNBB. N\u00e3o perca!<\/strong><br \/>\nwww.youtube.com\/<a href=\"https:\/\/www.youtube.com\/channel\/UCHImcF5GV5b7qsKPibboVeg\">canal da ANEC<\/a>\u00a0\u2013\u00a0 www.youtube.com\/<a href=\"https:\/\/www.youtube.com\/user\/CNBBNacionalBrasilia\">canal da CNBB<\/a><\/p>\n<p style=\"text-align: justify;\"><strong>Para mais informa\u00e7\u00f5es, entre em contato:<\/strong><br \/>\nComunica\u00e7\u00e3o ANEC \u2013 Nat\u00e1lia Ribeiro 6199841-6393<br \/>\nComunica\u00e7\u00e3o Edeb\u00ea \u2013 Deyse Castro 61 98118-8308 e \u00c9rica Marques 61 99343-0990<\/p>\n<p><a href=\"https:\/\/www.cnbb.org.br\/wp-content\/uploads\/sites\/32\/2020\/06\/Imagens-live-SE.jpg\"><img loading=\"lazy\" decoding=\"async\" class=\"alignnone size-full wp-image-240710\" src=\"https:\/\/www.cnbb.org.br\/wp-content\/uploads\/sites\/32\/2020\/06\/Imagens-live-SE.jpg\" srcset=\"https:\/\/www.cnbb.org.br\/wp-content\/uploads\/sites\/32\/2020\/06\/Imagens-live-SE.jpg 1197w, https:\/\/www.cnbb.org.br\/wp-content\/uploads\/sites\/32\/2020\/06\/Imagens-live-SE-300x131.jpg 300w, https:\/\/www.cnbb.org.br\/wp-content\/uploads\/sites\/32\/2020\/06\/Imagens-live-SE-1024x446.jpg 1024w, https:\/\/www.cnbb.org.br\/wp-content\/uploads\/sites\/32\/2020\/06\/Imagens-live-SE-768x334.jpg 768w\" alt=\"\" width=\"1197\" height=\"521\" \/><\/a><\/p>\n","protected":false},"excerpt":{"rendered":"<p>A Associa\u00e7\u00e3o Nacional de Educa\u00e7\u00e3o Cat\u00f3lica do Brasil (ANEC), em parceria com a Confer\u00eancia Nacional dos Bispos do Brasil (CNBB), Confer\u00eancia dos Religiosos do Brasil (CRB), SIGNIS Brasil, C\u00e1ritas Brasileira, Movimento de Educa\u00e7\u00e3o de Base (MEB) e Editoras Cat\u00f3licas est\u00e3o promovendo uma s\u00e9rie de eventos online, conhecidos como \u201cLive da Esperan\u00e7a e da Solidariedade\u201d. O [&hellip;]<\/p>\n","protected":false},"author":1,"featured_media":60014,"comment_status":"open","ping_status":"closed","sticky":false,"template":"","format":"standard","meta":{"footnotes":""},"categories":[7],"tags":[],"class_list":["post-60013","post","type-post","status-publish","format-standard","has-post-thumbnail","hentry","category-cnbb"],"_links":{"self":[{"href":"https:\/\/catolicanet.net\/wp-cnet\/wp-json\/wp\/v2\/posts\/60013","targetHints":{"allow":["GET"]}}],"collection":[{"href":"https:\/\/catolicanet.net\/wp-cnet\/wp-json\/wp\/v2\/posts"}],"about":[{"href":"https:\/\/catolicanet.net\/wp-cnet\/wp-json\/wp\/v2\/types\/post"}],"author":[{"embeddable":true,"href":"https:\/\/catolicanet.net\/wp-cnet\/wp-json\/wp\/v2\/users\/1"}],"replies":[{"embeddable":true,"href":"https:\/\/catolicanet.net\/wp-cnet\/wp-json\/wp\/v2\/comments?post=60013"}],"version-history":[{"count":1,"href":"https:\/\/catolicanet.net\/wp-cnet\/wp-json\/wp\/v2\/posts\/60013\/revisions"}],"predecessor-version":[{"id":60015,"href":"https:\/\/catolicanet.net\/wp-cnet\/wp-json\/wp\/v2\/posts\/60013\/revisions\/60015"}],"wp:featuredmedia":[{"embeddable":true,"href":"https:\/\/catolicanet.net\/wp-cnet\/wp-json\/wp\/v2\/media\/60014"}],"wp:attachment":[{"href":"https:\/\/catolicanet.net\/wp-cnet\/wp-json\/wp\/v2\/media?parent=60013"}],"wp:term":[{"taxonomy":"category","embeddable":true,"href":"https:\/\/catolicanet.net\/wp-cnet\/wp-json\/wp\/v2\/categories?post=60013"},{"taxonomy":"post_tag","embeddable":true,"href":"https:\/\/catolicanet.net\/wp-cnet\/wp-json\/wp\/v2\/tags?post=60013"}],"curies":[{"name":"wp","href":"https:\/\/api.w.org\/{rel}","templated":true}]}}