{"id":59980,"date":"2020-06-15T09:42:12","date_gmt":"2020-06-15T12:42:12","guid":{"rendered":"https:\/\/catolicanet.net\/wp-cnet\/?p=59980"},"modified":"2020-06-15T09:42:12","modified_gmt":"2020-06-15T12:42:12","slug":"por-que-jesus-permitiu-que-transpassassem-seu-sagrado-coracao-na-cruz-2","status":"publish","type":"post","link":"https:\/\/catolicanet.net\/wp-cnet\/por-que-jesus-permitiu-que-transpassassem-seu-sagrado-coracao-na-cruz-2\/","title":{"rendered":"Por que Jesus permitiu que transpassassem seu Sagrado Cora\u00e7\u00e3o na cruz?"},"content":{"rendered":"<p style=\"text-align: justify;\">Nas Sagradas Escrituras se narra que Jesus, morto na cruz, teve o cora\u00e7\u00e3o transpassado por uma lan\u00e7a. S\u00e9culos depois, o Senhor revelou a Santa Catarina de Sena, italiana e doutora da\u00a0Igreja, a mensagem contida neste fato.<\/p>\n<p style=\"text-align: justify;\">A Santa perguntou ao Senhor: \u201cDoce Cordeiro sem mancha, Tu estavas morto quando teu peito foi aberto. Por que ent\u00e3o, permitiste que Teu Cora\u00e7\u00e3o fosse ferido e aberto com tanta viol\u00eancia?\u201d.<\/p>\n<p style=\"text-align: justify;\">Jesus respondeu: \u201cEu tinha v\u00e1rias raz\u00f5es, mas vou lhe dizer a principal. Meu amor pelo g\u00eanero humano era infinito, enquanto os tormentos e os sofrimentos que eu suportava eram finitos\u201d.<\/p>\n<p style=\"text-align: justify;\">\u201cJ\u00e1 que meu amor \u00e9 infinito, eu n\u00e3o podia por este sofrimento manifestar o quanto te amo. Por isso, mostrando meu lado aberto, eu queria que vissem o segredo do meu cora\u00e7\u00e3o: que eu amava voc\u00eas muito mais do que eu podia mostrar com o meu sofrimento finito\u201d.<\/p>\n<p style=\"text-align: justify;\">Posteriormente, no s\u00e9culo XVII, Jesus Cristo apareceu a Santa Margarida Maria Alacoque, mostrando-lhe o seu cora\u00e7\u00e3o e disse:<\/p>\n<p style=\"text-align: justify;\">\u201cEis o Cora\u00e7\u00e3o que tanto amou os homens, que nada poupou, at\u00e9 se esgotar e se consumir para lhes testemunhar seu amor. Como reconhecimento, n\u00e3o recebo da maior parte deles sen\u00e3o ingratid\u00f5es, pelas suas irrever\u00eancias, sacril\u00e9gios, e pela tibieza e desprezo que t\u00eam para comigo na\u00a0Eucaristia. Entretanto, o que Me \u00e9 mais sens\u00edvel \u00e9 que h\u00e1 cora\u00e7\u00f5es consagrados que agem assim\u201d.<\/p>\n<p style=\"text-align: justify;\">\u201cPor isto te pe\u00e7o que a primeira sexta-feira ap\u00f3s a oitava do Sant\u00edssimo Sacramento seja dedicada a uma festa particular para honrar Meu Cora\u00e7\u00e3o, comungando neste dia, e O reparando pelos insultos que recebeu durante o tempo em que foi exposto sobre os altares. Prometo-te que o Meu Cora\u00e7\u00e3o se dilatar\u00e1 para derramar com abund\u00e2ncia as influ\u00eancias de Seu divino Amor sobre os que tributem esta divina honra e que procurem que ela lhe seja prestada\u201d<\/p>\n<p style=\"text-align: justify;\">Neste ano, a Igreja celebrar\u00e1 a Solenidade do Sagrado Cora\u00e7\u00e3o de Jesus nesta sexta-feira, 19 de junho, e no dia seguinte ser\u00e1 celebrado o Imaculado Cora\u00e7\u00e3o de Maria, que estava sempre unida ao seu Filho.<\/p>\n","protected":false},"excerpt":{"rendered":"<p>Nas Sagradas Escrituras se narra que Jesus, morto na cruz, teve o cora\u00e7\u00e3o transpassado por uma lan\u00e7a. S\u00e9culos depois, o Senhor revelou a Santa Catarina de Sena, italiana e doutora da\u00a0Igreja, a mensagem contida neste fato. A Santa perguntou ao Senhor: \u201cDoce Cordeiro sem mancha, Tu estavas morto quando teu peito foi aberto. Por que [&hellip;]<\/p>\n","protected":false},"author":1,"featured_media":59981,"comment_status":"open","ping_status":"closed","sticky":false,"template":"","format":"standard","meta":{"footnotes":""},"categories":[4,13],"tags":[],"class_list":["post-59980","post","type-post","status-publish","format-standard","has-post-thumbnail","hentry","category-cotidiano","category-featured"],"_links":{"self":[{"href":"https:\/\/catolicanet.net\/wp-cnet\/wp-json\/wp\/v2\/posts\/59980","targetHints":{"allow":["GET"]}}],"collection":[{"href":"https:\/\/catolicanet.net\/wp-cnet\/wp-json\/wp\/v2\/posts"}],"about":[{"href":"https:\/\/catolicanet.net\/wp-cnet\/wp-json\/wp\/v2\/types\/post"}],"author":[{"embeddable":true,"href":"https:\/\/catolicanet.net\/wp-cnet\/wp-json\/wp\/v2\/users\/1"}],"replies":[{"embeddable":true,"href":"https:\/\/catolicanet.net\/wp-cnet\/wp-json\/wp\/v2\/comments?post=59980"}],"version-history":[{"count":1,"href":"https:\/\/catolicanet.net\/wp-cnet\/wp-json\/wp\/v2\/posts\/59980\/revisions"}],"predecessor-version":[{"id":59982,"href":"https:\/\/catolicanet.net\/wp-cnet\/wp-json\/wp\/v2\/posts\/59980\/revisions\/59982"}],"wp:featuredmedia":[{"embeddable":true,"href":"https:\/\/catolicanet.net\/wp-cnet\/wp-json\/wp\/v2\/media\/59981"}],"wp:attachment":[{"href":"https:\/\/catolicanet.net\/wp-cnet\/wp-json\/wp\/v2\/media?parent=59980"}],"wp:term":[{"taxonomy":"category","embeddable":true,"href":"https:\/\/catolicanet.net\/wp-cnet\/wp-json\/wp\/v2\/categories?post=59980"},{"taxonomy":"post_tag","embeddable":true,"href":"https:\/\/catolicanet.net\/wp-cnet\/wp-json\/wp\/v2\/tags?post=59980"}],"curies":[{"name":"wp","href":"https:\/\/api.w.org\/{rel}","templated":true}]}}