{"id":59977,"date":"2020-06-15T09:39:17","date_gmt":"2020-06-15T12:39:17","guid":{"rendered":"https:\/\/catolicanet.net\/wp-cnet\/?p=59977"},"modified":"2020-06-15T09:39:17","modified_gmt":"2020-06-15T12:39:17","slug":"cardeal-scherer-e-monsenhor-catelan-sao-convidados-de-live-sobre-a-teologia-da-liturgia-de-ratzinger","status":"publish","type":"post","link":"https:\/\/catolicanet.net\/wp-cnet\/cardeal-scherer-e-monsenhor-catelan-sao-convidados-de-live-sobre-a-teologia-da-liturgia-de-ratzinger\/","title":{"rendered":"Cardeal Scherer e monsenhor Catelan s\u00e3o convidados de live sobre a teologia da liturgia de Ratzinger"},"content":{"rendered":"<div style=\"text-align: justify;\">A Edi\u00e7\u00f5es CNBB promove neste dia 15 de junho, segunda-feira, \u00e0s 15 horas a live sobre a obra \u201cTeologia da Liturgia\u201d, de Joseph Ratzinger, o Papa em\u00e9rito Bento XVI.\u00a0 Os convidados s\u00e3o: o arcebispo de S\u00e3o Paulo (SP) e primeiro vice-presidente do Conselho Episcopal Latino-Americano (Celam), o cardeal Odilo Pedro Scherer. Ele discorrer\u00e1 sobre a obra.\u00a0E o monsenhor Ant\u00f4nio Luiz Catelan, que j\u00e1 foi assessor da Comiss\u00e3o Episcopal Pastoral para a Doutrina da F\u00e9 da Confer\u00eancia Nacional dos Bispos do Brasil (CNBB), e coordena a \u00a0edi\u00e7\u00e3o brasileira das \u201cObras Completas\u201d, de Joseph Ratzinger.<\/div>\n<div style=\"text-align: justify;\"><\/div>\n<div style=\"text-align: justify;\">A live ser\u00e1 transmitida e poder\u00e1 ser acompanhada, ao vivo, nos perfis da Edi\u00e7\u00f5es CNBB no Instagram e Facebook (<a title=\"https:\/\/www.instagram.com\/edicoescnbb\/\" href=\"https:\/\/www.instagram.com\/edicoescnbb\/\" target=\"_blank\" rel=\"noopener noreferrer\"><u>@edicoescnbb<\/u><\/a>) e em seu canal do YouTube (Edi\u00e7\u00f5es CNBB). Acesse o link e ative a notifica\u00e7\u00e3o:\u00a0<a title=\"https:\/\/www.youtube.com\/user\/cnbbedicoes\" href=\"https:\/\/www.youtube.com\/user\/CNBBEDICOES\" target=\"_blank\" rel=\"noopener noreferrer\"><u>https:\/\/www.youtube.com\/user\/CNBBEDICOES<\/u><\/a>.<\/div>\n","protected":false},"excerpt":{"rendered":"<p>A Edi\u00e7\u00f5es CNBB promove neste dia 15 de junho, segunda-feira, \u00e0s 15 horas a live sobre a obra \u201cTeologia da Liturgia\u201d, de Joseph Ratzinger, o Papa em\u00e9rito Bento XVI.\u00a0 Os convidados s\u00e3o: o arcebispo de S\u00e3o Paulo (SP) e primeiro vice-presidente do Conselho Episcopal Latino-Americano (Celam), o cardeal Odilo Pedro Scherer. Ele discorrer\u00e1 sobre a [&hellip;]<\/p>\n","protected":false},"author":1,"featured_media":59978,"comment_status":"open","ping_status":"closed","sticky":false,"template":"","format":"standard","meta":{"footnotes":""},"categories":[7,13],"tags":[],"class_list":["post-59977","post","type-post","status-publish","format-standard","has-post-thumbnail","hentry","category-cnbb","category-featured"],"_links":{"self":[{"href":"https:\/\/catolicanet.net\/wp-cnet\/wp-json\/wp\/v2\/posts\/59977","targetHints":{"allow":["GET"]}}],"collection":[{"href":"https:\/\/catolicanet.net\/wp-cnet\/wp-json\/wp\/v2\/posts"}],"about":[{"href":"https:\/\/catolicanet.net\/wp-cnet\/wp-json\/wp\/v2\/types\/post"}],"author":[{"embeddable":true,"href":"https:\/\/catolicanet.net\/wp-cnet\/wp-json\/wp\/v2\/users\/1"}],"replies":[{"embeddable":true,"href":"https:\/\/catolicanet.net\/wp-cnet\/wp-json\/wp\/v2\/comments?post=59977"}],"version-history":[{"count":1,"href":"https:\/\/catolicanet.net\/wp-cnet\/wp-json\/wp\/v2\/posts\/59977\/revisions"}],"predecessor-version":[{"id":59979,"href":"https:\/\/catolicanet.net\/wp-cnet\/wp-json\/wp\/v2\/posts\/59977\/revisions\/59979"}],"wp:featuredmedia":[{"embeddable":true,"href":"https:\/\/catolicanet.net\/wp-cnet\/wp-json\/wp\/v2\/media\/59978"}],"wp:attachment":[{"href":"https:\/\/catolicanet.net\/wp-cnet\/wp-json\/wp\/v2\/media?parent=59977"}],"wp:term":[{"taxonomy":"category","embeddable":true,"href":"https:\/\/catolicanet.net\/wp-cnet\/wp-json\/wp\/v2\/categories?post=59977"},{"taxonomy":"post_tag","embeddable":true,"href":"https:\/\/catolicanet.net\/wp-cnet\/wp-json\/wp\/v2\/tags?post=59977"}],"curies":[{"name":"wp","href":"https:\/\/api.w.org\/{rel}","templated":true}]}}