{"id":59968,"date":"2020-06-15T09:33:22","date_gmt":"2020-06-15T12:33:22","guid":{"rendered":"https:\/\/catolicanet.net\/wp-cnet\/?p=59968"},"modified":"2020-06-15T09:33:22","modified_gmt":"2020-06-15T12:33:22","slug":"papa-sem-os-idosos-nao-ha-futuro-covid-19-mostrou-despreparo-da-sociedade","status":"publish","type":"post","link":"https:\/\/catolicanet.net\/wp-cnet\/papa-sem-os-idosos-nao-ha-futuro-covid-19-mostrou-despreparo-da-sociedade\/","title":{"rendered":"Papa: sem os idosos n\u00e3o h\u00e1 futuro. Covid-19 mostrou despreparo da sociedade"},"content":{"rendered":"<div class=\"article__subTitle\" style=\"text-align: justify;\">Em 15 de junho celebra-se o Dia Mundial de Conscientiza\u00e7\u00e3o da Viol\u00eancia contra a Pessoa Idosa. Em mensagem no Twitter, o Pont\u00edfice destaca que a pandemia demonstrou o despreparo da sociedade em acolh\u00ea-los, j\u00e1 que foram a principal v\u00edtima do coronav\u00edrus.<\/div>\n<div class=\"title__separator\" style=\"text-align: justify;\"><\/div>\n<div class=\"article__text\">\n<p style=\"text-align: justify;\"><b>Vatican News<\/b><\/p>\n<p style=\"text-align: justify;\">\u201cA pandemia da #COVID19 mostrou que nossas sociedades n\u00e3o est\u00e3o organizadas o suficiente para dar lugar aos idosos, com justo respeito \u00e0 sua dignidade e fragilidade. Onde n\u00e3o h\u00e1 cuidado com os idosos, n\u00e3o h\u00e1 futuro para os jovens.\u201d<\/p>\n<p style=\"text-align: justify;\">Com esta mensagem, o Papa Francisco recorda hoje o Dia Mundial de Conscientiza\u00e7\u00e3o da Viol\u00eancia \u00e0 Pessoa Idosa. Este ano, as Na\u00e7\u00f5es Unidas destacam a necessidade de se proteger os idosos durante e depois da pandemia da Covid-19.<\/p>\n<p style=\"text-align: justify;\">Embora todas as faixas et\u00e1rias corram risco, os idosos t\u00eam um risco maior de mortalidade e doen\u00e7as graves ap\u00f3s a infec\u00e7\u00e3o. Entre as pessoas acima de 80 anos, a taxa de mortalidade \u00e9 cinco vezes maior.<\/p>\n<h3 style=\"text-align: justify;\"><b>Pandemia<\/b><\/h3>\n<p style=\"text-align: justify;\">Estima-se que 66% das pessoas com 70 anos ou mais tenham pelo menos uma condi\u00e7\u00e3o de sa\u00fade subjacente, colocando-as em maior risco. Os idosos tamb\u00e9m podem ser discriminados quando m\u00e9dicos e hospitais decidem quem tem acesso a tratamentos e medicamentos.<\/p>\n<p style=\"text-align: justify;\">Al\u00e9m disso, antes da pandemia, metade da popula\u00e7\u00e3o idosa em alguns pa\u00edses em desenvolvimento j\u00e1 n\u00e3o tinha acesso a servi\u00e7os essenciais de sa\u00fade. A crise pode levar a uma redu\u00e7\u00e3o de servi\u00e7os cr\u00edticos, aumentando ainda mais os perigos.<\/p>\n<p style=\"text-align: justify;\">Em maio, o secret\u00e1rio-geral da ONU, Ant\u00f3nio Guterres, lan\u00e7ou um relat\u00f3rio detalhando o impacto da Covid-19 em idosos. Na altura, ele afirmou que \u201cnenhuma pessoa, jovem ou velha, \u00e9 dispens\u00e1vel.\u201d<\/p>\n<p style=\"text-align: justify;\">Para o chefe da organiza\u00e7\u00e3o, &#8220;os idosos t\u00eam os mesmos direitos \u00e0 vida e \u00e0 sa\u00fade que todos os outros.&#8221; Ele disse ainda que \u201cdecis\u00f5es dif\u00edceis sobre cuidados m\u00e9dicos devem respeitar os direitos humanos e a dignidade de todos.&#8221;<\/p>\n<h3 style=\"text-align: justify;\"><b>Crescimento<\/b><\/h3>\n<p style=\"text-align: justify;\">Entre 2019 e 2030, o n\u00famero de pessoas com 60 anos ou mais deve crescer 38%, passando de 1 bilh\u00e3o para 1,4 bilh\u00e3o. Nessa altura, o n\u00famero de idosos ir\u00e1 superar o n\u00famero de jovens em todo o mundo. Esse aumento ser\u00e1 maior e mais r\u00e1pido nos pa\u00edses em desenvolvimento.<\/p>\n<p style=\"text-align: justify;\">Por tudo isso, a ONU afirma que \u201c\u00e9 preciso prestar mais aten\u00e7\u00e3o aos desafios espec\u00edficos que afetam os idosos, inclusive no campo dos direitos humanos.\u201d<\/p>\n<div style=\"text-align: justify;\">\n<div class=\"article__embed article__embed--unwrap article__embed--dark\">\n<div class=\"embed-container\"><iframe id=\"491048061\" src=\"https:\/\/www.youtube.com\/embed\/l_2AIivpQh4?wmode=opaque&amp;rel=0&amp;autohide=1&amp;showinfo=0&amp;wmode=transparent&amp;modestbranding=1&amp;enablejsapi=1&amp;origin=https:\/\/www.vaticannews.va&amp;start=&amp;end=\" allowfullscreen=\"allowfullscreen\" data-gtm-yt-inspected-7781034_9=\"true\" data-mce-fragment=\"1\"><\/iframe><\/div>\n<div class=\"article__innerTitle\">Confira a mensagem do secret\u00e1rio-geral da ONU<\/div>\n<\/div>\n<\/div>\n<h3 style=\"text-align: justify;\"><b>Abusos<\/b><\/h3>\n<p style=\"text-align: justify;\">O abuso de idosos \u00e9 um problema que existe tanto nos pa\u00edses em desenvolvimento como nos pa\u00edses desenvolvidos, mas muitas vezes n\u00e3o \u00e9 reportado.<\/p>\n<p style=\"text-align: justify;\">Existem poucas estat\u00edsticas sobre o tema, apenas em alguns pa\u00edses de alta renda, mas entre 1% a 10% dos idosos nessas regi\u00f5es \u00e9 v\u00edtima de abusos.<\/p>\n<p style=\"text-align: justify;\">Embora a extens\u00e3o do problema seja desconhecida, a ONU afirma que \u201cseu significado social e moral \u00e9 \u00f3bvio\u201d e \u201cexige uma resposta global multifacetada, focada na prote\u00e7\u00e3o dos direitos dos idosos.\u201d<\/p>\n<p style=\"text-align: justify;\">No Brasil, a Pastoral da Pessoa Idosa trabalha para garantir o respeito e a dignidade dos idosos, identificando os poss\u00edveis sinais de viol\u00eancia e realizando os devidos encaminhamentos.<\/p>\n<p style=\"text-align: justify;\">(com informa\u00e7\u00f5es do site ONU News)<\/p>\n<\/div>\n","protected":false},"excerpt":{"rendered":"<p>Em 15 de junho celebra-se o Dia Mundial de Conscientiza\u00e7\u00e3o da Viol\u00eancia contra a Pessoa Idosa. Em mensagem no Twitter, o Pont\u00edfice destaca que a pandemia demonstrou o despreparo da sociedade em acolh\u00ea-los, j\u00e1 que foram a principal v\u00edtima do coronav\u00edrus. Vatican News \u201cA pandemia da #COVID19 mostrou que nossas sociedades n\u00e3o est\u00e3o organizadas o [&hellip;]<\/p>\n","protected":false},"author":1,"featured_media":59969,"comment_status":"open","ping_status":"closed","sticky":false,"template":"","format":"standard","meta":{"footnotes":""},"categories":[13,3],"tags":[],"class_list":["post-59968","post","type-post","status-publish","format-standard","has-post-thumbnail","hentry","category-featured","category-vaticano"],"_links":{"self":[{"href":"https:\/\/catolicanet.net\/wp-cnet\/wp-json\/wp\/v2\/posts\/59968","targetHints":{"allow":["GET"]}}],"collection":[{"href":"https:\/\/catolicanet.net\/wp-cnet\/wp-json\/wp\/v2\/posts"}],"about":[{"href":"https:\/\/catolicanet.net\/wp-cnet\/wp-json\/wp\/v2\/types\/post"}],"author":[{"embeddable":true,"href":"https:\/\/catolicanet.net\/wp-cnet\/wp-json\/wp\/v2\/users\/1"}],"replies":[{"embeddable":true,"href":"https:\/\/catolicanet.net\/wp-cnet\/wp-json\/wp\/v2\/comments?post=59968"}],"version-history":[{"count":1,"href":"https:\/\/catolicanet.net\/wp-cnet\/wp-json\/wp\/v2\/posts\/59968\/revisions"}],"predecessor-version":[{"id":59970,"href":"https:\/\/catolicanet.net\/wp-cnet\/wp-json\/wp\/v2\/posts\/59968\/revisions\/59970"}],"wp:featuredmedia":[{"embeddable":true,"href":"https:\/\/catolicanet.net\/wp-cnet\/wp-json\/wp\/v2\/media\/59969"}],"wp:attachment":[{"href":"https:\/\/catolicanet.net\/wp-cnet\/wp-json\/wp\/v2\/media?parent=59968"}],"wp:term":[{"taxonomy":"category","embeddable":true,"href":"https:\/\/catolicanet.net\/wp-cnet\/wp-json\/wp\/v2\/categories?post=59968"},{"taxonomy":"post_tag","embeddable":true,"href":"https:\/\/catolicanet.net\/wp-cnet\/wp-json\/wp\/v2\/tags?post=59968"}],"curies":[{"name":"wp","href":"https:\/\/api.w.org\/{rel}","templated":true}]}}