{"id":59964,"date":"2020-06-15T09:26:30","date_gmt":"2020-06-15T12:26:30","guid":{"rendered":"https:\/\/catolicanet.net\/wp-cnet\/?p=59964"},"modified":"2020-06-15T09:26:30","modified_gmt":"2020-06-15T12:26:30","slug":"nao-tenhais-medo-3","status":"publish","type":"post","link":"https:\/\/catolicanet.net\/wp-cnet\/nao-tenhais-medo-3\/","title":{"rendered":"N\u00c3O TENHAIS MEDO"},"content":{"rendered":"<p style=\"text-align: justify;\">Animadoras as palavras de Cristo: \u201cN\u00e3o tenhais medo&#8221; (Mt 10,26-33).<\/p>\n<p style=\"text-align: justify;\">N\u00e3o se trata dos temores fugitivos que atordoam a vida todos os dias.<\/p>\n<p style=\"text-align: justify;\">O grande receio que o crist\u00e3o deve vencer \u00e9, sobretudo, n\u00e3o testemunhar sua f\u00e9 e sua uni\u00e3o profunda com o divino Salvador. Num contexto hist\u00f3rico no qual se vive muitos, levados pelo respeito humano ou atemorizados por serem julgados ultrapassados diante das ilus\u00f3rias manifesta\u00e7\u00f5es do progresso tecnol\u00f3gico, correm o risco de negar por atos e palavras sua f\u00e9 no Filho de Deus.\u00a0 Este, por\u00e9m, havia<\/p>\n<p style=\"text-align: justify;\">advertido: \u201cV\u00f3s sereis odiados por causa do meu nome\u201d (Mt 10,2). Ele foi perseguido a ponto de morrer crucificado e, portanto, a raz\u00e3o de n\u00e3o se temer o julgamento dos descrentes \u00e9 que o destino de seu disc\u00edpulo \u00e9 imitar o seu Senhor, comprometido em tudo por Ele e com Ele. Se Ele venceu o mundo, apesar de tantos sofrimentos, a coragem deve imunizar seu seguidor contra o medo, triunfando de todas as ins\u00eddias armadas pelos meios de comunica\u00e7\u00e3o social. Trata-se de firmar sua f\u00e9 n\u00e3o obstante tantos desvios \u00e9ticos e dogm\u00e1ticos que marcam a hist\u00f3ria contempor\u00e2nea. Not\u00e1vel a afirma\u00e7\u00e3o de Jesus no Evangelho de hoje, \u201cn\u00e3o h\u00e1 nada encoberto que n\u00e3o se deva tornar conhecido, nem oculto que n\u00e3o se venha a saber&#8221; (v.26). Mais hora, menos hora sempre brilha a luz vitoriosa que o verdadeiro crist\u00e3o deve irradiar. Por meio de seus aut\u00eanticos disc\u00edpulos, que n\u00e3o se dobram perante os erros, Deus por eles, filhos e filhas fi\u00e9is a seu Evangelho, pode fazer luzir sempre no mundo o esplendor da verdade. O leg\u00edtimo crist\u00e3o \u00e9 portador deste Deus que revela e assim nada precisa temer das mudan\u00e7as culturais e hist\u00f3ricas, nem das doutrinas contr\u00e1rias ao que Jesus ensinou. O que se deve temer, Ele asseverou, \u00e9 o veneno irradiado pelo Maligno atrav\u00e9s dos canais televisivos, da internet em geral, isto deve ser evitado porque pode levar \u00e0 morte do corpo e da alma e lan\u00e7ar na geena, local de supl\u00edcio eterno pelo fogo. Este temor que \u00e9 inclusive um dos dons do Esp\u00edrito Santo \u00e9 o medo de perder a Deus por entre as ins\u00eddias diab\u00f3licas. O santo temor de Deus, no sentido b\u00edblico, \u00e9 respeito e afei\u00e7\u00e3o a tudo que se refere \u00e0 sabedoria e majestade divinas. Isto se consegue pela obedi\u00eancia filial perante as delicadezas daquele que \u00e9 Pai amoroso, o qual, segundo Jesus, conta at\u00e9 os cabelos da cabe\u00e7a de quem lhe \u00e9 leal. Deve-se, isto sim, temer n\u00e3o perceber a ternura do Pai que est\u00e1 nos c\u00e9us o qual se interessa pelos filhos que Lhe s\u00e3o devotados. Nada, portanto, de temer os ju\u00edzos mundanos e o falso esplendor do que contradiz o Evangelho, porque quem \u00e9 fiel a Deus cantar\u00e1 sempre um hino vitorioso por entre as lutas neste vale de l\u00e1grimas. O crist\u00e3o que tem uma f\u00e9 profunda confessa continuamente Cristo salvador e por suas a\u00e7\u00f5es se declara solid\u00e1rio a Ele em todo tempo e lugar, jamais O traindo. Perseveran\u00e7a sem ceder a nenhuma tenta\u00e7\u00e3o de impaci\u00eancia perante o aparente triunfo do mal e a multiplica\u00e7\u00e3o de tantas seitas que renegam a verdadeira Igreja de Cristo. Jesus, por\u00e9m, conta com a lealdade do autentico cat\u00f3lico que fica firme, irradiando por toda parte a santidade de vida que flui de sua fidelidade a seu Senhor. Tal \u00e9 o apelo do Mestre divino a proclamar \u201cN\u00e3o tenhais medo\u201d. A hostilidade do mundo passa e o crist\u00e3o estar\u00e1 sempre a repetir: \u201cCreio na Igreja una, santa, cat\u00f3lica e apost\u00f3lica\u201d, nela deparando todo consolo e amparo que vence qualquer temor que pode paralisar e desnortear. Atrav\u00e9s dos s\u00e9culos quantas turbul\u00eancias t\u00eam surgido, mas tudo resta nos arquivos da Hist\u00f3ria, lan\u00e7adas no passado. A Palavra de Deus, por\u00e9m, difundida pela Igreja segue seu curso inexor\u00e1vel e, assim, nada a temer. \u00c9 preciso exorcizar os fantasmas de progn\u00f3sticos pessimistas e crer sempre no triunfo da verdade, contribu\u00eddo para que a Palavra de Deus continue por toda parte a iluminar os cora\u00e7\u00f5es de boa vontade. Esta realidade n\u00e3o \u00e9 captada pelas c\u00e2maras da televis\u00e3o a endeusar a falsidade e a destacar sempre os crimes e n\u00e3o os atos virtuosos provindos da viv\u00eancia do Evangelho. \u00c9 preciso coragem para vencer estes obst\u00e1culos, temer, isto sim, as artimanhas do inimigo da salva\u00e7\u00e3o eterna de cada um. \u201cN\u00e3o tenhais medo\u201d nos diz Jesus, isto porque Deus \u00e9 fiel e firmar\u00e1 sempre quem o ama e teme na esperan\u00e7a e na paz e o testemunhar\u00e1 diante do Pai que est\u00e1 nos c\u00e9us.<\/p>\n","protected":false},"excerpt":{"rendered":"<p>Animadoras as palavras de Cristo: \u201cN\u00e3o tenhais medo&#8221; (Mt 10,26-33). N\u00e3o se trata dos temores fugitivos que atordoam a vida todos os dias. O grande receio que o crist\u00e3o deve vencer \u00e9, sobretudo, n\u00e3o testemunhar sua f\u00e9 e sua uni\u00e3o profunda com o divino Salvador. Num contexto hist\u00f3rico no qual se vive muitos, levados pelo [&hellip;]<\/p>\n","protected":false},"author":7,"featured_media":55813,"comment_status":"open","ping_status":"closed","sticky":false,"template":"","format":"standard","meta":{"footnotes":""},"categories":[9],"tags":[],"class_list":["post-59964","post","type-post","status-publish","format-standard","has-post-thumbnail","hentry","category-artigos"],"_links":{"self":[{"href":"https:\/\/catolicanet.net\/wp-cnet\/wp-json\/wp\/v2\/posts\/59964","targetHints":{"allow":["GET"]}}],"collection":[{"href":"https:\/\/catolicanet.net\/wp-cnet\/wp-json\/wp\/v2\/posts"}],"about":[{"href":"https:\/\/catolicanet.net\/wp-cnet\/wp-json\/wp\/v2\/types\/post"}],"author":[{"embeddable":true,"href":"https:\/\/catolicanet.net\/wp-cnet\/wp-json\/wp\/v2\/users\/7"}],"replies":[{"embeddable":true,"href":"https:\/\/catolicanet.net\/wp-cnet\/wp-json\/wp\/v2\/comments?post=59964"}],"version-history":[{"count":1,"href":"https:\/\/catolicanet.net\/wp-cnet\/wp-json\/wp\/v2\/posts\/59964\/revisions"}],"predecessor-version":[{"id":59965,"href":"https:\/\/catolicanet.net\/wp-cnet\/wp-json\/wp\/v2\/posts\/59964\/revisions\/59965"}],"wp:featuredmedia":[{"embeddable":true,"href":"https:\/\/catolicanet.net\/wp-cnet\/wp-json\/wp\/v2\/media\/55813"}],"wp:attachment":[{"href":"https:\/\/catolicanet.net\/wp-cnet\/wp-json\/wp\/v2\/media?parent=59964"}],"wp:term":[{"taxonomy":"category","embeddable":true,"href":"https:\/\/catolicanet.net\/wp-cnet\/wp-json\/wp\/v2\/categories?post=59964"},{"taxonomy":"post_tag","embeddable":true,"href":"https:\/\/catolicanet.net\/wp-cnet\/wp-json\/wp\/v2\/tags?post=59964"}],"curies":[{"name":"wp","href":"https:\/\/api.w.org\/{rel}","templated":true}]}}