{"id":59958,"date":"2020-06-14T09:21:36","date_gmt":"2020-06-14T12:21:36","guid":{"rendered":"https:\/\/catolicanet.net\/wp-cnet\/?p=59958"},"modified":"2020-06-15T09:22:17","modified_gmt":"2020-06-15T12:22:17","slug":"enviai-operarios-a-messe","status":"publish","type":"post","link":"https:\/\/catolicanet.net\/wp-cnet\/enviai-operarios-a-messe\/","title":{"rendered":"ENVIAI OPER\u00c1RIOS \u00c0 MESSE"},"content":{"rendered":"<p style=\"text-align: justify;\">Ap\u00f3s a grande solenidade de Pentecostes, celebrada no Domingo retrasado, voltamos \u00e0quele que \u00e9 chamado o Tempo Comum dentro da Liturgia. \u00c9 chamado de comum n\u00e3o num sentido que evoque descaso, mas sim que a cada dia, em especial aos domingos, seremos chamados a celebrar todo o mist\u00e9rio de Cristo, n\u00e3o somente aspectos espec\u00edficos conforme temos nos tempos fortes da Liturgia. Por isso, a Igreja enquanto caminha na hist\u00f3ria, tem no ritmo proposto pelo tempo lit\u00fargico um instrumento eficaz de orienta\u00e7\u00e3o e anima\u00e7\u00e3o de sua vida de f\u00e9.<\/p>\n<p style=\"text-align: justify;\">Retomamos o tempo comum celebrando na semana passada a solenidade do mist\u00e9rio de Deus, a solenidade da Sant\u00edssima Trindade: Deus Uno na Trindade e Trino na Unidade, grande marca da vida da Igreja enquanto mist\u00e9rio de comunh\u00e3o.<\/p>\n<p style=\"text-align: justify;\">Na quinta passada, tivemos a oportunidade de celebrar a solenidade de Corpus Christi, de uma forma diferenciada devido \u00e0s atuais circunst\u00e2ncias. Mas tivemos a oportunidade de revalorizar a presen\u00e7a de Jesus em cada Sacr\u00e1rio do mundo. Agora que estamos confinados em casa, \u00e9 sempre bom lembrarmos do sacr\u00e1rio que temos mais pr\u00f3ximo de nossa casa e lembrar de que ali est\u00e1 a presen\u00e7a Viva do Senhor que vela por n\u00f3s.<\/p>\n<p style=\"text-align: justify;\">N\u00e3o podemos nos esquecer de todas as riquezas espirituais que temos dirigidas a n\u00f3s neste m\u00eas de junho: al\u00e9m das j\u00e1 citadas, temos tamb\u00e9m a solenidade do sagrado Cora\u00e7\u00e3o de Jesus e a mem\u00f3ria do Imaculado Cora\u00e7\u00e3o de Maria e as importantes celebra\u00e7\u00f5es dos santos juninos: Santo Ant\u00f4nio no dia 13, S\u00e3o Jo\u00e3o no dia 24 e S\u00e3o Pedro e S\u00e3o Paulo no dia 29. A santidade \u00e9 o rosto da Igreja. A oportunidade de celebrar esses santos t\u00e3o queridos da devo\u00e7\u00e3o popular s\u00e3o uma oportunidade de mostrar como o Reino de Deus \u00e9 uma realidade desejada por si mesma e que corresponde aos desejos mais profundos existentes no cora\u00e7\u00e3o do ser humano.<\/p>\n<p style=\"text-align: justify;\">A volta das celebra\u00e7\u00f5es pr\u00f3prias do tempo comum acontece em circunst\u00e2ncias bastante penosas para todos n\u00f3s. Que n\u00e3o deixemos de passar por este tempo a partir da f\u00e9, deixando que a s circunst\u00e2ncias, mesmo as mais adversas, sejam uma eficaz oportunidade de nos aproximar de Deus e renovar nossa vida de f\u00e9.<\/p>\n<p style=\"text-align: justify;\">O evangelho deste domingo (Mt 9,36-10,8), mostra Jesus que sente compaix\u00e3o pela multid\u00e3o que anda cansada e abatida como ovelhas que n\u00e3o tem pastor, fala da import\u00e2ncia de clamar ao Senhor da Messe para que mande oper\u00e1rios e temos o epis\u00f3dio da escolha dos 12, com o envio a continuarem a miss\u00e3o de Jesus. Muitos s\u00e3o os momentos que nos levam a estar cansados e abatidos. Nesse ano em especial, estes n\u00e3o nos faltam. Quantas s\u00e3o as vezes que experimentamos nossas fragilidades ou ainda somos participantes da fragilidade dos outros.<\/p>\n<p style=\"text-align: justify;\">Mesmo nessa situa\u00e7\u00e3o de cansa\u00e7o e abatimento, Cristo n\u00e3o se distancia do seu povo. Ali\u00e1s, se aproxima ainda mais. Assim tamb\u00e9m a Igreja fez e faz ao longo do tempo: por mais que as situa\u00e7\u00f5es sejam contr\u00e1rias, a Igreja n\u00e3o se afasta de seu povo, buscando as mais variadas formas, at\u00e9 mesmo usando as m\u00eddias digitais, para estar pr\u00f3xima e ser presen\u00e7a viva de Cristo em meio ao povo. Podemos dizer que esta atitude de estar pr\u00f3xima e cuidar est\u00e1 na origem da vida da pr\u00f3pria Igreja, tendo ela a miss\u00e3o de ter o cora\u00e7\u00e3o como o de Jesus, manso, humilde e misericordioso.<\/p>\n<p style=\"text-align: justify;\">Quando aqui o Evangelho faz refer\u00eancia a pedir ao Senhor que mande oper\u00e1rios, costumamos nos referir \u00e0s voca\u00e7\u00f5es sacerdotais. Mas gostaria de fazer refer\u00eancia \u00e0 voca\u00e7\u00e3o mission\u00e1ria da Igreja, onde todos somos chamados a ser esses oper\u00e1rios da messe em nossas pastorais, movimentos e dia a dia de nossas comunidades. No chamado dos 12, as recomenda\u00e7\u00f5es dadas aos ap\u00f3stolos, d\u00e1 a miss\u00e3o de recuperar as ovelhas perdidas do povo de Deus e posteriormente vai enviar aos homens de toda a terra (Ide pelo mundo inteiro&#8230;). S\u00e3o chamados para anunciar a presen\u00e7a de Deus e comunicar a boa nova. Ainda hoje, quantos s\u00e3o os batizados e crismados que temos pelo mundo e que precisam ser novamente evangelizados, conforme nos recordou S. Jo\u00e3o Paulo II, a evangeliza\u00e7\u00e3o dos batizados, a nova Evangeliza\u00e7\u00e3o. Assim como os que vivem ativamente a vida da Igreja, as ovelhas desgarradas s\u00e3o chamadas a reacender a chama do primeiro amor e deixar que a chama viva da f\u00e9 ilumine suas vidas e seus caminhos.<\/p>\n<p style=\"text-align: justify;\">\u00c9 nesse aspecto da Igreja que \u00e9 chamada a anunciar a Boa Nova em meio a uma sociedade marcada pelo cansa\u00e7o e abatimento que a primeira leitura, tirada do livro do \u00caxodo (\u00cax 19,2-6\u00aa) vai mostrar Deus que chama Mois\u00e9s ao Monte Sinai, pede para que recorde ao povo as maravilhas realizadas na liberta\u00e7\u00e3o do Egito e na caminhada pelo deserto, e pede a fidelidade para que possam ser constitu\u00eddos uma na\u00e7\u00e3o santa. Chamados a ser constitu\u00eddos povo de Deus, como o salmo de resposta (Sl 99) vai dizer: <em>N\u00f3s somos o povo e o rebanho do Senhor. <\/em>A consci\u00eancia de sermos escolhidos pelo Senhor deve alegrar a nossa exist\u00eancia, n\u00e3o porque somos melhores, mas sim chamados para ser aqueles que servem os irm\u00e3os.<\/p>\n<p style=\"text-align: justify;\">A segunda Leitura, da Carta de S\u00e3o Paulo aos Romanos (Rm 5,6-11), Paulo vai explicitar as maravilhas do amor de Deus por n\u00f3s, fazendo refer\u00eancia ao sacrif\u00edcio da cruz, quando \u00e9ramos ainda pecadores. O Senhor nos escolhe para sermos um povo de santidade e de servidores, n\u00e3o por m\u00e9rito nosso, mas por pura liberalidade Divina, n\u00e3o porque somos bons, mas porque Deus \u00e9 bom. Somos chamados a ser aqueles que fazem a experi\u00eancia da miseric\u00f3rdia de Deus.<\/p>\n<p style=\"text-align: justify;\">Portanto, que com entusiasmo vivamos nossa voca\u00e7\u00e3o e o nosso chamado. Que todo crist\u00e3o cat\u00f3lico possa redescobrir a sua miss\u00e3o de servidor dos homens a exemplo de Jesus. Que possamos prosseguir nosso caminho de fidelidade a Cristo sabendo que n\u00e3o somos mais do que ningu\u00e9m, mas sempre lembrando o que seria de n\u00f3s se n\u00e3o f\u00f4ssemos resgatados pelas maravilhas da Gra\u00e7a. Que Deus aben\u00e7oe e guarde a todos.<\/p>\n","protected":false},"excerpt":{"rendered":"<p>Ap\u00f3s a grande solenidade de Pentecostes, celebrada no Domingo retrasado, voltamos \u00e0quele que \u00e9 chamado o Tempo Comum dentro da Liturgia. \u00c9 chamado de comum n\u00e3o num sentido que evoque descaso, mas sim que a cada dia, em especial aos domingos, seremos chamados a celebrar todo o mist\u00e9rio de Cristo, n\u00e3o somente aspectos espec\u00edficos conforme [&hellip;]<\/p>\n","protected":false},"author":5,"featured_media":55819,"comment_status":"open","ping_status":"closed","sticky":false,"template":"","format":"standard","meta":{"footnotes":""},"categories":[9],"tags":[],"class_list":["post-59958","post","type-post","status-publish","format-standard","has-post-thumbnail","hentry","category-artigos"],"_links":{"self":[{"href":"https:\/\/catolicanet.net\/wp-cnet\/wp-json\/wp\/v2\/posts\/59958","targetHints":{"allow":["GET"]}}],"collection":[{"href":"https:\/\/catolicanet.net\/wp-cnet\/wp-json\/wp\/v2\/posts"}],"about":[{"href":"https:\/\/catolicanet.net\/wp-cnet\/wp-json\/wp\/v2\/types\/post"}],"author":[{"embeddable":true,"href":"https:\/\/catolicanet.net\/wp-cnet\/wp-json\/wp\/v2\/users\/5"}],"replies":[{"embeddable":true,"href":"https:\/\/catolicanet.net\/wp-cnet\/wp-json\/wp\/v2\/comments?post=59958"}],"version-history":[{"count":1,"href":"https:\/\/catolicanet.net\/wp-cnet\/wp-json\/wp\/v2\/posts\/59958\/revisions"}],"predecessor-version":[{"id":59959,"href":"https:\/\/catolicanet.net\/wp-cnet\/wp-json\/wp\/v2\/posts\/59958\/revisions\/59959"}],"wp:featuredmedia":[{"embeddable":true,"href":"https:\/\/catolicanet.net\/wp-cnet\/wp-json\/wp\/v2\/media\/55819"}],"wp:attachment":[{"href":"https:\/\/catolicanet.net\/wp-cnet\/wp-json\/wp\/v2\/media?parent=59958"}],"wp:term":[{"taxonomy":"category","embeddable":true,"href":"https:\/\/catolicanet.net\/wp-cnet\/wp-json\/wp\/v2\/categories?post=59958"},{"taxonomy":"post_tag","embeddable":true,"href":"https:\/\/catolicanet.net\/wp-cnet\/wp-json\/wp\/v2\/tags?post=59958"}],"curies":[{"name":"wp","href":"https:\/\/api.w.org\/{rel}","templated":true}]}}