{"id":59956,"date":"2020-06-13T09:20:37","date_gmt":"2020-06-13T12:20:37","guid":{"rendered":"https:\/\/catolicanet.net\/wp-cnet\/?p=59956"},"modified":"2020-06-15T09:21:23","modified_gmt":"2020-06-15T12:21:23","slug":"nas-pegadas-de-santo-antonio","status":"publish","type":"post","link":"https:\/\/catolicanet.net\/wp-cnet\/nas-pegadas-de-santo-antonio\/","title":{"rendered":"Nas pegadas de Santo Ant\u00f4nio"},"content":{"rendered":"<p style=\"text-align: justify;\">Como ocorre os s\u00e1bados, tamb\u00e9m hoje, dia de Santo Ant\u00f4nio celebramos a eucaristia pelas m\u00eddias o \u201cRio Celebra\u201d. Depois das inten\u00e7\u00f5es v\u00e1rias e saudar ao Brasil que de modo diferente vai aos poucos retomando as celebra\u00e7\u00f5es presenciais em alguns locais pudemos vivenciar esse momento solene do s\u00e1bado de manh\u00e3.<\/p>\n<p style=\"text-align: justify;\">Celebramos a mem\u00f3ria de Santo Ant\u00f4nio de P\u00e1dua ou de Lisboa, que nasceu no finalzinho do s\u00e9culo XII, e viveu no s\u00e9culo XIII, durante seus 35, 36 anos de vida. Foi umas das mais r\u00e1pidas canoniza\u00e7\u00f5es da hist\u00f3ria. Em menos de um ano, estava canonizado. E celebramos tamb\u00e9m os 800 anos dos M\u00e1rtires de Marrocos, e o jubileu dos 800 anos do in\u00edcio da vida franciscana de Santo Ant\u00f4nio depois de ter sido do educado e ter feito seus estudos de Teologia na Ordem de Santa Cruz, que segue a regra Agostiniana. De Lisboa o nosso santo concluiu seus estudos em Coimbra e em 1220 ali chegaram os M\u00e1rtires de Marrocos, franciscanos que o fundador, Francisco de Assis tinha enviado em miss\u00e3o no norte da \u00c1frica. Foi com esse testemunho que o nosso santo quis tornar-se franciscano para ir como mission\u00e1rio na \u00c1frica.<\/p>\n<p style=\"text-align: justify;\">Hoje, para a maioria do nosso povo brasileiro, \u00e9 uma grande festa popular: Santo Ant\u00f4nio. Um dos santos juninos que, em outros tempos sempre acontecera com os folguedos junino e com grande concurso de povo. \u00c9 uma tradi\u00e7\u00e3o bonita, tanto celebrativa como a trezena ou novena de Santo Ant\u00f4nio e com as festas folcl\u00f3ricas do povo brasileiro. Neste ano, devido \u00e0s v\u00e1rias circunst\u00e2ncias, como n\u00f3s sabemos, a nossa celebra\u00e7\u00e3o \u00e9 solene porque \u00e9 um grande homem de Deus, mas n\u00e3o conta com os festejos externos e nem tampouco com a presen\u00e7a do nosso povo em nossas igrejas, que normalmente lota nossos templos nesse dia, por\u00e9m, agora est\u00e3o lotando as igrejas virtuais, que se re\u00fanem como Igreja dom\u00e9stica, que est\u00e1 em cada casa. N\u00f3s nos reunimos para agradecer a Deus pelo grande dom do exemplo de Santo Ant\u00f4nio de P\u00e1dua ou de Lisboa. Como n\u00f3s temos na Igreja tantos homens e mulheres de Deus, que nos deixam belos exemplos, bel\u00edssimos exemplos.<\/p>\n<p style=\"text-align: justify;\">\n<p style=\"text-align: justify;\">A Leitura Primeira de hoje (cf. 1Rs 19,19-21) ressalta-se Elias, que faz um gesto, que \u00e9 um gesto da voca\u00e7\u00e3o de Eliseu, quando joga o seu manto nas costas de Eliseu significando que ele seria o seu sucessor na miss\u00e3o prof\u00e9tica. E Eliseu, depois de se despedir da sua fam\u00edlia, como sinal de um novo come\u00e7a, queima tudo aquilo que era o seu trabalho, da junta de bois, e inclusive faz com isso festa de despedida, deixando para tr\u00e1s tudo aquilo que era sua vida anterior, para dedicar-se sua vida de profeta, despojado de tudo aquilo que era seu sustento, para entregar-se totalmente ao Senhor, sucedendo a Elias. Havia poucos profetas naquela \u00e9poca. Havia muito mais falsos profetas de falsos deuses. A firmeza e fortaleza de Elias j\u00e1 era a a\u00e7\u00e3o do Esp\u00edrito Santo ia conduzindo toda a hist\u00f3ria do povo eleito, do povo de Deus.<\/p>\n<p style=\"text-align: justify;\">A Palavra de Deus hoje no Evangelho (cf. Mt 5,33-37) nos fala que aqueles que s\u00e3o chamados para o servi\u00e7o do Reino dos Profetas de hoje, os anunciadores do Evangelho de hoje, s\u00e3o chamados a tamb\u00e9m a ter uma sinceridade muito clara na sua vida.<\/p>\n<p style=\"text-align: justify;\">Estamos no Serm\u00e3o da Montanha, que fala ao homem novo, do caminhar para ser o homem novo, daquilo que o Esp\u00edrito Santo quer construir na vida dos crist\u00e3os e que fala que o \u201csim\u201d deve ser \u201csim\u201d e o \u201cn\u00e3o\u201d deve ser \u201cn\u00e3o\u201d, n\u00e3o precisa jurar nem por Deus, nem pelos seus pr\u00f3prios cabelos. Mas essa sinceridade para dizer o \u201csim\u201d ou dizer o \u201cn\u00e3o\u201d, como faz parte pouco da vida do profeta, como de cada Crist\u00e3o, tamb\u00e9m.<\/p>\n<p style=\"text-align: justify;\">Em um mundo de tantas \u201cfakes news\u201d que temos hoje, tantas falsidades ao nosso redor, tantas manobras e manipula\u00e7\u00f5es, at\u00e9 mesmo as not\u00edcias que chegam at\u00e9 n\u00f3s, not\u00edcias das mais variadas at\u00e9 sobre o rem\u00e9dio, quest\u00e3o de n\u00fameros, tantas coisas mais que v\u00e3o acontecendo, as pessoas hoje n\u00e3o sabem aonde est\u00e1 a verdade, de tantas situa\u00e7\u00f5es que existem.<\/p>\n<p style=\"text-align: justify;\">E n\u00f3s, quantas vezes n\u00f3s somos manipulados pelas pessoas ao nosso redor. Por isso mesmo a Palavra de Deus hoje nos coloca sobre essa sinceridade de cora\u00e7\u00e3o. O homem novo \u00e9 aquele que \u00e9 transparente, que diz \u201csim\u201d quando \u00e9 \u201csim\u201d e \u201cn\u00e3o\u201d quando \u00e9 \u201cn\u00e3o\u201d. E, ao mesmo tempo, n\u00e3o faz isso com rancor, nem \u00f3dio no cora\u00e7\u00e3o, mas com a sinceridade do cora\u00e7\u00e3o como aquele que recebeu justamente a miss\u00e3o prof\u00e9tica de levar adiante o seu trabalho de anunciar ao Reino.<\/p>\n<p style=\"text-align: justify;\">Santo Ant\u00f4nio foi um homem assim. Ele teve que combater umas heresias, mas, ao mesmo tempo, foi algu\u00e9m que procurou em tudo evangelizar, foi chamado Doutor do Evangelho, porque tanto pregou o Evangelho, e algu\u00e9m que se colocou na humildade.<\/p>\n<p style=\"text-align: justify;\">Vemos em Santo Ant\u00f4nio o grande mission\u00e1rio, que longe de ficar com medo de ver os m\u00e1rtires chegando em Coimbra, onde estava ainda como padre, ele sentiu seu impulso de ir como mission\u00e1ria l\u00e1 onde tinham sido martirizados esses franciscanos.<\/p>\n<p style=\"text-align: justify;\">Quis a circunst\u00e2ncia que n\u00e3o acontecesse devido a doen\u00e7a. E, ao retornar para a Europa, acaba aportando na It\u00e1lia e faz sua caminhada at\u00e9 Assis, onde se encontra com S\u00e3o Francisco de Assis. Durante muito tempo, passa a ser um franciscano, fazendo seu trabalho de cada dia. At\u00e9 que um belo dia, por necessidade, ningu\u00e9m tinha preparado um serm\u00e3o para uma ordena\u00e7\u00e3o, o chamam e ele faz uma bel\u00edssima prega\u00e7\u00e3o e essa prega\u00e7\u00e3o, de tal maneira, mostra a Teologia que j\u00e1 havia aprendido, a B\u00edblia, patr\u00edstica, enquanto estava em Coimbra e em Lisboa, Portugal, e dali para frente passa a ser n\u00e3o s\u00f3 grande pregador, mas tamb\u00e9m o instrutor dos franciscanos que estava nascendo, orientando nesse aprofundamento do conhecimento da f\u00e9.<\/p>\n<p style=\"text-align: justify;\">E isso o faz com toda humildade, enquanto n\u00e3o foi chamado a viver humildemente sua vida como um bom franciscano; quando foi chamado, exerceu sua miss\u00e3o de pregador a tal ponto que as multid\u00f5es acorriam para ouvi-lo, mas tamb\u00e9m havia aqueles que n\u00e3o queriam escutar, e sabia como ningu\u00e9m falar da verdadeira f\u00e9 nas pessoas.<\/p>\n<p style=\"text-align: justify;\">Nesse ponto h\u00e1 muitos epis\u00f3dios da sua vida que ilustram um pouco essa fama de grande pregador do Evangelho, o Serm\u00e3o aos Peixes a quest\u00e3o do animal que se ajoelha diante da Eucaristia, tendo fome e n\u00e3o vai a ra\u00e7\u00e3o. A quest\u00e3o de tantas situa\u00e7\u00f5es que ele passa, combatendo as heresias e tantas coisas que se contam que ilustram um pouco essa sua vida. Com apenas 35 para 36 anos, ele volta para casa do pai. Morre em P\u00e1dua e ali vai ficar justamente seus restos mortais. E depois, quando faz exuma\u00e7\u00e3o do seu corpo, ir\u00e3o ver que a l\u00edngua continua intacta mostrando que quem prega o Evangelho \u00e9 um sinal de grande pregador.<\/p>\n<p style=\"text-align: justify;\">Foi uma das beatifica\u00e7\u00f5es e canoniza\u00e7\u00f5es mais r\u00e1pidas da hist\u00f3ria da Igreja. Menos de onze meses j\u00e1 estava canonizado, pois o povo tamb\u00e9m j\u00e1 o tinha canonizado. Hoje seria imposs\u00edvel isso porque, para come\u00e7ar o processo de beatifica\u00e7\u00e3o, precisa cumprir um tempo de cinco anos ap\u00f3s a morte.<\/p>\n<p style=\"text-align: justify;\">Admir\u00e1vel \u00e9 Deus nos seus santos! Desde os 15 anos come\u00e7ou toda a sua trajet\u00f3ria na vida religiosa e sacerdotal E, j\u00e1 com 25 anos, praticamente, j\u00e1 tinha come\u00e7ado sua caminhada para a vida franciscana, para inclusive para ir para o mart\u00edrio. Morre relativamente jovem com 36 anos. Admir\u00e1vel em sua vida mission\u00e1ria, com conhecimento b\u00edblico, patr\u00edstico, teol\u00f3gico al\u00e9m das l\u00ednguas faladas na regi\u00e3o \u2013 um belo entusiasmo de um cora\u00e7\u00e3o jovem e cheio de f\u00e9, vivenciando a Palavra de Deus.<\/p>\n<p style=\"text-align: justify;\">Assim como Eliseu, ele recebeu esse manto da voca\u00e7\u00e3o e colocou-o sobre seus ombros e viveu intensamente, deixando tudo para tr\u00e1s, toda a sua vida de fam\u00edlia de posses e de bem-estar para viver pobremente na vida franciscana a servi\u00e7o do Reino de Deus. Viveu com humildade, n\u00e3o se vangloriando dos seus t\u00edtulos, enquanto n\u00e3o foi chamado a servir como pregado e professor. At\u00e9 hoje a sua fama continua marcando as nossas vidas.<\/p>\n<p style=\"text-align: justify;\">Pensamos tamb\u00e9m que ele, como sempre foi muito positivo no seu \u201csim\u201d e no seu \u201cn\u00e3o\u201d, no an\u00fancio do Evangelho que nos inspira, tamb\u00e9m a cada um de n\u00f3s, no caminho da Santidade que \u00e9 o caminho que todos n\u00f3s vamos. N\u00e3o importa ser beatificado ou canonizado: o importante \u00e9 que n\u00f3s somos chamados Santidade, e esse \u00e9 o caminho de todos n\u00f3s, e que Santo Ant\u00f4nio nos aponta e nos mostra como chegar.<\/p>\n<p style=\"text-align: justify;\">Ao concluir esta celebra\u00e7\u00e3o, olhamos com carinho um pouco para nossa Arquidiocese e dizer que n\u00f3s estamos muito unidos a todas as par\u00f3quias de Santo Ant\u00f4nio. N\u00f3s bispos e os demais auxiliares t\u00ednhamos marcado celebra\u00e7\u00f5es durante esses dias, da trezena, novena, dia da festa nas par\u00f3quias dedicadas a Santo Ant\u00f4nio. A Igreja, no entanto, mesmo com a limita\u00e7\u00f5es hodiernas, com a sua criatividade, encontra novos caminhos para evangeliza\u00e7\u00e3o, mesmo quando h\u00e1 obst\u00e1culos e dificuldades para aquilo que sempre fizeram como \u00e9 prepara\u00e7\u00e3o para festa de um padroeiro. Saudamos tamb\u00e9m as par\u00f3quias do Brasil que levam o nome de Santo Ant\u00f4nio, para que sejam momentos importantes na pr\u00f3pria vida.<\/p>\n<p style=\"text-align: justify;\">Nossa sauda\u00e7\u00e3o aos que celebram o onom\u00e1stico hoje e todas as pessoas que t\u00eam sua devo\u00e7\u00e3o ou s\u00e3o paroquianas de alguma par\u00f3quia de Santo Ant\u00f4nio, o nosso abra\u00e7o \u2013 que possam ver em Santo Ant\u00f4nio um grande exemplo de crist\u00e3o, de homem de Deus, de pessoa que nos ajuda a viver tamb\u00e9m a nossa vida de crist\u00e3o, nos dias de hoje, nos tempos atuais, que \u00e9 a viv\u00eancia da santidade, porque ela ultrapassa os s\u00e9culos, ultrapassa os tempos para ser cada vez mais o sinal do presente, daqueles que s\u00e3o chamados a viver e a colocar em pr\u00e1tica o evangelho; a sermos mission\u00e1rios evangelizadores que, com alegria, anunciam Jesus Cristo porque O encontraram. E, por t\u00ea-lO encontrado, n\u00e3o tem outro jeito de viver a n\u00e3o ser como bom crist\u00e3o.<\/p>\n<p style=\"text-align: justify;\">E, por fim, n\u00f3s queremos cumprimentar a Rede Vida de Televis\u00e3o: no pr\u00f3ximo s\u00e1bado, dia 20, ela completa 25 anos que come\u00e7ou a sua programa\u00e7\u00e3o. O primeiro programa que foi ao ar, no dia primeiro de maio, h\u00e1 25 anos, foi a missa. A missa feita especialmente para televis\u00e3o, como era na \u00e9poca a ideia de se colocar uma missa, onde n\u00e3o existia o povo porque o povo era todo espalhado por todos os cantos do Brasil. 1\u00ba de Maio, a primeira missa que foi ao ar, depois de um tempo de prepara\u00e7\u00e3o, com a estrela da Rede Vida, aguardando o seu lugar no sat\u00e9lite na \u00e9poca. E, dia 20 de junho, foi quando entrou a programa\u00e7\u00e3o no ar. Que sejamos sempre animados evangelizadores como Santo Ant\u00f4nio que hoje celebramos.<\/p>\n","protected":false},"excerpt":{"rendered":"<p>Como ocorre os s\u00e1bados, tamb\u00e9m hoje, dia de Santo Ant\u00f4nio celebramos a eucaristia pelas m\u00eddias o \u201cRio Celebra\u201d. Depois das inten\u00e7\u00f5es v\u00e1rias e saudar ao Brasil que de modo diferente vai aos poucos retomando as celebra\u00e7\u00f5es presenciais em alguns locais pudemos vivenciar esse momento solene do s\u00e1bado de manh\u00e3. Celebramos a mem\u00f3ria de Santo Ant\u00f4nio [&hellip;]<\/p>\n","protected":false},"author":5,"featured_media":55819,"comment_status":"open","ping_status":"closed","sticky":false,"template":"","format":"standard","meta":{"footnotes":""},"categories":[9],"tags":[],"class_list":["post-59956","post","type-post","status-publish","format-standard","has-post-thumbnail","hentry","category-artigos"],"_links":{"self":[{"href":"https:\/\/catolicanet.net\/wp-cnet\/wp-json\/wp\/v2\/posts\/59956","targetHints":{"allow":["GET"]}}],"collection":[{"href":"https:\/\/catolicanet.net\/wp-cnet\/wp-json\/wp\/v2\/posts"}],"about":[{"href":"https:\/\/catolicanet.net\/wp-cnet\/wp-json\/wp\/v2\/types\/post"}],"author":[{"embeddable":true,"href":"https:\/\/catolicanet.net\/wp-cnet\/wp-json\/wp\/v2\/users\/5"}],"replies":[{"embeddable":true,"href":"https:\/\/catolicanet.net\/wp-cnet\/wp-json\/wp\/v2\/comments?post=59956"}],"version-history":[{"count":1,"href":"https:\/\/catolicanet.net\/wp-cnet\/wp-json\/wp\/v2\/posts\/59956\/revisions"}],"predecessor-version":[{"id":59957,"href":"https:\/\/catolicanet.net\/wp-cnet\/wp-json\/wp\/v2\/posts\/59956\/revisions\/59957"}],"wp:featuredmedia":[{"embeddable":true,"href":"https:\/\/catolicanet.net\/wp-cnet\/wp-json\/wp\/v2\/media\/55819"}],"wp:attachment":[{"href":"https:\/\/catolicanet.net\/wp-cnet\/wp-json\/wp\/v2\/media?parent=59956"}],"wp:term":[{"taxonomy":"category","embeddable":true,"href":"https:\/\/catolicanet.net\/wp-cnet\/wp-json\/wp\/v2\/categories?post=59956"},{"taxonomy":"post_tag","embeddable":true,"href":"https:\/\/catolicanet.net\/wp-cnet\/wp-json\/wp\/v2\/tags?post=59956"}],"curies":[{"name":"wp","href":"https:\/\/api.w.org\/{rel}","templated":true}]}}