{"id":59954,"date":"2020-06-14T09:19:28","date_gmt":"2020-06-14T12:19:28","guid":{"rendered":"https:\/\/catolicanet.net\/wp-cnet\/?p=59954"},"modified":"2020-06-15T09:20:15","modified_gmt":"2020-06-15T12:20:15","slug":"11o-domingo-do-tempo-comum","status":"publish","type":"post","link":"https:\/\/catolicanet.net\/wp-cnet\/11o-domingo-do-tempo-comum\/","title":{"rendered":"11\u00ba DOMINGO DO TEMPO COMUM"},"content":{"rendered":"<p style=\"text-align: justify;\"><em>\u201cA Messe \u00e9 grande, mas os trabalhadores s\u00e3o poucos. Pedi pois ao dono da messe que envie trabalhadores para a sua colheita!\u201d (Mt 9, 37-38)<\/em><\/p>\n<p style=\"text-align: justify;\"><em>\u00a0<\/em><\/p>\n<p style=\"text-align: justify;\">\u00a0\u00a0\u00a0\u00a0\u00a0\u00a0\u00a0\u00a0 Neste domingo, as leituras leva-nos ao discurso da miss\u00e3o e da institui\u00e7\u00e3o de \u201cpovos de sacerdotes\u201d, que Deus nos fez e nos faz a todo momento como Igreja Peregrina, prepara-nos para o alcance da Igreja Triunfante.<\/p>\n<p style=\"text-align: justify;\">\u00a0\u00a0\u00a0\u00a0\u00a0\u00a0\u00a0\u00a0 Na primeira leitura, extra\u00edda do livro do \u00caxodo 19, 2 \u2013 6a, ap\u00f3s a sa\u00edda dos filhos de Israel do Egito, Deus os leva ao deserto de Sinai e convoca a Mois\u00e9s a subir ao Seu encontro, onde Deus reafirmar a Alian\u00e7a se eles guardares e ouvirdes a voz, pois como demonstrado <em>\u201cVistes o que fiz aos eg\u00edpcios, e como vos levei sobre asas de \u00e1guia e vos trouxe a mim\u201d (Ex 19,4).<\/em> Tudo isto, Deus fez com a proposta de entrar em intimidade, estabelecendo la\u00e7os de comunh\u00e3o e de familiaridade. E para este mesmo povo, \u00e9 confiado a miss\u00e3o sacerdotal, reservados ao servi\u00e7o de Deus.<\/p>\n<p style=\"text-align: justify;\">\u00a0\u00a0\u00a0\u00a0\u00a0\u00a0\u00a0\u00a0 O Salmo 99 traz a resposta deste povo <em>\u201cN\u00f3s somos o povo e o rebanho do Senhor\u201d.<\/em> Ora, a confian\u00e7a se d\u00e1 na maneira de aceitar a miss\u00e3o e o j\u00fabilo que n\u00f3s, tamb\u00e9m, coerdeiros deste povo eleito em seguir a voz do Senhor, afinal <em>\u201csua bondade perdura para sempre, seu amor \u00e9 fiel eternamente!\u201d<\/em><\/p>\n<p style=\"text-align: justify;\"><em>\u00a0\u00a0\u00a0\u00a0\u00a0\u00a0\u00a0\u00a0 <\/em>O Evangelho traz o discurso da miss\u00e3o (Mt 9, 36 \u2013 10, 8), em que Cristo compadece das multid\u00f5es e chama os doze disc\u00edpulos para curar os doentes, ressuscitar os mortos, purificar os leprosos e expulsar os dem\u00f4nios; miss\u00e3o da anuncia\u00e7\u00e3o de que <em>\u201cO Reino dos C\u00e9us est\u00e1 pr\u00f3ximo\u201d (Mt 10, 7b).<\/em> Esses \u201cdoze\u201d ser\u00e3o os continuadores da miss\u00e3o de Jesus e dever\u00e3o levar a proposta de salva\u00e7\u00e3o e de liberta\u00e7\u00e3o que Deus fez aos homens em Jesus, a toda a terra.<\/p>\n<p style=\"text-align: justify;\">\u00a0\u00a0\u00a0\u00a0\u00a0\u00a0\u00a0\u00a0 E a segunda leitura, Romanos 5, 6-11, nos recorda que fomos justificados pela morte de Cristo, pois antes \u00e9ramos fracos e, ap\u00f3s a Paix\u00e3o do Senhor, fomos reconciliados e salvos pela vida entregue por n\u00f3s. Ora, nossa miss\u00e3o \u00e9 dar testemunho deste Amor gratuito de Deus, atrav\u00e9s do Sangue derramado e glorificado de Jesus Cristo. Amor este que \u00e9 eterno, inquebr\u00e1vel, gratuito e absolutamente \u00fanico.<\/p>\n<p style=\"text-align: justify;\">\u00a0\u00a0\u00a0\u00a0\u00a0\u00a0\u00a0\u00a0 Certo disto, confiantes no alcance no Amor, continuamos a nossa miss\u00e3o de levar a todos a Obra do Senhor. E permanecemos fi\u00e9is, em ora\u00e7\u00e3o, de sempre pedir a Deus, as pr\u00f3prias palavras do Jesus: <em>\u201cA Messe \u00e9 grande, mas os trabalhadores s\u00e3o poucos. Pedi pois ao dono da messe que envie trabalhadores para a sua colheita!\u201d (Mt 9, 37-38).<\/em><\/p>\n<p style=\"text-align: justify;\"><em>\u00a0<\/em><\/p>\n<p style=\"text-align: justify;\"><em>Sauda\u00e7\u00f5es em Cristo!<\/em><\/p>\n","protected":false},"excerpt":{"rendered":"<p>\u201cA Messe \u00e9 grande, mas os trabalhadores s\u00e3o poucos. Pedi pois ao dono da messe que envie trabalhadores para a sua colheita!\u201d (Mt 9, 37-38) \u00a0 \u00a0\u00a0\u00a0\u00a0\u00a0\u00a0\u00a0\u00a0 Neste domingo, as leituras leva-nos ao discurso da miss\u00e3o e da institui\u00e7\u00e3o de \u201cpovos de sacerdotes\u201d, que Deus nos fez e nos faz a todo momento como Igreja [&hellip;]<\/p>\n","protected":false},"author":10,"featured_media":55817,"comment_status":"open","ping_status":"closed","sticky":false,"template":"","format":"standard","meta":{"footnotes":""},"categories":[9],"tags":[],"class_list":["post-59954","post","type-post","status-publish","format-standard","has-post-thumbnail","hentry","category-artigos"],"_links":{"self":[{"href":"https:\/\/catolicanet.net\/wp-cnet\/wp-json\/wp\/v2\/posts\/59954","targetHints":{"allow":["GET"]}}],"collection":[{"href":"https:\/\/catolicanet.net\/wp-cnet\/wp-json\/wp\/v2\/posts"}],"about":[{"href":"https:\/\/catolicanet.net\/wp-cnet\/wp-json\/wp\/v2\/types\/post"}],"author":[{"embeddable":true,"href":"https:\/\/catolicanet.net\/wp-cnet\/wp-json\/wp\/v2\/users\/10"}],"replies":[{"embeddable":true,"href":"https:\/\/catolicanet.net\/wp-cnet\/wp-json\/wp\/v2\/comments?post=59954"}],"version-history":[{"count":1,"href":"https:\/\/catolicanet.net\/wp-cnet\/wp-json\/wp\/v2\/posts\/59954\/revisions"}],"predecessor-version":[{"id":59955,"href":"https:\/\/catolicanet.net\/wp-cnet\/wp-json\/wp\/v2\/posts\/59954\/revisions\/59955"}],"wp:featuredmedia":[{"embeddable":true,"href":"https:\/\/catolicanet.net\/wp-cnet\/wp-json\/wp\/v2\/media\/55817"}],"wp:attachment":[{"href":"https:\/\/catolicanet.net\/wp-cnet\/wp-json\/wp\/v2\/media?parent=59954"}],"wp:term":[{"taxonomy":"category","embeddable":true,"href":"https:\/\/catolicanet.net\/wp-cnet\/wp-json\/wp\/v2\/categories?post=59954"},{"taxonomy":"post_tag","embeddable":true,"href":"https:\/\/catolicanet.net\/wp-cnet\/wp-json\/wp\/v2\/tags?post=59954"}],"curies":[{"name":"wp","href":"https:\/\/api.w.org\/{rel}","templated":true}]}}