{"id":5995,"date":"2015-07-13T16:16:03","date_gmt":"2015-07-13T19:16:03","guid":{"rendered":"http:\/\/catolicanet.net\/wp-cnet\/angelus-com-a-ajuda-de-maria-a-igreja-seja-casa-de-todos\/"},"modified":"2017-04-10T13:47:29","modified_gmt":"2017-04-10T16:47:29","slug":"angelus-com-a-ajuda-de-maria-a-igreja-seja-casa-de-todos","status":"publish","type":"post","link":"https:\/\/catolicanet.net\/wp-cnet\/angelus-com-a-ajuda-de-maria-a-igreja-seja-casa-de-todos\/","title":{"rendered":"Angelus. Com a ajuda de Maria a Igreja seja casa de todos"},"content":{"rendered":"<p style=\"text-align: justify;\"><img decoding=\"async\" src=\"http:\/\/catolicanet.com.br\/images\/stories\/geral\/angelus.jpg\" border=\"0\" align=\"left\" \/>Papa Francisco diante da imagem de Nossa Senhora, no Paraguai &#8211; ANSA<\/p>\n<p>Antes da ora\u00e7\u00e3o Mariana do Angelus e depois de ter agradecido ao Arcebispo de Asunci\u00f3n, D. Edmundo Ponziano Valenzuela Mellid e a Anton Tarasios, Arcebispo da Arquidiocese Ortodoxa da Am\u00e9rica do Sul e representante do Patriarca Ecum\u00e9nico de Constantinopla, o Papa Francisco apresentou a Virgem Maria, M\u00e3e de Deus e nossa M\u00e3e, como o dom de Jesus ao seu povo. Ele no-la deu, disse, como nossa M\u00e3e na hora da cruz e do sofrimento, \u00e9 fruto da obla\u00e7\u00e3o de Cristo por n\u00f3s. E a f\u00e9 dos paraguaios, como a de muitos na Am\u00e9rica Latina, est\u00e1 ligada \u00e0 Virgem Maria, disse o Papa:<\/p>\n<p>\u201cNossa Senhora entrou no tecido da hist\u00f3ria dos nossos povos com as suas gentes. Como em muitos outros pa\u00edses da Am\u00e9rica Latina, a f\u00e9 dos paraguaios est\u00e1 impregnada de amor \u00e0 Virgem. Acodem confiadamente \u00e0 sua M\u00e3e, abrem-Lhe o seu cora\u00e7\u00e3o e confiam-Lhe as suas alegrias e penas, as suas esperan\u00e7as e sofrimentos. A Virgem consola-os e, com a ternura do seu amor, acende neles a esperan\u00e7a\u201d<\/p>\n<p>E o Papa encorajou os paraguaios a ir confiantes para a Virgem M\u00e3e, a abrir o cora\u00e7\u00e3o, e a confiar-lhe as alegrias e tristezas, as esperan\u00e7as e os sofrimentos. E em seguida. \u00e0 Virgem Maria o Papa pediu para que continue a velar pela Igreja e fortale\u00e7a os la\u00e7os fraternos entre todos os seus membros. Com a ajuda de Maria, disse, a Igreja seja a casa de todos, uma casa que saiba hospedar, uma m\u00e3e para todos os povos. E concluiu dizendo: \u201csei bem quanto amais o Papa no Paraguai. Tamb\u00e9m eu vos levo no cora\u00e7\u00e3o e rezo por v\u00f3s e pelo vosso pa\u00eds\u201d.<\/p>\n<p style=\"text-align: justify;\">Fonte: R\u00e1dio Vaticano<\/p>\n","protected":false},"excerpt":{"rendered":"<p>Papa Francisco diante da imagem de Nossa Senhora, no Paraguai &#8211; ANSA Antes da ora\u00e7\u00e3o Mariana do Angelus e depois de ter agradecido ao Arcebispo de Asunci\u00f3n, D. Edmundo Ponziano Valenzuela Mellid e a Anton Tarasios, Arcebispo da Arquidiocese Ortodoxa da Am\u00e9rica do Sul e representante do Patriarca Ecum\u00e9nico de Constantinopla, o Papa Francisco apresentou [&hellip;]<\/p>\n","protected":false},"author":1,"featured_media":0,"comment_status":"closed","ping_status":"closed","sticky":false,"template":"","format":"standard","meta":{"footnotes":""},"categories":[4],"tags":[],"class_list":["post-5995","post","type-post","status-publish","format-standard","hentry","category-cotidiano"],"_links":{"self":[{"href":"https:\/\/catolicanet.net\/wp-cnet\/wp-json\/wp\/v2\/posts\/5995","targetHints":{"allow":["GET"]}}],"collection":[{"href":"https:\/\/catolicanet.net\/wp-cnet\/wp-json\/wp\/v2\/posts"}],"about":[{"href":"https:\/\/catolicanet.net\/wp-cnet\/wp-json\/wp\/v2\/types\/post"}],"author":[{"embeddable":true,"href":"https:\/\/catolicanet.net\/wp-cnet\/wp-json\/wp\/v2\/users\/1"}],"replies":[{"embeddable":true,"href":"https:\/\/catolicanet.net\/wp-cnet\/wp-json\/wp\/v2\/comments?post=5995"}],"version-history":[{"count":1,"href":"https:\/\/catolicanet.net\/wp-cnet\/wp-json\/wp\/v2\/posts\/5995\/revisions"}],"predecessor-version":[{"id":10863,"href":"https:\/\/catolicanet.net\/wp-cnet\/wp-json\/wp\/v2\/posts\/5995\/revisions\/10863"}],"wp:attachment":[{"href":"https:\/\/catolicanet.net\/wp-cnet\/wp-json\/wp\/v2\/media?parent=5995"}],"wp:term":[{"taxonomy":"category","embeddable":true,"href":"https:\/\/catolicanet.net\/wp-cnet\/wp-json\/wp\/v2\/categories?post=5995"},{"taxonomy":"post_tag","embeddable":true,"href":"https:\/\/catolicanet.net\/wp-cnet\/wp-json\/wp\/v2\/tags?post=5995"}],"curies":[{"name":"wp","href":"https:\/\/api.w.org\/{rel}","templated":true}]}}