{"id":59884,"date":"2020-06-11T09:19:14","date_gmt":"2020-06-11T12:19:14","guid":{"rendered":"https:\/\/catolicanet.net\/wp-cnet\/?p=59884"},"modified":"2020-06-11T10:22:00","modified_gmt":"2020-06-11T13:22:00","slug":"telefonema-do-papa-ao-arcebispo-de-aparecida-dom-orlando-brandes","status":"publish","type":"post","link":"https:\/\/catolicanet.net\/wp-cnet\/telefonema-do-papa-ao-arcebispo-de-aparecida-dom-orlando-brandes\/","title":{"rendered":"Telefonema do Papa ao arcebispo de Aparecida Dom Orlando Brandes"},"content":{"rendered":"<div class=\"article__subTitle\" style=\"text-align: justify;\">Dom Orlando: \u201cEle pediu que transmitisse ao povo brasileiro suas ora\u00e7\u00f5es e recomendou que todos os brasileiros se coloquem no colo de Nossa Senhora Aparecida\u201d.<\/div>\n<div class=\"title__separator\" style=\"text-align: justify;\"><\/div>\n<div class=\"article__text\">\n<p style=\"text-align: justify;\"><b>Silvonei Jos\u00e9 &#8211; Vatican News<\/b><\/p>\n<p style=\"text-align: justify;\">Mais um telefonema do Papa Francisco para o Brasil. Desta vez foi o arcebispo de Aparecida (SP), dom Orlando Brandes\u00a0que recebeu uma\u00a0liga\u00e7\u00e3o do Papa Francisco\u00a0nesta\u00a0quarta-feira (10\/06).\u00a0Segundo informa\u00e7\u00f5es do pr\u00f3prio dom Orlando numa entrevista \u00e0 TV Aparecida, o Santo Padre \u201cmanifestou a sua solidariedade e carinho ao povo brasileiro\u201d, em especial nesse momento dif\u00edcil de\u00a0pandemia da Covid-19.<\/p>\n<p style=\"text-align: justify;\">Segundo dom Orlando, durante o telefonema\u00a0o Papa disse que reza por todos os brasileiros e que acompanha as not\u00edcias do Brasil em ora\u00e7\u00e3o. \u201cRecebemos esse grande\u00a0presente de Corpus Christi\u00a0do Papa Francisco\u201d, disse o arcebispo de Aparecida. \u201cEle pediu que\u00a0transmitisse ao povo brasileiro suas ora\u00e7\u00f5es\u00a0e recomendou\u00a0que todos os brasileiros se coloquem no colo de Nossa Senhora Aparecida\u201d. &#8220;O Papa tamb\u00e9m recordou que ontem n\u00f3s celebramos o dia de S\u00e3o Jos\u00e9 de Anchieta, que ele canonizou e que marcou tanto tamb\u00e9m a vida dos brasileiros&#8221;, acrescentou o arcebispo.<\/p>\n<div style=\"text-align: justify;\">\n<div class=\"article__embed article__embed--unwrap article__embed--dark\">\n<div class=\"article__innerTitle\">Ou\u00e7a e compartilhe<\/div>\n<div>\n<!--[if lt IE 9]><script>document.createElement('audio');<\/script><![endif]-->\n<audio class=\"wp-audio-shortcode\" id=\"audio-59884-1\" preload=\"none\" style=\"width: 100%;\" controls=\"controls\"><source type=\"audio\/mpeg\" src=\"https:\/\/media.vaticannews.va\/media\/audio\/s1\/2020\/06\/11\/11\/135624500_F135624500.mp3?_=1\" \/><a href=\"https:\/\/media.vaticannews.va\/media\/audio\/s1\/2020\/06\/11\/11\/135624500_F135624500.mp3\">https:\/\/media.vaticannews.va\/media\/audio\/s1\/2020\/06\/11\/11\/135624500_F135624500.mp3<\/a><\/audio>\n<\/div>\n<\/div>\n<\/div>\n<p style=\"text-align: justify;\">Durante a entrevista dom Orlando,\u00a0disse que Francisco lembrou sua visita a Aparecida nos anos de 2007 e 2013, por ocasi\u00e3o da\u00a0V Confer\u00eancia de Aparecida, ainda como arcebispo de Buenos Aires, e depois, como Papa, durante a\u00a0JMJ no Rio de Janeiro.<\/p>\n<p style=\"text-align: justify;\">&#8220;Ele recordou que esteve aqui em 2013 e que aqui esteve em 2007 na Confer\u00eancia de Aparecida, da qual tamb\u00e9m participei. Ele tamb\u00e9m pediu, de nossa parte, que tamb\u00e9m rez\u00e1ssemos por ele&#8221;, disse dom Orlando.<\/p>\n<p style=\"text-align: justify;\">De acordo com o arcebispo, Francisco falou ainda da imagem de Nossa Senhora Aparecida que foi entronizada nos Jardins Vaticanos em setembro de 2016. &#8220;Ele disse: a imagem de Nossa Senhora Aparecida est\u00e1 bem pertinho de mim. E relembrou: eu me lembro que peguei Nossa Senhora no meu colo, a Madonnina, que quer dizer, m\u00e3ezinha. Recomendo a todos voc\u00eas estarem no colo da M\u00e3ezinha Aparecida&#8221;, destacou o arcebispo.<\/p>\n<p style=\"text-align: justify;\">Dom Orlando disse que o Papa\u00a0pediu para dar uma ben\u00e7\u00e3o ao povo brasileiro em seu nome. Concluindo o telefonema, Francisco deixou uma mensagem aos brasileiros:\u00a0\u201cCoragem e esperan\u00e7a. Somos pessoas de f\u00e9!\u201d, disse.<\/p>\n<p style=\"text-align: justify;\">Esta foi a\u00a0terceira liga\u00e7\u00e3o\u00a0do Papa Francisco para o Brasil durante a\u00a0pandemia do coronav\u00edrus.\u00a0O Santo Padre j\u00e1 havia telefonado para o\u00a0arcebispo de Manaus, dom Leonardo Steiner,\u00a0e tamb\u00e9m para o\u00a0arcebispo de S\u00e3o Paulo, cardeal Odilo Pedro Scherer,\u00a0para manifestar sua solidariedade.<\/p>\n<\/div>\n","protected":false},"excerpt":{"rendered":"<p>Dom Orlando: \u201cEle pediu que transmitisse ao povo brasileiro suas ora\u00e7\u00f5es e recomendou que todos os brasileiros se coloquem no colo de Nossa Senhora Aparecida\u201d. Silvonei Jos\u00e9 &#8211; Vatican News Mais um telefonema do Papa Francisco para o Brasil. Desta vez foi o arcebispo de Aparecida (SP), dom Orlando Brandes\u00a0que recebeu uma\u00a0liga\u00e7\u00e3o do Papa Francisco\u00a0nesta\u00a0quarta-feira [&hellip;]<\/p>\n","protected":false},"author":1,"featured_media":59885,"comment_status":"open","ping_status":"closed","sticky":false,"template":"","format":"standard","meta":{"footnotes":""},"categories":[13,3],"tags":[],"class_list":["post-59884","post","type-post","status-publish","format-standard","has-post-thumbnail","hentry","category-featured","category-vaticano"],"_links":{"self":[{"href":"https:\/\/catolicanet.net\/wp-cnet\/wp-json\/wp\/v2\/posts\/59884","targetHints":{"allow":["GET"]}}],"collection":[{"href":"https:\/\/catolicanet.net\/wp-cnet\/wp-json\/wp\/v2\/posts"}],"about":[{"href":"https:\/\/catolicanet.net\/wp-cnet\/wp-json\/wp\/v2\/types\/post"}],"author":[{"embeddable":true,"href":"https:\/\/catolicanet.net\/wp-cnet\/wp-json\/wp\/v2\/users\/1"}],"replies":[{"embeddable":true,"href":"https:\/\/catolicanet.net\/wp-cnet\/wp-json\/wp\/v2\/comments?post=59884"}],"version-history":[{"count":1,"href":"https:\/\/catolicanet.net\/wp-cnet\/wp-json\/wp\/v2\/posts\/59884\/revisions"}],"predecessor-version":[{"id":59886,"href":"https:\/\/catolicanet.net\/wp-cnet\/wp-json\/wp\/v2\/posts\/59884\/revisions\/59886"}],"wp:featuredmedia":[{"embeddable":true,"href":"https:\/\/catolicanet.net\/wp-cnet\/wp-json\/wp\/v2\/media\/59885"}],"wp:attachment":[{"href":"https:\/\/catolicanet.net\/wp-cnet\/wp-json\/wp\/v2\/media?parent=59884"}],"wp:term":[{"taxonomy":"category","embeddable":true,"href":"https:\/\/catolicanet.net\/wp-cnet\/wp-json\/wp\/v2\/categories?post=59884"},{"taxonomy":"post_tag","embeddable":true,"href":"https:\/\/catolicanet.net\/wp-cnet\/wp-json\/wp\/v2\/tags?post=59884"}],"curies":[{"name":"wp","href":"https:\/\/api.w.org\/{rel}","templated":true}]}}