{"id":59865,"date":"2020-06-10T09:49:45","date_gmt":"2020-06-10T12:49:45","guid":{"rendered":"https:\/\/catolicanet.net\/wp-cnet\/?p=59865"},"modified":"2020-06-10T11:50:47","modified_gmt":"2020-06-10T14:50:47","slug":"africa-e-europa-unidas-pela-defesa-da-dignidade-humana-e-dos-povos","status":"publish","type":"post","link":"https:\/\/catolicanet.net\/wp-cnet\/africa-e-europa-unidas-pela-defesa-da-dignidade-humana-e-dos-povos\/","title":{"rendered":"\u00c1frica e Europa: unidas pela defesa da dignidade humana e dos povos"},"content":{"rendered":"<div class=\"article__subTitle\" style=\"text-align: justify;\">Os bispos africanos e europeus pedem uma parceria justa e respons\u00e1vel, centrada nos povos, em vista da 6\u00aa C\u00fapula de l\u00edderes pol\u00edticos dos dois continentes, prevista para outubro de 2020.<\/div>\n<div class=\"title__separator\" style=\"text-align: justify;\"><\/div>\n<div class=\"article__text\">\n<p style=\"text-align: justify;\"><b>Francesca Sabatinelli\/Mariangela Jaguraba \u2013 Vatican News<\/b><\/p>\n<p style=\"text-align: justify;\">\u00c1frica e Europa, dois continentes ligados por ra\u00edzes comuns e pela proximidade geogr\u00e1fica, agora tamb\u00e9m pela preocupa\u00e7\u00e3o com as consequ\u00eancias devastadoras da pandemia da Covid-19 sobre fam\u00edlias e comunidades, \u201cem particular aquelas que se encontram em situa\u00e7\u00f5es de dificuldade, vulnerabilidade e fraqueza, nos dois continentes\u201d. Surge ent\u00e3o a decis\u00e3o da Comece, Comiss\u00e3o das Confer\u00eancias Episcopais da Uni\u00e3o Europeia, e do Secam, Simp\u00f3sio das Confer\u00eancias Episcopais da \u00c1frica e Madagascar, de elaborar uma contribui\u00e7\u00e3o conjunta sobre a futura parceria UE-\u00c1frica, tendo em vista a 6\u00aa C\u00fapula UE-\u00c1frica, em outubro pr\u00f3ximo.<\/p>\n<h2 style=\"text-align: justify;\">Europa e \u00c1frica, motores do relan\u00e7amento da coopera\u00e7\u00e3o<\/h2>\n<p style=\"text-align: justify;\">Os presidentes da Comece e do Secam, os cardeais Jean-Claude Hollerich e Philippe Nakellentuba Ou\u00e9drago, de suas sedes em Bruxelas e Acra, respectivamente, elogiam os esfor\u00e7os preparat\u00f3rios dos respons\u00e1veis pol\u00edticos europeus e africanos, solicitam e incentivam \u201ca orientar o trabalho preparat\u00f3rio nos princ\u00edpios da dignidade humana, da responsabilidade e da solidariedade, com \u00eanfase na op\u00e7\u00e3o preferencial pelos pobres, no cuidado da Cria\u00e7\u00e3o e na busca do bem comum\u201d. \u201cEstamos firmemente convencidos de que a \u00c1frica e a Europa podem tornar-se os motores do relan\u00e7amento da coopera\u00e7\u00e3o multilateral\u201d, declaram os dois presidentes, com a elucida\u00e7\u00e3o do cardeal Hollerich acerca da \u201cresponsabilidade da Europa em partilhar a paz e a prosperidade com os nossos vizinhos\u201d.<\/p>\n<div style=\"text-align: justify;\">\n<div class=\"article__embed article__embed--unwrap article__embed--dark\">\n<div class=\"embed-container\"><iframe id=\"863895399\" src=\"https:\/\/www.youtube.com\/embed\/F3jfVEdB-CU?wmode=opaque&amp;rel=0&amp;autohide=1&amp;showinfo=0&amp;wmode=transparent&amp;modestbranding=1&amp;enablejsapi=1&amp;origin=https:\/\/www.vaticannews.va&amp;start=&amp;end=\" allowfullscreen=\"allowfullscreen\" data-gtm-yt-inspected-7781034_9=\"true\" data-mce-fragment=\"1\"><\/iframe><\/div>\n<div class=\"article__innerTitle\">\u00c1frica e Europa: responsabilidades comuns<\/div>\n<\/div>\n<\/div>\n<h2 style=\"text-align: justify;\">Defesa da dignidade humana, responsabilidade e solidariedade<\/h2>\n<p style=\"text-align: justify;\">O documento intitulado \u201cNos seus dias a justi\u00e7a florir\u00e1 e a paz abundar\u00e1\u201d, extra\u00eddo do Salmo 72 da B\u00edblia, oferece uma s\u00e9rie de recomenda\u00e7\u00f5es pol\u00edticas espec\u00edficas destinadas a remodelar as rela\u00e7\u00f5es pol\u00edticas e econ\u00f4micas intercontinentais que levam a uma parceria justa e respons\u00e1vel que coloca os povos no centro. Da\u00ed a solicita\u00e7\u00e3o dos bispos da \u00c1frica e da Europa de uma \u201cparceria para o desenvolvimento humano integral, a ecologia integral, a seguran\u00e7a humana e a paz, e para as pessoas em movimento\u201d.<\/p>\n<h2 style=\"text-align: justify;\">Preocupa\u00e7\u00e3o com as comunidades mais vulner\u00e1veis \u200b\u200be prec\u00e1rias<\/h2>\n<p style=\"text-align: justify;\">A Igreja cat\u00f3lica dos dois continentes partilha a preocupa\u00e7\u00e3o sobretudo com as pessoas, fam\u00edlias e comunidades que, j\u00e1 em condi\u00e7\u00f5es de vulnerabilidade e fraqueza, agora por causa da Covid 19, se encontram ainda mais numa situa\u00e7\u00e3o de \u201cpobreza extrema e fome, falta persistente de acesso justo a servi\u00e7os sociais de base, corrup\u00e7\u00e3o, viol\u00eancia, ataques terroristas e persegui\u00e7\u00f5es contra as comunidades religiosas vulner\u00e1veis, bem como a explora\u00e7\u00e3o dos recursos naturais e degrada\u00e7\u00e3o ambiental\u201d. Dentre os pedidos, o do cardeal Ou\u00e9drago sobre o \u201ccancelamento total da d\u00edvida dos pa\u00edses africanos, permitindo-lhes relan\u00e7ar suas economias\u201d.<\/p>\n<div style=\"text-align: justify;\">\n<div class=\"article__embed article__embed--unwrap article__embed--dark\">\n<div class=\"embed-container\"><iframe id=\"870507000\" src=\"https:\/\/www.youtube.com\/embed\/8_z9rnzjil8?wmode=opaque&amp;rel=0&amp;autohide=1&amp;showinfo=0&amp;wmode=transparent&amp;modestbranding=1&amp;enablejsapi=1&amp;origin=https:\/\/www.vaticannews.va&amp;start=&amp;end=\" allowfullscreen=\"allowfullscreen\" data-gtm-yt-inspected-7781034_9=\"true\" data-mce-fragment=\"1\"><\/iframe><\/div>\n<div class=\"article__innerTitle\">Construamos juntos um mundo melhor<\/div>\n<\/div>\n<\/div>\n<h2 style=\"text-align: justify;\">Ecclesia in Africa, um farol ainda hoje ap\u00f3s 25 anos<\/h2>\n<p style=\"text-align: justify;\">Na declara\u00e7\u00e3o conjunta, os dois cardeais tamb\u00e9m recordam a esperan\u00e7a infundida pela Exorta\u00e7\u00e3o apost\u00f3lica p\u00f3s-sinodal \u201cEcclesia in Africa\u201d, de S\u00e3o Jo\u00e3o Paulo II que, 25 anos depois, \u201cainda hoje nos enche de encorajamento e zelo para enfrentar esses desafios\u201d. \u201cAcreditamos que os princ\u00edpios e valores da dignidade humana, da solidariedade, da op\u00e7\u00e3o preferencial pelos pobres, do destino universal de bens, da promo\u00e7\u00e3o do desenvolvimento humano integral, da gest\u00e3o respons\u00e1vel de tuda a Cria\u00e7\u00e3o, bem como a busca do bem comum, sejam guia e orienta\u00e7\u00e3o necess\u00e1rios para definir as respectivas respostas e a\u00e7\u00f5es pol\u00edticas\u201d, concluem os cardeais Hollerich e Ou\u00e9drago.<\/p>\n<\/div>\n","protected":false},"excerpt":{"rendered":"<p>Os bispos africanos e europeus pedem uma parceria justa e respons\u00e1vel, centrada nos povos, em vista da 6\u00aa C\u00fapula de l\u00edderes pol\u00edticos dos dois continentes, prevista para outubro de 2020. Francesca Sabatinelli\/Mariangela Jaguraba \u2013 Vatican News \u00c1frica e Europa, dois continentes ligados por ra\u00edzes comuns e pela proximidade geogr\u00e1fica, agora tamb\u00e9m pela preocupa\u00e7\u00e3o com as [&hellip;]<\/p>\n","protected":false},"author":1,"featured_media":59866,"comment_status":"open","ping_status":"closed","sticky":false,"template":"","format":"standard","meta":{"footnotes":""},"categories":[3],"tags":[],"class_list":["post-59865","post","type-post","status-publish","format-standard","has-post-thumbnail","hentry","category-vaticano"],"_links":{"self":[{"href":"https:\/\/catolicanet.net\/wp-cnet\/wp-json\/wp\/v2\/posts\/59865","targetHints":{"allow":["GET"]}}],"collection":[{"href":"https:\/\/catolicanet.net\/wp-cnet\/wp-json\/wp\/v2\/posts"}],"about":[{"href":"https:\/\/catolicanet.net\/wp-cnet\/wp-json\/wp\/v2\/types\/post"}],"author":[{"embeddable":true,"href":"https:\/\/catolicanet.net\/wp-cnet\/wp-json\/wp\/v2\/users\/1"}],"replies":[{"embeddable":true,"href":"https:\/\/catolicanet.net\/wp-cnet\/wp-json\/wp\/v2\/comments?post=59865"}],"version-history":[{"count":1,"href":"https:\/\/catolicanet.net\/wp-cnet\/wp-json\/wp\/v2\/posts\/59865\/revisions"}],"predecessor-version":[{"id":59867,"href":"https:\/\/catolicanet.net\/wp-cnet\/wp-json\/wp\/v2\/posts\/59865\/revisions\/59867"}],"wp:featuredmedia":[{"embeddable":true,"href":"https:\/\/catolicanet.net\/wp-cnet\/wp-json\/wp\/v2\/media\/59866"}],"wp:attachment":[{"href":"https:\/\/catolicanet.net\/wp-cnet\/wp-json\/wp\/v2\/media?parent=59865"}],"wp:term":[{"taxonomy":"category","embeddable":true,"href":"https:\/\/catolicanet.net\/wp-cnet\/wp-json\/wp\/v2\/categories?post=59865"},{"taxonomy":"post_tag","embeddable":true,"href":"https:\/\/catolicanet.net\/wp-cnet\/wp-json\/wp\/v2\/tags?post=59865"}],"curies":[{"name":"wp","href":"https:\/\/api.w.org\/{rel}","templated":true}]}}