{"id":59856,"date":"2020-06-10T09:40:09","date_gmt":"2020-06-10T12:40:09","guid":{"rendered":"https:\/\/catolicanet.net\/wp-cnet\/?p=59856"},"modified":"2020-06-10T11:44:21","modified_gmt":"2020-06-10T14:44:21","slug":"o-papa-trabalho-infantil-fenomeno-que-priva-meninos-e-meninas-de-sua-infancia","status":"publish","type":"post","link":"https:\/\/catolicanet.net\/wp-cnet\/o-papa-trabalho-infantil-fenomeno-que-priva-meninos-e-meninas-de-sua-infancia\/","title":{"rendered":"O Papa: trabalho infantil, fen\u00f4meno que priva meninos e meninas de sua inf\u00e2ncia"},"content":{"rendered":"<div class=\"article__subTitle\" style=\"text-align: justify;\">Na Audi\u00eancia Geral desta quarta-feira, Francisco fez &#8220;um apelo \u00e0s institui\u00e7\u00f5es para que fa\u00e7am todos os esfor\u00e7os para proteger os menores, preenchendo as lacunas econ\u00f4micas e sociais que est\u00e3o na base da din\u00e2mica distorcida em que eles infelizmente est\u00e3o envolvidos&#8221;.<\/div>\n<div class=\"title__separator\" style=\"text-align: justify;\"><\/div>\n<div class=\"article__text\">\n<p style=\"text-align: justify;\"><b>Mariangela Jaguraba &#8211; Vatican News<\/b><\/p>\n<p style=\"text-align: justify;\">Na Audi\u00eancia Geral desta quarta-feira (10\/06), o Papa Francisco fez um apelo contra o trabalho infantil. Recordou que na pr\u00f3xima sexta-feira, 12 de junho, celebra-se o Dia Mundial contra a Explora\u00e7\u00e3o do Trabalho Infantil, \u201cfen\u00f4meno que priva meninos e meninas de sua inf\u00e2ncia e p\u00f5e em risco seu desenvolvimento integral\u201d,\u00a0e chamou a aten\u00e7\u00e3o para a situa\u00e7\u00e3o das crian\u00e7as nesse tempo marcado pelo coronav\u00edrus.<\/p>\n<div style=\"text-align: justify;\">\n<div class=\"article__embed article__embed--unwrap article__embed--dark\">\n<div class=\"article__innerTitle\">Ou\u00e7a e compartilhe<\/div>\n<div>\n<!--[if lt IE 9]><script>document.createElement('audio');<\/script><![endif]-->\n<audio class=\"wp-audio-shortcode\" id=\"audio-59856-1\" preload=\"none\" style=\"width: 100%;\" controls=\"controls\"><source type=\"audio\/mpeg\" src=\"https:\/\/media.vaticannews.va\/media\/audio\/s1\/2020\/06\/10\/11\/135623503_F135623503.mp3?_=1\" \/><a href=\"https:\/\/media.vaticannews.va\/media\/audio\/s1\/2020\/06\/10\/11\/135623503_F135623503.mp3\">https:\/\/media.vaticannews.va\/media\/audio\/s1\/2020\/06\/10\/11\/135623503_F135623503.mp3<\/a><\/audio>\n<\/div>\n<\/div>\n<\/div>\n<p style=\"text-align: justify;\"><i>Na atual situa\u00e7\u00e3o de emerg\u00eancia sanit\u00e1ria, em v\u00e1rios pa\u00edses, muitas crian\u00e7as e adolescentes s\u00e3o obrigados a trabalhar em empregos inadequados \u00e0 sua idade para ajudar suas fam\u00edlias em condi\u00e7\u00f5es de extrema pobreza. Em muitos casos, essas s\u00e3o formas de escravid\u00e3o e reclus\u00e3o, resultando em sofrimentos f\u00edsico e psicol\u00f3gico. Todos somos respons\u00e1veis \u200b\u200bpor isso. Fa\u00e7o um apelo \u00e0s institui\u00e7\u00f5es para que fa\u00e7am todos os esfor\u00e7os para proteger os menores, preenchendo as lacunas econ\u00f4micas e sociais que est\u00e3o na base da din\u00e2mica distorcida em que eles infelizmente est\u00e3o envolvidos. As crian\u00e7as s\u00e3o o futuro da fam\u00edlia humana: todos temos a tarefa de promover seu crescimento, sa\u00fade e serenidade!<\/i><\/p>\n<p style=\"text-align: justify;\">Segundo o Fundo das Na\u00e7\u00f5es Unidas para a Inf\u00e2ncia (Unicef), o trabalho infantil envolve 150 milh\u00f5es de crian\u00e7as de 5 a 14 anos. O Dia Mundial contra a Explora\u00e7\u00e3o do Trabalho Infantil foi institu\u00eddo pela Organiza\u00e7\u00e3o Internacional do Trabalho (OIT), em 2002, a fim de conscientizar a sociedade, trabalhadores, empregadores e governos do mundo todo contra o trabalho infantil.<\/p>\n<p style=\"text-align: justify;\">De acordo com a OIT, antes da difus\u00e3o da Covid-19, quase 100 milh\u00f5es de crian\u00e7as tinham sido resgatadas do trabalho infantil at\u00e9 2016. Isso fez com que o n\u00famero de crian\u00e7as nessa situa\u00e7\u00e3o ca\u00edsse de 246 milh\u00f5es, no ano 2000, para 152 milh\u00f5es, em 2016, segundo a \u00faltima estimativa global divulgada.<\/p>\n<p style=\"text-align: justify;\">O trabalho infantil \u00e9 proibido no Brasil, mas atinge pelo menos 2 milh\u00f5es e 400 mil crian\u00e7as de 5 a 17 anos, segundo a \u00faltima Pesquisa Nacional por Amostra de Domic\u00edlios (PNAD) Cont\u00ednua 2016, do IBGE.<\/p>\n<\/div>\n","protected":false},"excerpt":{"rendered":"<p>Na Audi\u00eancia Geral desta quarta-feira, Francisco fez &#8220;um apelo \u00e0s institui\u00e7\u00f5es para que fa\u00e7am todos os esfor\u00e7os para proteger os menores, preenchendo as lacunas econ\u00f4micas e sociais que est\u00e3o na base da din\u00e2mica distorcida em que eles infelizmente est\u00e3o envolvidos&#8221;. Mariangela Jaguraba &#8211; Vatican News Na Audi\u00eancia Geral desta quarta-feira (10\/06), o Papa Francisco fez [&hellip;]<\/p>\n","protected":false},"author":1,"featured_media":59857,"comment_status":"open","ping_status":"closed","sticky":false,"template":"","format":"standard","meta":{"footnotes":""},"categories":[13,3],"tags":[],"class_list":["post-59856","post","type-post","status-publish","format-standard","has-post-thumbnail","hentry","category-featured","category-vaticano"],"_links":{"self":[{"href":"https:\/\/catolicanet.net\/wp-cnet\/wp-json\/wp\/v2\/posts\/59856","targetHints":{"allow":["GET"]}}],"collection":[{"href":"https:\/\/catolicanet.net\/wp-cnet\/wp-json\/wp\/v2\/posts"}],"about":[{"href":"https:\/\/catolicanet.net\/wp-cnet\/wp-json\/wp\/v2\/types\/post"}],"author":[{"embeddable":true,"href":"https:\/\/catolicanet.net\/wp-cnet\/wp-json\/wp\/v2\/users\/1"}],"replies":[{"embeddable":true,"href":"https:\/\/catolicanet.net\/wp-cnet\/wp-json\/wp\/v2\/comments?post=59856"}],"version-history":[{"count":1,"href":"https:\/\/catolicanet.net\/wp-cnet\/wp-json\/wp\/v2\/posts\/59856\/revisions"}],"predecessor-version":[{"id":59858,"href":"https:\/\/catolicanet.net\/wp-cnet\/wp-json\/wp\/v2\/posts\/59856\/revisions\/59858"}],"wp:featuredmedia":[{"embeddable":true,"href":"https:\/\/catolicanet.net\/wp-cnet\/wp-json\/wp\/v2\/media\/59857"}],"wp:attachment":[{"href":"https:\/\/catolicanet.net\/wp-cnet\/wp-json\/wp\/v2\/media?parent=59856"}],"wp:term":[{"taxonomy":"category","embeddable":true,"href":"https:\/\/catolicanet.net\/wp-cnet\/wp-json\/wp\/v2\/categories?post=59856"},{"taxonomy":"post_tag","embeddable":true,"href":"https:\/\/catolicanet.net\/wp-cnet\/wp-json\/wp\/v2\/tags?post=59856"}],"curies":[{"name":"wp","href":"https:\/\/api.w.org\/{rel}","templated":true}]}}