{"id":59820,"date":"2020-06-08T09:25:45","date_gmt":"2020-06-08T12:25:45","guid":{"rendered":"https:\/\/catolicanet.net\/wp-cnet\/?p=59820"},"modified":"2020-06-08T09:25:45","modified_gmt":"2020-06-08T12:25:45","slug":"papa-proximidade-aos-paises-que-sofrem-a-epidemia-da-covid-19","status":"publish","type":"post","link":"https:\/\/catolicanet.net\/wp-cnet\/papa-proximidade-aos-paises-que-sofrem-a-epidemia-da-covid-19\/","title":{"rendered":"Papa: proximidade aos pa\u00edses que sofrem a epidemia da Covid-19"},"content":{"rendered":"<div class=\"article__subTitle\" style=\"text-align: justify;\">Infelizmente, em alguns pa\u00edses, \u201co v\u00edrus ainda est\u00e1 provocando muitas v\u00edtimas. Sexta-feira passada, num pa\u00eds, morreu um por minuto! Terr\u00edvel! Desejo expressar minha proximidade a essas popula\u00e7\u00f5es, aos doentes e a seus familiares, e a todos aqueles que cuidam deles. Aproximemo-nos com a nossa ora\u00e7\u00e3o\u201d, disse o Papa no Angelus este domingo (07\/06). Francisco recordou tamb\u00e9m que este m\u00eas de junho \u00e9 dedicado de modo particular ao Cora\u00e7\u00e3o de Cristo<\/div>\n<div class=\"title__separator\" style=\"text-align: justify;\"><\/div>\n<div class=\"article__text\">\n<p style=\"text-align: justify;\"><b>Raimundo de Lima &#8211; Vatican News<\/b><\/p>\n<div style=\"text-align: justify;\">\n<div class=\"article__embed article__embed--unwrap article__embed--dark\">\n<div class=\"article__innerTitle\">Ou\u00e7a a reportagem com a voz do Papa Francisco<\/div>\n<div>\n<!--[if lt IE 9]><script>document.createElement('audio');<\/script><![endif]-->\n<audio class=\"wp-audio-shortcode\" id=\"audio-59820-1\" preload=\"none\" style=\"width: 100%;\" controls=\"controls\"><source type=\"audio\/mpeg\" src=\"https:\/\/media.vaticannews.va\/media\/audio\/s1\/2020\/06\/07\/13\/135621068_F135621068.mp3?_=1\" \/><a href=\"https:\/\/media.vaticannews.va\/media\/audio\/s1\/2020\/06\/07\/13\/135621068_F135621068.mp3\">https:\/\/media.vaticannews.va\/media\/audio\/s1\/2020\/06\/07\/13\/135621068_F135621068.mp3<\/a><\/audio>\n<\/div>\n<\/div>\n<\/div>\n<p style=\"text-align: justify;\">No Angelus, ao meio-dia deste domingo (07\/06), festa da Sant\u00edssima Trindade, o Papa Francisco manifestou proximidade aos pa\u00edses ainda atingidos pela Covid-19.<\/p>\n<p style=\"text-align: justify;\">Ap\u00f3s a ora\u00e7\u00e3o mariana, saudando todos os presentes na Pra\u00e7a S\u00e3o Pedro, romanos e peregrinos, fi\u00e9is, fam\u00edlias e comunidades religiosas, o Pont\u00edfice disse que a presen\u00e7a deles na pra\u00e7a era sinal de que na It\u00e1lia a fase aguda da epidemia tinha sido superada. em seguida, fez um alerta:<\/p>\n<div style=\"text-align: justify;\">\n<div class=\"article__embed article__embed--unwrap article__embed--dark\">\n<div class=\"embed-container\"><iframe id=\"379168063\" src=\"https:\/\/www.youtube.com\/embed\/HDbZk9nm-r4?wmode=opaque&amp;rel=0&amp;autohide=1&amp;showinfo=0&amp;wmode=transparent&amp;modestbranding=1&amp;enablejsapi=1&amp;origin=https:\/\/www.vaticannews.va&amp;start=&amp;end=\" allowfullscreen=\"allowfullscreen\" data-gtm-yt-inspected-7781034_9=\"true\" data-mce-fragment=\"1\"><\/iframe><\/div>\n<div class=\"article__innerTitle\">Trecho do Angelus<\/div>\n<\/div>\n<\/div>\n<p style=\"text-align: justify;\">&#8220;Mas cuidado! N\u00e3o cantem vit\u00f3ria antes! N\u00e3o cantar vit\u00f3ria demasiado cedo! Tamb\u00e9m permanece a necessidade de seguir cuidadosamente\u00a0as normas vigentes, porque s\u00e3o normas que nos ajudam a evitar que o v\u00edrus siga adiante. Gra\u00e7as a Deus estamos saindo do centro mais forte, mas sempre com as prescri\u00e7\u00f5es que as autoridades nos d\u00e3o.&#8221; Dito isso, acrescentou:<\/p>\n<p style=\"text-align: justify;\"><i>\u201cMas infelizmente em outros pa\u00edses &#8211; eu penso em alguns -, o v\u00edrus ainda est\u00e1 provocando muitas v\u00edtimas. Sexta-feira passada, num pa\u00eds, morreu um por minuto! Terr\u00edvel!\u00a0Desejo expressar minha proximidade a essas popula\u00e7\u00f5es, aos doentes e a seus familiares, e a todos aqueles que cuidam deles. Aproximemo-nos com a nossa ora\u00e7\u00e3o.\u201d<\/i><\/p>\n<h2 style=\"text-align: justify;\">M\u00eas de junho dedicado ao Cora\u00e7\u00e3o de Cristo<\/h2>\n<div style=\"text-align: justify;\">\n<aside class=\"article__readmore\">\n<div class=\"teaser--labelEvidence teaser teaser--type-foto\">\n<article>\n<div class=\"teaser__labelWrapper\"><\/div>\n<div class=\"teaser__contentWrapper\">\n<div>O Santo Padre continuou suas sauda\u00e7\u00f5es recordando que o m\u00eas de junho \u00e9 dedicado de modo particular ao Cora\u00e7\u00e3o de Cristo, uma devo\u00e7\u00e3o que une os grandes mestres espirituais e as pessoas simples do povo de Deus. Efetivamente, o Cora\u00e7\u00e3o humano e divino de Jesus \u00e9 a fonte onde sempre podemos haurir a miseric\u00f3rdia, o perd\u00e3o, a ternura de Deus.<\/div>\n<\/div>\n<\/article>\n<\/div>\n<\/aside>\n<\/div>\n<p style=\"text-align: justify;\">\u201cPodemos faz\u00ea-lo detendo-nos sobre uma passagem do Evangelho, sentindo que no centro de todo gesto, de toda palavra de Jesus, no centro est\u00e1 o amor, o amor do Pai que enviou o seu Filho, o amor do Esp\u00edrito Santo que est\u00e1 dentro de n\u00f3s.\u00a0E podemos faz\u00ea-lo adorando a Eucaristia, onde este amor est\u00e1 presente no Sacramento.\u201d Ent\u00e3o \u2013 continuou Francisco \u2013, tamb\u00e9m o nosso cora\u00e7\u00e3o, pouco a pouco, se tornar\u00e1 mais paciente, mais generoso, mais misericordioso, imitando o cora\u00e7\u00e3o de Jesus.\u201d<\/p>\n<p style=\"text-align: justify;\">&#8220;H\u00e1 uma antiga ora\u00e7\u00e3o &#8211; aprendi da minha av\u00f3 &#8211; que dizia assim: &#8216;Jesus, fazei o meu cora\u00e7\u00e3o semelhante ao vosso&#8217;. \u00c9 uma bela ora\u00e7\u00e3o. &#8216;Fazei o meu cora\u00e7\u00e3o semelhante ao vosso&#8217;. Uma bela ora\u00e7\u00e3o, pequenina, para rezar neste m\u00eas. Digamos juntos, agora? &#8216;Jesus, fazei o meu cora\u00e7\u00e3o semelhante ao vosso&#8217;. Outra vez: &#8216;Jesus, fazei o meu cora\u00e7\u00e3o semelhante ao vosso&#8217;.&#8221;<\/p>\n<\/div>\n","protected":false},"excerpt":{"rendered":"<p>Infelizmente, em alguns pa\u00edses, \u201co v\u00edrus ainda est\u00e1 provocando muitas v\u00edtimas. Sexta-feira passada, num pa\u00eds, morreu um por minuto! Terr\u00edvel! Desejo expressar minha proximidade a essas popula\u00e7\u00f5es, aos doentes e a seus familiares, e a todos aqueles que cuidam deles. Aproximemo-nos com a nossa ora\u00e7\u00e3o\u201d, disse o Papa no Angelus este domingo (07\/06). Francisco recordou [&hellip;]<\/p>\n","protected":false},"author":1,"featured_media":59821,"comment_status":"open","ping_status":"closed","sticky":false,"template":"","format":"standard","meta":{"footnotes":""},"categories":[3],"tags":[],"class_list":["post-59820","post","type-post","status-publish","format-standard","has-post-thumbnail","hentry","category-vaticano"],"_links":{"self":[{"href":"https:\/\/catolicanet.net\/wp-cnet\/wp-json\/wp\/v2\/posts\/59820","targetHints":{"allow":["GET"]}}],"collection":[{"href":"https:\/\/catolicanet.net\/wp-cnet\/wp-json\/wp\/v2\/posts"}],"about":[{"href":"https:\/\/catolicanet.net\/wp-cnet\/wp-json\/wp\/v2\/types\/post"}],"author":[{"embeddable":true,"href":"https:\/\/catolicanet.net\/wp-cnet\/wp-json\/wp\/v2\/users\/1"}],"replies":[{"embeddable":true,"href":"https:\/\/catolicanet.net\/wp-cnet\/wp-json\/wp\/v2\/comments?post=59820"}],"version-history":[{"count":1,"href":"https:\/\/catolicanet.net\/wp-cnet\/wp-json\/wp\/v2\/posts\/59820\/revisions"}],"predecessor-version":[{"id":59822,"href":"https:\/\/catolicanet.net\/wp-cnet\/wp-json\/wp\/v2\/posts\/59820\/revisions\/59822"}],"wp:featuredmedia":[{"embeddable":true,"href":"https:\/\/catolicanet.net\/wp-cnet\/wp-json\/wp\/v2\/media\/59821"}],"wp:attachment":[{"href":"https:\/\/catolicanet.net\/wp-cnet\/wp-json\/wp\/v2\/media?parent=59820"}],"wp:term":[{"taxonomy":"category","embeddable":true,"href":"https:\/\/catolicanet.net\/wp-cnet\/wp-json\/wp\/v2\/categories?post=59820"},{"taxonomy":"post_tag","embeddable":true,"href":"https:\/\/catolicanet.net\/wp-cnet\/wp-json\/wp\/v2\/tags?post=59820"}],"curies":[{"name":"wp","href":"https:\/\/api.w.org\/{rel}","templated":true}]}}