{"id":5982,"date":"2015-07-09T03:00:00","date_gmt":"2015-07-09T06:00:00","guid":{"rendered":"http:\/\/catolicanet.net\/wp-cnet\/tespeito-a-constituicao\/"},"modified":"2017-04-10T13:35:46","modified_gmt":"2017-04-10T16:35:46","slug":"tespeito-a-constituicao","status":"publish","type":"post","link":"https:\/\/catolicanet.net\/wp-cnet\/tespeito-a-constituicao\/","title":{"rendered":"Respeito \u00e0 Constitui\u00e7\u00e3o"},"content":{"rendered":"<p style=\"text-align: justify;\">\n<p> O Estado de S\u00e3o Paulo dedica o dia 09 de julho, \u00e0 mem\u00f3ria da Revolu\u00e7\u00e3o Constitucionalista de 1932. Sem d\u00favida, a data \u00e9 importante.\u00a0 Em primeiro lugar para o Estado de S\u00e3o Paulo,\u00a0 que assim vincula sua hist\u00f3ria \u00e0 Constitui\u00e7\u00e3o, e consolida sua identidade pelo apre\u00e7o \u00e0 Lei Magna, que deve servir de refer\u00eancia indispens\u00e1vel para todos os cidad\u00e3os, e servir de baluarte do ordenamento jur\u00eddico da na\u00e7\u00e3o. <br \/> Sem Constitui\u00e7\u00e3o n\u00e3o se forja uma na\u00e7\u00e3o. <br \/> Nos momentos de crise se revela a import\u00e2ncia do respeito irrestrito \u00e0s normas constitucionais. Caso contr\u00e1rio se instaura a inseguran\u00e7a e se abre caminho para os ditames da irresponsabilidade.\u00a0 <br \/> N\u00e3o h\u00e1 d\u00favida que estamos vivendo um momento de crise. <br \/> \u00c9 ent\u00e3o que a tenta\u00e7\u00e3o de burlar a Constitui\u00e7\u00e3o se infiltra sorrateiramente, assume apar\u00eancias de zelo democr\u00e1tico, e veste a carapu\u00e7a da legalidade para perpetrar seus intentos golpistas. <br \/> E\u00b4 urgente denunciar a trama que est\u00e1 se orquestrando. Por revanchismo eleitoral, ou por motivos de vingan\u00e7as pessoais, alega-se a necessidade de destituir a Presidente Dilma, eleita democraticamente nas \u00faltimas elei\u00e7\u00f5es.\u00a0 <br \/> Junto com a destitui\u00e7\u00e3o da Presidente, salta aos olhos que o intento dos promotores desta manobra \u00e9 eliminar uma proposta pol\u00edtica, boicotando pela raiz sua implementa\u00e7\u00e3o, desacreditando os que a prop\u00f5em.<br \/> Ora, se querem apresentar outra proposta pol\u00edtica, que tomem o caminho da democracia, e busquem a ades\u00e3o dos cidad\u00e3os nas pr\u00f3ximas elei\u00e7\u00f5es, e n\u00e3o fiquem buscando atalhos golpistas. <br \/> E se querem se habilitar a receber a ades\u00e3o eleitoral, que demonstrem responsabilidade diante da situa\u00e7\u00e3o de crise que agora o pa\u00eds est\u00e1 vivendo, e se mostrem capazes de colaborar com sugest\u00f5es que sejam pertinentes. Pois o que importa n\u00e3o \u00e9 conquistar o poder, mas coloc\u00e1-lo a servi\u00e7o do bem comum, sejam quais forem os detentores atuais do poder. <br \/> Por outro lado, vale reiterar a advert\u00eancia ao Poder Judici\u00e1rio: \u00e9 temer\u00e1rio divulgar depoimentos conseguidos por dela\u00e7\u00e3o premiada, sem que tenham sido confrontados com as provas e com o leg\u00edtimo\u00a0 direito de defesa, que deve ser garantido para todos os cidad\u00e3os. Pois divulgar o conte\u00fado da dela\u00e7\u00e3o premiada sem antes passar pela necess\u00e1ria averigua\u00e7\u00e3o, \u00e9 constituir os delatores em acusadores arbitr\u00e1rios, e os acusados em r\u00e9us confessos e desprovidos dos meios de defesa. <br \/> O momento \u00e9 grave, e exige responsabilidade de todos. O crit\u00e9rio para a a\u00e7\u00e3o de cada\u00a0 um, n\u00e3o \u00e9 certamente a disputa\u00a0 pelo poder, ou o uso do poder para conseguir vantagens pessoais. Mas sim o bem comum, que \u00e9 balizado pela Constitui\u00e7\u00e3o, que precisa ser respeitada por todos. <\/p>\n<p><\/p>\n","protected":false},"excerpt":{"rendered":"<p>O Estado de S\u00e3o Paulo dedica o dia 09 de julho, \u00e0 mem\u00f3ria da Revolu\u00e7\u00e3o Constitucionalista de 1932. Sem d\u00favida, a data \u00e9 importante.\u00a0 Em primeiro lugar para o Estado de S\u00e3o Paulo,\u00a0 que assim vincula sua hist\u00f3ria \u00e0 Constitui\u00e7\u00e3o, e consolida sua identidade pelo apre\u00e7o \u00e0 Lei Magna, que deve servir de refer\u00eancia indispens\u00e1vel [&hellip;]<\/p>\n","protected":false},"author":9,"featured_media":0,"comment_status":"closed","ping_status":"closed","sticky":false,"template":"","format":"standard","meta":{"footnotes":""},"categories":[9],"tags":[],"class_list":["post-5982","post","type-post","status-publish","format-standard","hentry","category-artigos"],"_links":{"self":[{"href":"https:\/\/catolicanet.net\/wp-cnet\/wp-json\/wp\/v2\/posts\/5982","targetHints":{"allow":["GET"]}}],"collection":[{"href":"https:\/\/catolicanet.net\/wp-cnet\/wp-json\/wp\/v2\/posts"}],"about":[{"href":"https:\/\/catolicanet.net\/wp-cnet\/wp-json\/wp\/v2\/types\/post"}],"author":[{"embeddable":true,"href":"https:\/\/catolicanet.net\/wp-cnet\/wp-json\/wp\/v2\/users\/9"}],"replies":[{"embeddable":true,"href":"https:\/\/catolicanet.net\/wp-cnet\/wp-json\/wp\/v2\/comments?post=5982"}],"version-history":[{"count":1,"href":"https:\/\/catolicanet.net\/wp-cnet\/wp-json\/wp\/v2\/posts\/5982\/revisions"}],"predecessor-version":[{"id":10847,"href":"https:\/\/catolicanet.net\/wp-cnet\/wp-json\/wp\/v2\/posts\/5982\/revisions\/10847"}],"wp:attachment":[{"href":"https:\/\/catolicanet.net\/wp-cnet\/wp-json\/wp\/v2\/media?parent=5982"}],"wp:term":[{"taxonomy":"category","embeddable":true,"href":"https:\/\/catolicanet.net\/wp-cnet\/wp-json\/wp\/v2\/categories?post=5982"},{"taxonomy":"post_tag","embeddable":true,"href":"https:\/\/catolicanet.net\/wp-cnet\/wp-json\/wp\/v2\/tags?post=5982"}],"curies":[{"name":"wp","href":"https:\/\/api.w.org\/{rel}","templated":true}]}}