{"id":5981,"date":"2015-07-08T19:18:15","date_gmt":"2015-07-08T22:18:15","guid":{"rendered":"http:\/\/catolicanet.net\/wp-cnet\/os-leigos-construtores-do-reino-de-deus-2-o-ministerio-dos-leigos\/"},"modified":"2017-04-10T13:19:21","modified_gmt":"2017-04-10T16:19:21","slug":"os-leigos-construtores-do-reino-de-deus-2-o-ministerio-dos-leigos","status":"publish","type":"post","link":"https:\/\/catolicanet.net\/wp-cnet\/os-leigos-construtores-do-reino-de-deus-2-o-ministerio-dos-leigos\/","title":{"rendered":"Os leigos, construtores do Reino de Deus &#8211; 2 &#8211; O minist\u00e9rio dos leigos"},"content":{"rendered":"<p style=\"text-align: justify;\"><img decoding=\"async\" src=\"http:\/\/catolicanet.com.br\/images\/stories\/geral\/os leigos.jpg\" border=\"0\" align=\"left\" \/>Os leigos necessitam de s\u00f3lida forma\u00e7\u00e3o doutrinal, pastoral e espiritual para dar testemunho de Cristo<\/p>\n<p>Jovens leigos de Portugal na JMJ Creative Commons<br \/>Aleteia oferece aos seus leitores a possibilidade de publicarem seus textos e divulgarem seu site, blog ou perfil em redes sociais, com o fim de ajudar a estender a mais leitores os testemunhos de cat\u00f3licos que amam a Igreja e querem torn\u00e1-la mais conhecida do p\u00fablico. SAIBA MAIS<\/p>\n<p>O leitor Orlando Polidoro Junior nos enviou um artigo, que publicaremos em tr\u00eas partes, sobre os leigos na Igreja, sua voca\u00e7\u00e3o e seu minist\u00e9rio. Voc\u00ea pode conferir outros artigos propostos por ele na sua &#8220;fan page&#8221; Por Cristo, Com Cristo e Em Cristo, no Facebook.<\/p>\n<p>Confira tamb\u00e9m a primeira parte deste artigo na Aleteia.<\/p>\n<p>OS LEIGOS, CONSTRUTORES DO REINO DE DEUS &#8211; 2 &#8211; O MINIST\u00c9RIO DOS LEIGOS<br \/>Orlando Polidoro Junior<\/p>\n<p>Quero lembrar e confirmar que as portas sempre estiveram e continuam abertas para todo fiel que, como povo de Deus, queira participar e evoluir do tr\u00edplice m\u00fanus de Cristo: sacerdotal, prof\u00e9tico e r\u00e9gio (cf. CDC 204), desenvolvendo a miss\u00e3o evangelizadora e caritativa que Jesus Cristo deixou para nossa Igreja atrav\u00e9s dos frutos do Esp\u00edrito Santo.<\/p>\n<p>Os frutos do Esp\u00edrito s\u00e3o perfei\u00e7\u00f5es que o Esp\u00edrito Santo forma em n\u00f3s, como prim\u00edcias da gl\u00f3ria eterna. A tradi\u00e7\u00e3o da Igreja enumera doze: caridade, alegria, paz, paci\u00eancia, bondade, longanimidade, benignidade, mansid\u00e3o, fidelidade, mod\u00e9stia, contin\u00eancia, castidade (Gl 5, 22-23 vulg.); (CIC 1832).<\/p>\n<p>Pelo chamado a um enobrecedor projeto de vida pessoal, sendo instrumento para a constru\u00e7\u00e3o do reino de Deus, todo disc\u00edpulo mission\u00e1rio deve engajar-se ativamente em algum minist\u00e9rio eclesial, ou em obras de a\u00e7\u00f5es sociais. Incorporado mais ativamente \u00e0s obras divinas, ele pode consagrar-se ainda mais a Deus, servindo-O atrav\u00e9s do pr\u00f3ximo em benevolentes a\u00e7\u00f5es de fraternidade, realizadas e reconhecidas em todas as obras dedicadas ao pr\u00f3ximo.<\/p>\n<p>Os leigos, em virtude da sua consagra\u00e7\u00e3o a Cristo e da un\u00e7\u00e3o do Esp\u00edrito Santo, recebem a voca\u00e7\u00e3o admir\u00e1vel e os meios que permitem ao Esp\u00edrito produzir neles frutos cada vez mais abundantes. Assim, todas as suas obras, preces e iniciativas apost\u00f3licas, vida conjugal e familiar, trabalho cotidiano, descanso do corpo e da alma, se praticadas no Esp\u00edrito, e mesmo as prova\u00e7\u00f5es da vida, pacientemente suportadas, se tornam h\u00f3stias espirituais, agrad\u00e1veis a Deus por Jesus Cristo (1Pd 2,5), h\u00f3stias que s\u00e3o piedosamente oferecidas ao Pai com a obla\u00e7\u00e3o da Eucaristia. \u00c9 assim que os leigos consagram a Deus o pr\u00f3prio mundo, prestando a Ele, em toda parte, na santidade de sua vida, um culto de adora\u00e7\u00e3o (CIC 901).<\/p>\n<p>Para o leigo que ainda n\u00e3o conseguiu reconhecer o chamado, vamos nos colocar em ora\u00e7\u00e3o para que este artigo seja uma ponte com o Esp\u00edrito Santo, iluminando o seu cora\u00e7\u00e3o e a sua alma com o amor que Jesus Cristo tanto tem nos ensinado, e assim ele possa sentir a gl\u00f3ria de viver mais incorporado a Ele, em plena comunh\u00e3o com o Seu Corpo que est\u00e1 vivo em nossa Igreja, o qual revela em unidade o sentido universal da salva\u00e7\u00e3o em comunidade (cf. Apostolicam Actuositatem, cap.3,10). Este deve ser nosso maior testemunho de f\u00e9, que nos habilita e nos capacita para enviar muitos irm\u00e3os a um encontro renovador e santificador com as Tr\u00eas Pessoas Divinas do \u00danico Deus.<\/p>\n<p>A fidelidade dos batizados \u00e9 condi\u00e7\u00e3o primordial para o an\u00fancio do Evangelho e para a miss\u00e3o da Igreja no mundo. Para manifestar diante dos homens a sua for\u00e7a de verdade e de irradia\u00e7\u00e3o, a mensagem de salva\u00e7\u00e3o deve ser autenticada pelo testemunho de vida dos crist\u00e3os. \u201cO pr\u00f3prio testemunho da vida crist\u00e3 e as boas obras feitas em esp\u00edrito sobrenatural possuem a for\u00e7a de atrair os homens para a f\u00e9 e para Deus\u201d (CIC 2044).<\/p>\n<p>Com nossos dons e carismas, quando participamos diretamente dentro da estrutura eclesial, come\u00e7amos a nos envolver com irm\u00e3os que j\u00e1 t\u00eam, ou est\u00e3o procurando, um grau maior de espiritualidade, ou seja, ativamente mais enraizados e fortalecidos de conhecimentos do plano de Deus, e que, com isto, conseguem ser bons anunciadores do Seu reino. Com esse tipo de envolvimento, as oportunidades de forma\u00e7\u00e3o (\u201cfides quaerens intellectum\u201d &#8211; f\u00e9 em busca de entendimento, Santo Anselmo), como cursos, palestras, estudos b\u00edblicos, teologia, grupos de ora\u00e7\u00e3o e muitas outras provid\u00eancias divinas, come\u00e7am a surgir em nossas vidas; assim, com sabedoria, entendimento e discernimento, come\u00e7amos a viver mais plenamente o Verdadeiro Amor da Sant\u00edssima Trindade. Um Amor t\u00e3o envolvente e esplendoroso que \u00e9 capaz de iluminar nosso caminho em todas as \u201ccoisas\u201d de Deus, fazendo com que recebamos muitas revela\u00e7\u00f5es do Esp\u00edrito Santo sobre grandes verdades de f\u00e9 e de caridade = AMOR PLENO AO PR\u00d3XIMO.<\/p>\n<p>O amor n\u00e3o pratica o mal contra o pr\u00f3ximo, pois o amor \u00e9 o pleno cumprimento da Lei (Rm 13,10).<\/p>\n<p>Para cumprir sua miss\u00e3o com responsabilidade pessoal, os leigos necessitam de uma s\u00f3lida forma\u00e7\u00e3o doutrinal, pastoral, espiritual e um adequado acompanhamento para darem testemunho de Cristo e dos valores do Reino no \u00e2mbito da vida social, econ\u00f4mica, pol\u00edtica e cultural (Dap. 212).<\/p>\n<p style=\"text-align: justify;\">Fonte: Aleteia<\/p>\n","protected":false},"excerpt":{"rendered":"<p>Os leigos necessitam de s\u00f3lida forma\u00e7\u00e3o doutrinal, pastoral e espiritual para dar testemunho de Cristo Jovens leigos de Portugal na JMJ Creative CommonsAleteia oferece aos seus leitores a possibilidade de publicarem seus textos e divulgarem seu site, blog ou perfil em redes sociais, com o fim de ajudar a estender a mais leitores os testemunhos [&hellip;]<\/p>\n","protected":false},"author":1,"featured_media":0,"comment_status":"closed","ping_status":"closed","sticky":false,"template":"","format":"standard","meta":{"footnotes":""},"categories":[4],"tags":[],"class_list":["post-5981","post","type-post","status-publish","format-standard","hentry","category-cotidiano"],"_links":{"self":[{"href":"https:\/\/catolicanet.net\/wp-cnet\/wp-json\/wp\/v2\/posts\/5981","targetHints":{"allow":["GET"]}}],"collection":[{"href":"https:\/\/catolicanet.net\/wp-cnet\/wp-json\/wp\/v2\/posts"}],"about":[{"href":"https:\/\/catolicanet.net\/wp-cnet\/wp-json\/wp\/v2\/types\/post"}],"author":[{"embeddable":true,"href":"https:\/\/catolicanet.net\/wp-cnet\/wp-json\/wp\/v2\/users\/1"}],"replies":[{"embeddable":true,"href":"https:\/\/catolicanet.net\/wp-cnet\/wp-json\/wp\/v2\/comments?post=5981"}],"version-history":[{"count":1,"href":"https:\/\/catolicanet.net\/wp-cnet\/wp-json\/wp\/v2\/posts\/5981\/revisions"}],"predecessor-version":[{"id":10845,"href":"https:\/\/catolicanet.net\/wp-cnet\/wp-json\/wp\/v2\/posts\/5981\/revisions\/10845"}],"wp:attachment":[{"href":"https:\/\/catolicanet.net\/wp-cnet\/wp-json\/wp\/v2\/media?parent=5981"}],"wp:term":[{"taxonomy":"category","embeddable":true,"href":"https:\/\/catolicanet.net\/wp-cnet\/wp-json\/wp\/v2\/categories?post=5981"},{"taxonomy":"post_tag","embeddable":true,"href":"https:\/\/catolicanet.net\/wp-cnet\/wp-json\/wp\/v2\/tags?post=5981"}],"curies":[{"name":"wp","href":"https:\/\/api.w.org\/{rel}","templated":true}]}}