{"id":59806,"date":"2020-06-07T12:23:12","date_gmt":"2020-06-07T15:23:12","guid":{"rendered":"https:\/\/catolicanet.net\/wp-cnet\/?p=59806"},"modified":"2020-06-07T12:23:13","modified_gmt":"2020-06-07T15:23:13","slug":"entidades-signatarias-do-pacto-pela-vida-e-pelo-brasil-exigem-lucidez-contra-a-covid-19","status":"publish","type":"post","link":"https:\/\/catolicanet.net\/wp-cnet\/entidades-signatarias-do-pacto-pela-vida-e-pelo-brasil-exigem-lucidez-contra-a-covid-19\/","title":{"rendered":"Entidades signat\u00e1rias do Pacto Pela Vida e Pelo Brasil exigem lucidez contra a Covid-19"},"content":{"rendered":"<p style=\"text-align: justify;\">Diante da crise sanit\u00e1ria minimizada por autoridades federais, da inexist\u00eancia de um plano nacional de sa\u00fade e da morosidade para a libera\u00e7\u00e3o de recursos emergenciais, que inclusive fa\u00e7am chegar aux\u00edlio e cuidados aos mais vulner\u00e1veis, as entidades signat\u00e1rias do Pacto pela Vida e pelo Brasil, lan\u00e7ado dia 7 de abril deste ano, publicaram nota na tarde de hoje, 5 de junho, na qual reafirmam\u00a0 que a luta contra a pandemia precisa continuar \u201capoiada na melhor ci\u00eancia e condicionada pelos princ\u00edpios fundamentais da dignidade humana e da prote\u00e7\u00e3o da vida\u201d.<\/p>\n<p style=\"text-align: justify;\">No documento, as entidades se solidarizam com as fam\u00edlias das v\u00edtimas da Covid-19 \u2013 a pandemia que j\u00e1 causou a morte de dezenas de milhares de brasileiros e j\u00e1 tem bem mais de meio milh\u00e3o de infectados. As organiza\u00e7\u00f5es advertem que\u00a0 n\u00e3o se deve cair na armadilha de grupos extremados, cujo \u00fanico objetivo \u00e9 o de provocar confrontos, gerando instabilidade e comprometendo a cidadania.<\/p>\n<blockquote><p><em>O desejo cidad\u00e3o de flexibilizar o isolamento social para sair \u00e0s ruas em defesa da<\/em><br \/>\n<em>democracia e da Constitui\u00e7\u00e3o n\u00e3o pode ser realizado agora, considerando-se os riscos<\/em><br \/>\n<em>de contamina\u00e7\u00e3o. \u00c9 uma atitude leg\u00edtima diante do discurso autorit\u00e1rio que se alastra<\/em><br \/>\n<em>pelo pa\u00eds, em momento t\u00e3o grave. Por\u00e9m, com lucidez, n\u00e3o se deve cair na armadilha<\/em><br \/>\n<em>de grupos extremados, cujo \u00fanico objetivo \u00e9 o de provocar confrontos, gerando<\/em><br \/>\n<em>instabilidade e comprometendo a cidadania.<\/em><\/p><\/blockquote>\n<p style=\"text-align: justify;\">As entidades consideram fundamental, neste momento, manter o distanciamento social recomendado pela OMS; a partir das nossas casas, fortalecer a uni\u00e3o de todos os brasileiros no combate \u00e0 Covid-19 e na defesa das nossas institui\u00e7\u00f5es; cobrar o fortalecimento do SUS e a ajuda emergencial aos necessitados; e exigir rigor e transpar\u00eancia na divulga\u00e7\u00e3o de dados sobre a evolu\u00e7\u00e3o da pandemia no Brasil.<\/p>\n<p style=\"text-align: justify;\">Conhe\u00e7a a \u00edntegra aqui:\u00a0<a href=\"https:\/\/www.cnbb.org.br\/wp-content\/uploads\/sites\/32\/2020\/06\/NOTA_Unidos-solida%CC%81rios-e-mobilizados-05062020.pdf.pdf\"><strong>Nota Unidos, Solid\u00e1rios e Mobilizados<\/strong><\/a><\/p>\n<p style=\"text-align: justify;\">Sabia mais sobre o Pacto pela Vida e Pelo Brasil<\/p>\n<blockquote class=\"wp-embedded-content\"><p><a href=\"https:\/\/www.cnbb.org.br\/no-dia-mundial-da-saude-cnbb-assina-pacto-pela-vida-e-pelo-brasil\/\">CNBB une-se a cinco organiza\u00e7\u00f5es da sociedade civil e assina pacto pela vida e pelo Brasil<\/a><\/p><\/blockquote>\n<p><iframe loading=\"lazy\" class=\"wp-embedded-content\" src=\"https:\/\/www.cnbb.org.br\/no-dia-mundial-da-saude-cnbb-assina-pacto-pela-vida-e-pelo-brasil\/embed\/#?secret=LeueqteAC6#?secret=zwj40svkfx\" width=\"600\" height=\"488\" frameborder=\"0\" data-secret=\"zwj40svkfx\" data-mce-fragment=\"1\"><\/iframe><\/p>\n","protected":false},"excerpt":{"rendered":"<p>Diante da crise sanit\u00e1ria minimizada por autoridades federais, da inexist\u00eancia de um plano nacional de sa\u00fade e da morosidade para a libera\u00e7\u00e3o de recursos emergenciais, que inclusive fa\u00e7am chegar aux\u00edlio e cuidados aos mais vulner\u00e1veis, as entidades signat\u00e1rias do Pacto pela Vida e pelo Brasil, lan\u00e7ado dia 7 de abril deste ano, publicaram nota na [&hellip;]<\/p>\n","protected":false},"author":1,"featured_media":59807,"comment_status":"open","ping_status":"closed","sticky":false,"template":"","format":"standard","meta":{"footnotes":""},"categories":[7,13],"tags":[],"class_list":["post-59806","post","type-post","status-publish","format-standard","has-post-thumbnail","hentry","category-cnbb","category-featured"],"_links":{"self":[{"href":"https:\/\/catolicanet.net\/wp-cnet\/wp-json\/wp\/v2\/posts\/59806","targetHints":{"allow":["GET"]}}],"collection":[{"href":"https:\/\/catolicanet.net\/wp-cnet\/wp-json\/wp\/v2\/posts"}],"about":[{"href":"https:\/\/catolicanet.net\/wp-cnet\/wp-json\/wp\/v2\/types\/post"}],"author":[{"embeddable":true,"href":"https:\/\/catolicanet.net\/wp-cnet\/wp-json\/wp\/v2\/users\/1"}],"replies":[{"embeddable":true,"href":"https:\/\/catolicanet.net\/wp-cnet\/wp-json\/wp\/v2\/comments?post=59806"}],"version-history":[{"count":1,"href":"https:\/\/catolicanet.net\/wp-cnet\/wp-json\/wp\/v2\/posts\/59806\/revisions"}],"predecessor-version":[{"id":59808,"href":"https:\/\/catolicanet.net\/wp-cnet\/wp-json\/wp\/v2\/posts\/59806\/revisions\/59808"}],"wp:featuredmedia":[{"embeddable":true,"href":"https:\/\/catolicanet.net\/wp-cnet\/wp-json\/wp\/v2\/media\/59807"}],"wp:attachment":[{"href":"https:\/\/catolicanet.net\/wp-cnet\/wp-json\/wp\/v2\/media?parent=59806"}],"wp:term":[{"taxonomy":"category","embeddable":true,"href":"https:\/\/catolicanet.net\/wp-cnet\/wp-json\/wp\/v2\/categories?post=59806"},{"taxonomy":"post_tag","embeddable":true,"href":"https:\/\/catolicanet.net\/wp-cnet\/wp-json\/wp\/v2\/tags?post=59806"}],"curies":[{"name":"wp","href":"https:\/\/api.w.org\/{rel}","templated":true}]}}