{"id":59788,"date":"2020-06-06T12:09:38","date_gmt":"2020-06-06T15:09:38","guid":{"rendered":"https:\/\/catolicanet.net\/wp-cnet\/?p=59788"},"modified":"2020-06-07T12:10:28","modified_gmt":"2020-06-07T15:10:28","slug":"gloria-a-trindade","status":"publish","type":"post","link":"https:\/\/catolicanet.net\/wp-cnet\/gloria-a-trindade\/","title":{"rendered":"Gl\u00f3ria \u00e0 Trindade"},"content":{"rendered":"<p style=\"text-align: justify;\">No domingo passado, com a solenidade de Pentecostes, conclu\u00edmos o Tempo Pascal. Mas a celebra\u00e7\u00e3o da P\u00e1scoa continua presente em nosso meio a cada Eucaristia que celebramos, pois, este mist\u00e9rio \u00e9 o centro de nossa vida de f\u00e9. O Senhor Jesus, Verbo que se fez carne, rosto humano de Deus, veio morar no meio de n\u00f3s, deu a vida por todos n\u00f3s, ressuscitando ao terceiro dia, est\u00e1 vivo no meio de n\u00f3s. Hoje est\u00e1 \u00e0 direita do Pai, donde h\u00e1 de ir para julgar vivos e mortos e temos seu Esp\u00edrito que est\u00e1 no meio de n\u00f3s.<\/p>\n<p style=\"text-align: justify;\">O mist\u00e9rio Pascal permanece no meio de n\u00f3s! Quando retiramos o C\u00edrio Pascal do altar e o colocamos no batist\u00e9rio, simbolizamos que esta luz de Cristo permanece iluminando e produzindo a vida nova em meio aos homens. Essa presen\u00e7a no meio de n\u00f3s \u00e9 tamb\u00e9m uma grande responsabilidade, j\u00e1 que somos chamados a ser continuadores da a\u00e7\u00e3o de Cristo, que passou pelo mundo fazendo o bem, em meio aos homens.<\/p>\n<p style=\"text-align: justify;\">Na segunda-feira passada, retomamos o Tempo Comum. Continuamos a sequ\u00eancia das 34 semanas para celebrar a totalidade do mist\u00e9rio de Cristo em seus variados aspectos. Na pr\u00f3xima quinta celebraremos a festa de Corpus Christi, que devido \u00e0s atuais circunst\u00e2ncias ser\u00e1 celebrada sem a presen\u00e7a do povo, mas sempre com o devido fervor e rever\u00eancia ao Sant\u00edssimo Sacramento. Tantos dons e tantas gra\u00e7as que somos chamados a viver, a aprofundar e a cada vez mais crescer na f\u00e9.<\/p>\n<p style=\"text-align: justify;\">Neste Domingo, celebramos o \u00e1pice da Revela\u00e7\u00e3o. Vamos celebrar o mist\u00e9rio de Deus que se revela a si mesmo, na solenidade da Sant\u00edssima Trindade. Deus que se revela a Mois\u00e9s da Sar\u00e7a Ardente como Aquele que \u00c9 e Cristo que, no Novo Testamento, revela o rosto do Pai e nos envia o seu Esp\u00edrito, mostrando a realidade de um s\u00f3 Deus e tr\u00eas pessoas distintas. Grande mist\u00e9rio que escapa e supera a capacidade da intelig\u00eancia humana marcada pela observa\u00e7\u00e3o das coisas no espa\u00e7o e no tempo. Um Deus \u00fanico, mas que \u00e9 comunh\u00e3o de Pessoas! Aceitamos este mist\u00e9rio como dom de f\u00e9, como grande realidade que nos foi confiada. A palavra humana pode s\u00f3 balbuciar coisas em rela\u00e7\u00e3o \u00e0 grandeza do que celebramos sobre o mist\u00e9rio de Deus. Vamos celebrar o mist\u00e9rio desse Deus de quem fomos criados \u00e0 Imagem e Semelhan\u00e7a, Deus \u00fanico e Trinit\u00e1rio. Nossa humanidade est\u00e1 inserida, com Cristo, no meio da Trindade. Cristo \u00e9 o \u00danico Mediador que une os homens a Deus e Deus aos homens.<\/p>\n<p style=\"text-align: justify;\">Nossa vida est\u00e1 escondida com Cristo em Deus, como nos recorda S\u00e3o Paulo. Existe em nosso cora\u00e7\u00e3o este desejo de comunh\u00e3o e de unidade porque fomos criados \u00e0 Imagem e Semelhan\u00e7a de Deus que \u00e9 Comunh\u00e3o. Seja da forma que for que estejamos celebrando a Liturgia neste final de semana, que estejamos aprofundando essa realidade da nossa imers\u00e3o no mist\u00e9rio de Deus e a import\u00e2ncia de nossa f\u00e9 Trinit\u00e1ria. Pe\u00e7amos o dom da f\u00e9 e o dom de podermos acolher o mist\u00e9rio de Deus que nos foi revelado.<\/p>\n<p style=\"text-align: justify;\">A Liturgia desta solenidade nos manifesta este Deus que \u00e9 \u00danico e Trindade de Pessoas. Na carta de S\u00e3o Paulo aos Cor\u00edntios (2Cor 13,11-13), segunda leitura deste domingo, Paulo manifesta claramente a exist\u00eancia de tr\u00eas pessoas distintas no mist\u00e9rio de um s\u00f3 Deus: \u201c<em>irm\u00e3os: Alegrai-vos, trabalhai no vosso aperfei\u00e7oamento, encorajai-vos, cultivai a conc\u00f3rdia, vivei em paz, e o Deus do amor e da paz estar\u00e1 convosco. Saudai-vos uns aos outros com o beijo santo. Todos os santos vos sa\u00fadam. A gra\u00e7a do Senhor Jesus Cristo, o amor de Deus e a comunh\u00e3o do Esp\u00edrito Santo estejam com todos v\u00f3s.<\/em>\u201d S\u00e3o Paulo \u00e9 expl\u00edcito em anunciar que a presen\u00e7a da Gra\u00e7a em nossas vidas se d\u00e1 de maneira Trinit\u00e1ria! Deus que foi revelado como \u00fanico no Antigo Trino no Novo Testamento, segue manifestando a grandeza deste mist\u00e9rio atrav\u00e9s da vida da Igreja orante. Por isso, a solenidade deste grande mist\u00e9rio \u00e9 um grande momento dentro da nossa liturgia.<\/p>\n<p style=\"text-align: justify;\">Na Leitura do Evangelho deste final de semana, (Jo 3,16-18), assim lemos: \u201c<em>Deus amou tanto o mundo, que deu o seu Filho unig\u00eanito, para que n\u00e3o morra todo o que nele crer, mas tenha a vida eterna. De fato, Deus n\u00e3o enviou o seu Filho ao mundo para condenar o mundo, mas para que o mundo seja salvo por ele. Quem nele cr\u00ea, n\u00e3o \u00e9 condenado, mas quem n\u00e3o cr\u00ea, j\u00e1 est\u00e1 condenado, porque n\u00e3o acreditou no nome do Filho unig\u00eanito.\u201d <\/em>\u00a0O Envio do Filho pelo Pai por meio do Esp\u00edrito \u00e9 o que vai ser manifesto na proclama\u00e7\u00e3o deste Evangelho, para que assim tenhamos vida e vida em abund\u00e2ncia.<\/p>\n<p style=\"text-align: justify;\">Na primeira leitura da missa deste domingo (\u00cax 34,4b-6.8-9), Deus se revela a Moises no Monte Sinai: <em>Naqueles dias: Mois\u00e9s levantou-se, quando ainda era noite, e subiu ao monte Sinai, como o Senhor lhe havia mandado, levando consigo as duas t\u00e1buas de pedra. Senhor desceu na nuvem e permaneceu com Mois\u00e9s, e este invocou o nome do Senhor. Enquanto o Senhor passava diante dele, Mois\u00e9s gritou: \u201cSenhor, Senhor! Deus misericordioso e clemente, paciente, rico em bondade e fiel\u201d. Imediatamente, Mois\u00e9s curvou-se at\u00e9 o ch\u00e3o 9e, prostrado por terra, disse: \u201cSenhor, se \u00e9 verdade que gozo de teu favor, pe\u00e7o-te, caminha conosco; embora este seja um povo de cabe\u00e7a dura, perdoa nossas culpas e nossos pecados e acolhe-nos como propriedade tua\u201d.<\/em> Deus \u00e9 pr\u00f3ximo ao seu povo, caminha conosco. Essa grande realidade \u00e9 manifesta no Antigo testamento e que vai ser aprofundada no Novo e na vida da Igreja.<\/p>\n<p style=\"text-align: justify;\">Portanto, a palavra deste Domingo nos convida a olhar cada vez mais para este Mist\u00e9rio da Trindade e pedirmos o dom da f\u00e9, e pedir tamb\u00e9m mais ao Senhor que nos conceda a consci\u00eancia de que somos criados \u00e0 Imagem e Semelhan\u00e7a deste Deus que \u00e9 Trindade. Cultivemos a unidade e a fraternidade em meio a este mundo, partilhando a Luz que vem do Senhor. Que possamos anunciar este amor de Deus que \u00e9 pr\u00f3ximo das pessoas. Que sejamos sinais de esperan\u00e7a em meio ao mundo, pois Deus caminha conosco.<\/p>\n","protected":false},"excerpt":{"rendered":"<p>No domingo passado, com a solenidade de Pentecostes, conclu\u00edmos o Tempo Pascal. Mas a celebra\u00e7\u00e3o da P\u00e1scoa continua presente em nosso meio a cada Eucaristia que celebramos, pois, este mist\u00e9rio \u00e9 o centro de nossa vida de f\u00e9. O Senhor Jesus, Verbo que se fez carne, rosto humano de Deus, veio morar no meio de [&hellip;]<\/p>\n","protected":false},"author":5,"featured_media":55819,"comment_status":"open","ping_status":"closed","sticky":false,"template":"","format":"standard","meta":{"footnotes":""},"categories":[9],"tags":[],"class_list":["post-59788","post","type-post","status-publish","format-standard","has-post-thumbnail","hentry","category-artigos"],"_links":{"self":[{"href":"https:\/\/catolicanet.net\/wp-cnet\/wp-json\/wp\/v2\/posts\/59788","targetHints":{"allow":["GET"]}}],"collection":[{"href":"https:\/\/catolicanet.net\/wp-cnet\/wp-json\/wp\/v2\/posts"}],"about":[{"href":"https:\/\/catolicanet.net\/wp-cnet\/wp-json\/wp\/v2\/types\/post"}],"author":[{"embeddable":true,"href":"https:\/\/catolicanet.net\/wp-cnet\/wp-json\/wp\/v2\/users\/5"}],"replies":[{"embeddable":true,"href":"https:\/\/catolicanet.net\/wp-cnet\/wp-json\/wp\/v2\/comments?post=59788"}],"version-history":[{"count":1,"href":"https:\/\/catolicanet.net\/wp-cnet\/wp-json\/wp\/v2\/posts\/59788\/revisions"}],"predecessor-version":[{"id":59789,"href":"https:\/\/catolicanet.net\/wp-cnet\/wp-json\/wp\/v2\/posts\/59788\/revisions\/59789"}],"wp:featuredmedia":[{"embeddable":true,"href":"https:\/\/catolicanet.net\/wp-cnet\/wp-json\/wp\/v2\/media\/55819"}],"wp:attachment":[{"href":"https:\/\/catolicanet.net\/wp-cnet\/wp-json\/wp\/v2\/media?parent=59788"}],"wp:term":[{"taxonomy":"category","embeddable":true,"href":"https:\/\/catolicanet.net\/wp-cnet\/wp-json\/wp\/v2\/categories?post=59788"},{"taxonomy":"post_tag","embeddable":true,"href":"https:\/\/catolicanet.net\/wp-cnet\/wp-json\/wp\/v2\/tags?post=59788"}],"curies":[{"name":"wp","href":"https:\/\/api.w.org\/{rel}","templated":true}]}}