{"id":59774,"date":"2020-06-05T11:15:52","date_gmt":"2020-06-05T14:15:52","guid":{"rendered":"https:\/\/catolicanet.net\/wp-cnet\/?p=59774"},"modified":"2020-06-05T16:17:06","modified_gmt":"2020-06-05T19:17:06","slug":"hoje-live-com-os-padres-zezinho-joao-carlos-e-ezequiel-dal-pozzo-no-youtube-da-cnbb","status":"publish","type":"post","link":"https:\/\/catolicanet.net\/wp-cnet\/hoje-live-com-os-padres-zezinho-joao-carlos-e-ezequiel-dal-pozzo-no-youtube-da-cnbb\/","title":{"rendered":"Hoje: Live com os padres Zezinho, Jo\u00e3o Carlos e Ezequiel Dal Pozzo no Youtube da CNBB"},"content":{"rendered":"<p style=\"text-align: justify;\">Nesta sexta, a partir das 19h, os fi\u00e9is cat\u00f3licos poder\u00e3o acompanhar um momento de m\u00fasica e ora\u00e7\u00e3o nos canais da Confer\u00eancia Nacional dos Bispos do Brasil (CNBB) e da Associa\u00e7\u00e3o Nacional de Educa\u00e7\u00e3o Cat\u00f3lica (Anec) no Youtube. A partir das 19h, ser\u00e1 transmitida a primeira edi\u00e7\u00e3o da\u00a0<em><strong>Live da Esperan\u00e7a e Solidariedade<\/strong><\/em>. Padre Zezinho, Padre Jo\u00e3o Carlos e Padre Ezequiel Dal Pozzo estar\u00e3o ao vivo trazendo uma programa\u00e7\u00e3o com m\u00fasica e ora\u00e7\u00e3o. A apresenta\u00e7\u00e3o fica por conta de Marcus Tullius, coordenador nacional da Pastoral da Comunica\u00e7\u00e3o e apresentador da TV Pai Eterno.<\/p>\n<p style=\"text-align: justify;\">Na \u00faltima ter\u00e7a-feira, padre Zezinho gravou um v\u00eddeo confirmando sua presen\u00e7a na Live da Esperan\u00e7a e da Solidariedade, que ter\u00e1 \u201cFam\u00edlia\u201d como tema. Veja:<\/p>\n<p style=\"text-align: justify;\"><iframe loading=\"lazy\" src=\"https:\/\/www.youtube.com\/embed\/U0BMbKAd0fg?feature=oembed\" width=\"900\" height=\"506\" frameborder=\"0\" allowfullscreen=\"allowfullscreen\" data-mce-fragment=\"1\"><\/iframe><\/p>\n<p style=\"text-align: justify;\">\n<p style=\"text-align: justify;\">O evento organizado pela Anec em parceria com a CNBB, a Confer\u00eancia dos Religiosos do Brasil (CRB), a SIGNIS Brasil, a C\u00e1ritas Brasileira, o Movimento de Educa\u00e7\u00e3o de Base (MEB) e as Editoras Cat\u00f3licas tem como objetivo proporcionar um \u201cagrad\u00e1vel momento de m\u00fasica e reflex\u00e3o\u201d, durante o per\u00edodo de isolamento social, motivando a generosidade das pessoas, inclusive com arrecada\u00e7\u00e3o de alimentos para fam\u00edlias em situa\u00e7\u00e3o de vulnerabilidade social que est\u00e3o sendo afetadas pela Covid-19.<\/p>\n<h3 style=\"text-align: justify;\">Colabora\u00e7\u00e3o<\/h3>\n<p style=\"text-align: justify;\">As lives da \u201cEsperan\u00e7a e da Solidariedade \u2013 ficar em casa e fazer a diferen\u00e7a!\u201d contam com a colabora\u00e7\u00e3o de um grupo de editoras cat\u00f3licas: Editora Ave-Maria, Can\u00e7\u00e3o Nova Editora, Editora Santu\u00e1rio, Editora Edeb\u00ea, Edi\u00e7\u00f5es CNBB, Edi\u00e7\u00f5es Loyola, FTD Educa\u00e7\u00e3o, Paulinas Editora, Paulus Editora, Editora Vozes, Editora Ideias e Letras, Editora Bom Jesus e SM Educa\u00e7\u00e3o.<\/p>\n<h3 style=\"text-align: justify;\">Programa\u00e7\u00e3o<\/h3>\n<p style=\"text-align: justify;\"><em>As transmiss\u00f5es ser\u00e3o sempre pelos canais no Youtube da ANEC (@anecbrasil) e da CNBB (@cnbboficial).<\/em><\/p>\n<p style=\"text-align: justify;\">As atra\u00e7\u00f5es das lives das pr\u00f3ximas semanas ser\u00e3o as seguintes:<\/p>\n<p style=\"text-align: justify;\"><strong>12 de junho<\/strong><br \/>\nTema \u201c<em><strong>Globalizar a Esperan\u00e7a<\/strong><\/em>\u201d<br \/>\nConvidados:\u00a0<em>dupla \u00c1lvaro e Daniel e Eliana Ribeiro<\/em><\/p>\n<p style=\"text-align: justify;\"><strong>19 de junho<\/strong><br \/>\nTema \u201c<em><strong>Aldeia que Educa<\/strong><\/em>\u201d<br \/>\nConvidados:\u00a0<em>Adriana Arydes, Elba Ramalho e Pe. F\u00e1bio de Melo<\/em><\/p>\n<p style=\"text-align: justify;\"><strong>26 de junho<\/strong><br \/>\nTema \u201c<em><strong>Di\u00e1logo e Paz<\/strong><\/em>\u201d<br \/>\nConvidados:\u00a0<em>Pe. Reginaldo Manzotti e Cantores de Deus<\/em><\/p>\n","protected":false},"excerpt":{"rendered":"<p>Nesta sexta, a partir das 19h, os fi\u00e9is cat\u00f3licos poder\u00e3o acompanhar um momento de m\u00fasica e ora\u00e7\u00e3o nos canais da Confer\u00eancia Nacional dos Bispos do Brasil (CNBB) e da Associa\u00e7\u00e3o Nacional de Educa\u00e7\u00e3o Cat\u00f3lica (Anec) no Youtube. A partir das 19h, ser\u00e1 transmitida a primeira edi\u00e7\u00e3o da\u00a0Live da Esperan\u00e7a e Solidariedade. Padre Zezinho, Padre Jo\u00e3o [&hellip;]<\/p>\n","protected":false},"author":1,"featured_media":59775,"comment_status":"open","ping_status":"closed","sticky":false,"template":"","format":"standard","meta":{"footnotes":""},"categories":[7],"tags":[],"class_list":["post-59774","post","type-post","status-publish","format-standard","has-post-thumbnail","hentry","category-cnbb"],"_links":{"self":[{"href":"https:\/\/catolicanet.net\/wp-cnet\/wp-json\/wp\/v2\/posts\/59774","targetHints":{"allow":["GET"]}}],"collection":[{"href":"https:\/\/catolicanet.net\/wp-cnet\/wp-json\/wp\/v2\/posts"}],"about":[{"href":"https:\/\/catolicanet.net\/wp-cnet\/wp-json\/wp\/v2\/types\/post"}],"author":[{"embeddable":true,"href":"https:\/\/catolicanet.net\/wp-cnet\/wp-json\/wp\/v2\/users\/1"}],"replies":[{"embeddable":true,"href":"https:\/\/catolicanet.net\/wp-cnet\/wp-json\/wp\/v2\/comments?post=59774"}],"version-history":[{"count":1,"href":"https:\/\/catolicanet.net\/wp-cnet\/wp-json\/wp\/v2\/posts\/59774\/revisions"}],"predecessor-version":[{"id":59776,"href":"https:\/\/catolicanet.net\/wp-cnet\/wp-json\/wp\/v2\/posts\/59774\/revisions\/59776"}],"wp:featuredmedia":[{"embeddable":true,"href":"https:\/\/catolicanet.net\/wp-cnet\/wp-json\/wp\/v2\/media\/59775"}],"wp:attachment":[{"href":"https:\/\/catolicanet.net\/wp-cnet\/wp-json\/wp\/v2\/media?parent=59774"}],"wp:term":[{"taxonomy":"category","embeddable":true,"href":"https:\/\/catolicanet.net\/wp-cnet\/wp-json\/wp\/v2\/categories?post=59774"},{"taxonomy":"post_tag","embeddable":true,"href":"https:\/\/catolicanet.net\/wp-cnet\/wp-json\/wp\/v2\/tags?post=59774"}],"curies":[{"name":"wp","href":"https:\/\/api.w.org\/{rel}","templated":true}]}}